{"id":2258,"date":"2020-09-12T19:19:12","date_gmt":"2020-09-12T17:19:12","guid":{"rendered":"http:\/\/www.vnucka.sk\/?p=2258"},"modified":"2020-09-12T19:19:17","modified_gmt":"2020-09-12T17:19:17","slug":"ako-vnucka-relaxuje","status":"publish","type":"post","link":"http:\/\/www.vnucka.sk\/index.php\/2020\/09\/12\/ako-vnucka-relaxuje\/","title":{"rendered":"Ako vnu\u010dka relaxuje"},"content":{"rendered":"\n<figure class=\"wp-block-image size-large\"><img data-attachment-id=\"2259\" data-permalink=\"http:\/\/www.vnucka.sk\/index.php\/2020\/09\/12\/ako-vnucka-relaxuje\/spanivaskovicovou\/\" data-orig-file=\"http:\/\/www.vnucka.sk\/wp-content\/uploads\/2020\/09\/spanivaskovicovou.jpg\" data-orig-size=\"891,547\" data-comments-opened=\"0\" data-image-meta=\"{&quot;aperture&quot;:&quot;0&quot;,&quot;credit&quot;:&quot;&quot;,&quot;camera&quot;:&quot;&quot;,&quot;caption&quot;:&quot;&quot;,&quot;created_timestamp&quot;:&quot;0&quot;,&quot;copyright&quot;:&quot;&quot;,&quot;focal_length&quot;:&quot;0&quot;,&quot;iso&quot;:&quot;0&quot;,&quot;shutter_speed&quot;:&quot;0&quot;,&quot;title&quot;:&quot;&quot;,&quot;orientation&quot;:&quot;0&quot;}\" data-image-title=\"spanivaskovicovou\" data-image-description=\"\" data-image-caption=\"\" data-medium-file=\"http:\/\/www.vnucka.sk\/wp-content\/uploads\/2020\/09\/spanivaskovicovou-300x184.jpg\" data-large-file=\"http:\/\/www.vnucka.sk\/wp-content\/uploads\/2020\/09\/spanivaskovicovou.jpg\" loading=\"lazy\" width=\"891\" height=\"547\" src=\"http:\/\/www.vnucka.sk\/wp-content\/uploads\/2020\/09\/spanivaskovicovou.jpg\" alt=\"\" class=\"wp-image-2259\" srcset=\"http:\/\/www.vnucka.sk\/wp-content\/uploads\/2020\/09\/spanivaskovicovou.jpg 891w, http:\/\/www.vnucka.sk\/wp-content\/uploads\/2020\/09\/spanivaskovicovou-300x184.jpg 300w, http:\/\/www.vnucka.sk\/wp-content\/uploads\/2020\/09\/spanivaskovicovou-768x471.jpg 768w, http:\/\/www.vnucka.sk\/wp-content\/uploads\/2020\/09\/spanivaskovicovou-100x61.jpg 100w, http:\/\/www.vnucka.sk\/wp-content\/uploads\/2020\/09\/spanivaskovicovou-150x92.jpg 150w, http:\/\/www.vnucka.sk\/wp-content\/uploads\/2020\/09\/spanivaskovicovou-200x123.jpg 200w, http:\/\/www.vnucka.sk\/wp-content\/uploads\/2020\/09\/spanivaskovicovou-450x276.jpg 450w, http:\/\/www.vnucka.sk\/wp-content\/uploads\/2020\/09\/spanivaskovicovou-600x368.jpg 600w\" sizes=\"(max-width: 891px) 100vw, 891px\" \/><\/figure>\n\n\n\n<figure class=\"wp-block-embed-youtube wp-block-embed is-type-video is-provider-youtube wp-embed-aspect-16-9 wp-has-aspect-ratio\"><div class=\"wp-block-embed__wrapper\">\n<span class=\"embed-youtube\" style=\"text-align:center; display: block;\"><iframe loading=\"lazy\" class=\"youtube-player\" width=\"605\" height=\"341\" src=\"https:\/\/www.youtube.com\/embed\/4gTDc8EqXtc?version=3&#038;rel=1&#038;showsearch=0&#038;showinfo=1&#038;iv_load_policy=1&#038;fs=1&#038;hl=sk-SK&#038;autohide=2&#038;wmode=transparent\" allowfullscreen=\"true\" style=\"border:0;\" sandbox=\"allow-scripts allow-same-origin allow-popups allow-presentation\"><\/iframe><\/span>\n<\/div><\/figure>\n\n\n\n<p>Od roku 2018 patr\u00edm do ve\u013ekej rodiny ocenen\u00fdch osobnost\u00ed prest\u00ed\u017enym Kri\u0161t\u00e1\u013eov\u00fdm kr\u00eddlom a som na to nesmierne hrd\u00e1. Pozvanie od pani M\u00e1rie Va\u0161kovi\u010dovej &#8211; autorky tohoto najprest\u00ed\u017enej\u0161ieho spolo\u010densk\u00e9ho podujatia v na\u0161ej krajine, z\u00fa\u010dastni\u0165 sa neform\u00e1lneho piatkov\u00e9ho stretnutia v pr\u00edjemnom prostred\u00ed Pie\u0161\u0165ansk\u00e9ho HS centrum, sa neodmieta. \u010eakujem za n\u00e1dherne str\u00e1ven\u00fd de\u0148, neskuto\u010dne som si odd\u00fdchla a stretla op\u00e4\u0165 mnoho priate\u013eov s ktor\u00fdmi sme sa dlho nevideli. Dokonca som sa ocitla na palube takmer 6 metrov dlh\u00e9ho a 8 valcov\u00e9ho Cadillacu z roku 1951, v ktorom sme ponah\u00e1\u0148ali vietor vo vlasoch so sympatick\u00fdm Jankom Hor\u0148\u00e1kom &#8211; majite\u013eom bur\u00e1caj\u00faceho motora &#8222;pravej ameriky&#8220;, nad ktor\u00fdm je ob\u00fdva\u010dka na koles\u00e1ch. Z\u00e1\u017eitok z jazdy sa slovami vyjadri\u0165 ned\u00e1 a varujem v\u0161etk\u00fdch &#8211; je to prudko n\u00e1vykov\u00e9! &#x1f609;<br><div id=\"polls-37\" class=\"wp-polls\">\n\t<form id=\"polls_form_37\" class=\"wp-polls-form\" action=\"\/index.php\" method=\"post\">\n\t\t<p style=\"display: none;\"><input type=\"hidden\" id=\"poll_37_nonce\" name=\"wp-polls-nonce\" value=\"42ac317679\" \/><\/p>\n\t\t<p style=\"display: none;\"><input type=\"hidden\" name=\"poll_id\" value=\"37\" \/><\/p>\n\t\t<p style=\"text-align: center\"><strong>Hodnotenie pr\u00edspevku :<\/strong><\/p><div id=\"polls-37-ans\" class=\"wp-polls-ans\"><ul class=\"wp-polls-ul\">\n\t\t<li><input type=\"radio\" id=\"poll-answer-113\" name=\"poll_37\" value=\"113\" \/> <label for=\"poll-answer-113\">\u00da\u017easn\u00fd obsah, pros\u00edm viac tak\u00fdch<\/label><\/li>\n\t\t<li><input type=\"radio\" id=\"poll-answer-114\" name=\"poll_37\" value=\"114\" \/> <label for=\"poll-answer-114\">V pohode ako relax na odreagovanie<\/label><\/li>\n\t\t<li><input type=\"radio\" id=\"poll-answer-115\" name=\"poll_37\" value=\"115\" \/> <label for=\"poll-answer-115\">Pr\u00edjemn\u00fd \u0161tandard, mo\u017eno trochu o\u017eivi\u0165<\/label><\/li>\n\t\t<\/ul>\r\n<p style=\"text-align: center\"><input type=\"button\" name=\"Hlasova\u0165\/Vote\" value=\"   Hlasova\u0165\/Vote   \" class=\"Buttons\" onclick=\"poll_vote(37);\" \/><\/p>\r\n<p style=\"text-align: center\"><a href=\"#ViewPollResults\" onclick=\"poll_result(37); return false;\" title=\"View Results Of This Poll\">Zobrazi\u0165 v\u00fdsledky\/Results<\/a><\/p>\r\n<\/div>\n\t<\/form>\n<\/div>\n<div id=\"polls-37-loading\" class=\"wp-polls-loading\"><img src=\"http:\/\/www.vnucka.sk\/wp-content\/plugins\/wp-polls\/images\/loading.gif\" width=\"16\" height=\"16\" alt=\"Loading ...\" title=\"Loading ...\" class=\"wp-polls-image\" \/>&nbsp;Loading ...<\/div>\n<\/p>\n","protected":false},"excerpt":{"rendered":"<p>Od roku 2018 patr\u00edm do ve\u013ekej rodiny ocenen\u00fdch osobnost\u00ed prest\u00ed\u017enym Kri\u0161t\u00e1\u013eov\u00fdm kr\u00eddlom a som na to nesmierne hrd\u00e1. Pozvanie od pani M\u00e1rie Va\u0161kovi\u010dovej &#8211; autorky tohoto najprest\u00ed\u017enej\u0161ieho spolo\u010densk\u00e9ho podujatia v na\u0161ej krajine, z\u00fa\u010dastni\u0165 sa neform\u00e1lneho piatkov\u00e9ho stretnutia v pr\u00edjemnom prostred\u00ed &hellip;<\/p>\n<p class=\"read-more\"> <a class=\"\" href=\"http:\/\/www.vnucka.sk\/index.php\/2020\/09\/12\/ako-vnucka-relaxuje\/\"> <span class=\"screen-reader-text\">Ako vnu\u010dka relaxuje<\/span> Read More &raquo;<\/a><\/p>\n","protected":false},"author":1,"featured_media":0,"comment_status":"closed","ping_status":"open","sticky":false,"template":"","format":"standard","meta":{"jetpack_publicize_message":"","jetpack_is_tweetstorm":false,"jetpack_publicize_feature_enabled":true},"categories":[5],"tags":[],"jetpack_publicize_connections":[],"jetpack_featured_media_url":"","jetpack_sharing_enabled":true,"jetpack_shortlink":"https:\/\/wp.me\/p9gi65-Aq","jetpack-related-posts":[{"id":2353,"url":"http:\/\/www.vnucka.sk\/index.php\/2021\/10\/08\/smrt-nezdravi\/","url_meta":{"origin":2258,"position":0},"title":"Smr\u0165 nezdrav\u00ed","date":"8. okt\u00f3bra 2021","format":false,"excerpt":"Smr\u0165 nezdrav\u00ed.\u00a0Ona nemus\u00ed. Jej pozdrav nikto nechce po\u010du\u0165. Znamen\u00e1 ne\u00faprosn\u00fd a\u00a0nemenn\u00fd kolobeh sveta. Jedno kr\u00e1sne sobotn\u00e9 r\u00e1no ma vyl\u00e1kalo do pr\u00edrody. Po cel\u00fd de\u0148 som mala zvl\u00e1\u0161tny pocit, akoby som o\u010dak\u00e1vala d\u00f4le\u017eit\u00fa spr\u00e1vu. Zaduman\u00e1 n\u00e1lada, ch\u00f4dza z\u00a0nohy na nohu, akoby ten v\u00fdchod slnka bol dnes nejak\u00fd nejasn\u00fd, zahmlen\u00fd ...- Jank\u00e1\u00e1\u00e1!\u2026","rel":"","context":"V &quot;be\u017en\u00fd \u017eivot&quot;","img":{"alt_text":"","src":"https:\/\/i0.wp.com\/www.vnucka.sk\/wp-content\/uploads\/2021\/10\/universum.jpg?resize=350%2C200","width":350,"height":200},"classes":[]},{"id":2456,"url":"http:\/\/www.vnucka.sk\/index.php\/2022\/11\/15\/spomienky-bolia-ak-nezostarnu\/","url_meta":{"origin":2258,"position":1},"title":"Spomienky bolia, ak nezostarn\u00fa","date":"15. novembra 2022","format":false,"excerpt":"S prv\u00fdmi dotykmi jesene pri\u0161la netradi\u010dn\u00e1 po\u017eiadavka od jednej z babi\u010diek. Man\u017eela pochovala po kr\u00e1snych 50 rokoch spolu\u017eitia, deti \u017eij\u00fa \u010faleko, klasick\u00e1 sch\u00e9ma, ktor\u00e1 zasahuje najhlb\u0161ie z\u00e1kutia psychiky \u010dloveka. Akoby niekto postupne zastieral mohutn\u00fd z\u00e1ves na okn\u00e1ch, za ktor\u00fdmi naviac zapad\u00e1 slnko a vy viete, \u017ee na druh\u00fd de\u0148 bude\u2026","rel":"","context":"V &quot;be\u017en\u00fd \u017eivot&quot;","img":{"alt_text":"","src":"https:\/\/i0.wp.com\/www.vnucka.sk\/wp-content\/uploads\/2022\/11\/pexels-kat-smith-551588-scaled.jpg?resize=350%2C200","width":350,"height":200},"classes":[]},{"id":2386,"url":"http:\/\/www.vnucka.sk\/index.php\/2021\/11\/11\/tajny-recept\/","url_meta":{"origin":2258,"position":2},"title":"Tajn\u00fd recept","date":"11. novembra 2021","format":false,"excerpt":"Jedli ste u\u017e niekedy podom\u00e1cky vyroben\u00fd syr? Aj v\u010faka m\u00f4jmu vnu\u010dkovaniu sa mi po\u0161\u0165astilo nielen tak\u00fdto syr jes\u0165, ale v\u010faka babi\u010dke Alenke aj vlastnoru\u010dne vyrobi\u0165 a bol to ve\u013ek\u00fd z\u00e1\u017eitok. Alenka je vidiecka seniorka, \u017eij\u00faca na lazoch, kde v relat\u00edvne dobrom zdrav\u00ed \u017eije u\u017e 79 rok. Bli\u017e\u0161ie ur\u010denie miesta neuv\u00e1dzam,\u2026","rel":"","context":"V &quot;be\u017en\u00fd \u017eivot&quot;","img":{"alt_text":"","src":"https:\/\/i0.wp.com\/www.vnucka.sk\/wp-content\/uploads\/2021\/12\/syrpriroda.jpg?resize=350%2C200","width":350,"height":200},"classes":[]},{"id":2393,"url":"http:\/\/www.vnucka.sk\/index.php\/2021\/12\/02\/navsteva-na-ktorej-som-nebola\/","url_meta":{"origin":2258,"position":3},"title":"N\u00e1v\u0161teva, na ktorej som nebola","date":"2. decembra 2021","format":false,"excerpt":"Man\u017eelsk\u00fd p\u00e1rik po 80ke \u017eije v ne\u010falekej obci pri okresnom meste. V zime od cesty 10min\u00fat prech\u00e1dzka, oplat\u00ed sa dobre obliec\u0165 a obu\u0165. Dedu\u0161ko sa znenazdajky ocitol v nemocnici a babi\u010dka takmer nechodiaca a nevl\u00e1dna, vyslala SOS svojim kamar\u00e1tkam. \u201e Janka, ideme na dedinu tuto, po\u010f s nami, aj \u0165a\u2026","rel":"","context":"V &quot;be\u017en\u00fd \u017eivot&quot;","img":{"alt_text":"","src":"https:\/\/i0.wp.com\/www.vnucka.sk\/wp-content\/uploads\/2021\/12\/navstevakdesomnebola.jpg?resize=350%2C200","width":350,"height":200},"classes":[]},{"id":2436,"url":"http:\/\/www.vnucka.sk\/index.php\/2022\/08\/26\/davat-je-viac-ako-brat\/","url_meta":{"origin":2258,"position":4},"title":"D\u00e1va\u0165 je viac ako bra\u0165","date":"26. augusta 2022","format":false,"excerpt":"Rann\u00e9 prebudenie so silne \u0161kriabaj\u00facim hrdlom, slabos\u0165ou v svaloch a hor\u00fa\u010dkou signalizovalo, \u017ee najbli\u0161ie dni str\u00e1vim v\u00e1\u013ean\u00edm sa v posteli s pr\u00edjemne neodolate\u013enou spolo\u010dnos\u0165ou chr\u00edpkov\u00fdch bacilov. A to ma dnes \u010dakali lango\u0161e u babi\u010dky Moniky, ktor\u00e1 sa za desa\u0165ro\u010dia pr\u00edprav tohto jedla vypracovalana experta, hodn\u00e9ho robi\u0165 rozhodcu v gastronomick\u00fdch s\u00fa\u0165a\u017eiach\u2026","rel":"","context":"V &quot;be\u017en\u00fd \u017eivot&quot;","img":{"alt_text":"","src":"","width":0,"height":0},"classes":[]},{"id":2360,"url":"http:\/\/www.vnucka.sk\/index.php\/2021\/06\/07\/jahodove-intermezzo\/","url_meta":{"origin":2258,"position":5},"title":"Jahodov\u00e9 Intermezzo","date":"7. j\u00fana 2021","format":false,"excerpt":"Za\u010d\u00ednaj\u00face leto sa v\u017edy ohl\u00e1si r\u00f4znymi v\u00f4\u0148ami. Jednou z nich je aj opojn\u00e1 v\u00f4\u0148a jah\u00f4d. M\u00e1vaj\u00fac let\u00e1\u010dikom mi babi\u010dka Danka oznamuje, \u017ee u\u017e sa zbiera. To s\u00fa t\u00ed \u013eu\u010fia na poliach, ktor\u00ed na slnku od r\u00e1na do ve\u010dera ohnut\u00ed prehr\u0148aj\u00fa jahodov\u00e9 sadenice a zbieraj\u00fa postupne dozrievaj\u00face plody. Samozber za prijate\u013en\u00fa\u2026","rel":"","context":"V &quot;be\u017en\u00fd \u017eivot&quot;","img":{"alt_text":"","src":"https:\/\/i0.wp.com\/www.vnucka.sk\/wp-content\/uploads\/2021\/10\/jahody.jpg?resize=350%2C200","width":350,"height":200},"classes":[]}],"jetpack_likes_enabled":false,"_links":{"self":[{"href":"http:\/\/www.vnucka.sk\/index.php\/wp-json\/wp\/v2\/posts\/2258"}],"collection":[{"href":"http:\/\/www.vnucka.sk\/index.php\/wp-json\/wp\/v2\/posts"}],"about":[{"href":"http:\/\/www.vnucka.sk\/index.php\/wp-json\/wp\/v2\/types\/post"}],"author":[{"embeddable":true,"href":"http:\/\/www.vnucka.sk\/index.php\/wp-json\/wp\/v2\/users\/1"}],"replies":[{"embeddable":true,"href":"http:\/\/www.vnucka.sk\/index.php\/wp-json\/wp\/v2\/comments?post=2258"}],"version-history":[{"count":1,"href":"http:\/\/www.vnucka.sk\/index.php\/wp-json\/wp\/v2\/posts\/2258\/revisions"}],"predecessor-version":[{"id":2260,"href":"http:\/\/www.vnucka.sk\/index.php\/wp-json\/wp\/v2\/posts\/2258\/revisions\/2260"}],"wp:attachment":[{"href":"http:\/\/www.vnucka.sk\/index.php\/wp-json\/wp\/v2\/media?parent=2258"}],"wp:term":[{"taxonomy":"category","embeddable":true,"href":"http:\/\/www.vnucka.sk\/index.php\/wp-json\/wp\/v2\/categories?post=2258"},{"taxonomy":"post_tag","embeddable":true,"href":"http:\/\/www.vnucka.sk\/index.php\/wp-json\/wp\/v2\/tags?post=2258"}],"curies":[{"name":"wp","href":"https:\/\/api.w.org\/{rel}","templated":true}]}}