{"id":2277,"date":"2020-10-19T17:57:57","date_gmt":"2020-10-19T15:57:57","guid":{"rendered":"http:\/\/www.vnucka.sk\/?p=2277"},"modified":"2020-12-14T15:27:51","modified_gmt":"2020-12-14T14:27:51","slug":"dobrozdanie","status":"publish","type":"post","link":"http:\/\/www.vnucka.sk\/index.php\/2020\/10\/19\/dobrozdanie\/","title":{"rendered":"Dobrozdanie ku knihe"},"content":{"rendered":"\n<p>NIELEN MEDZI MLAD\u00ddMI, ALE MEDZI V\u0160ETK\u00ddMI VEKOV\u00ddMI GENER\u00c1CIAMI JE VE\u013dA \u013dUDSK\u00ddCH POKLADOV<br><br>Dobrozdanie knihy, ktor\u00e1 \u0165a prenesie do sveta bez pozl\u00e1tky<br>Nap\u00edsal : PaedDr. \u013dubo\u0161 \u010eurdiak, PhD., AFIAP<br>autor a konzultant v oblasti psychol\u00f3gie a osobnostn\u00e9ho rozvoja<br>www.DiscoveryTrend.eu<\/p>\n\n\n\n<div class=\"wp-block-file\"><a href=\"http:\/\/www.vnucka.sk\/wp-content\/uploads\/2020\/10\/dobrozdanievnucka.pdf\">dobrozdanievnucka<\/a><a href=\"http:\/\/www.vnucka.sk\/wp-content\/uploads\/2020\/10\/dobrozdanievnucka.pdf\" class=\"wp-block-file__button\" download>Stiahnu\u0165<\/a><\/div>\n\n\n\n<p>O \u010dom sa d\u00e1 m\u00e1lokde do\u010d\u00edta\u0165, m\u00f4\u017ee\u0161 n\u00e1js\u0165 v kni\u017eke od Janky Dani\u0161ovej. T\u00e9ma, ktor\u00e1 sa \u0165a mo\u017eno net\u00fdka e\u0161te dnes, ale ur\u010dite sa \u0165a dotkne zajtra. Lebo ka\u017ed\u00fd raz zostarne. Aj ke\u010f mnoh\u00ed mlad\u00ed u\u017e star\u00fdmi s\u00fa &#8211; lebo staroba a mlados\u0165 neraz odrazom du\u0161e b\u00fdva. <\/p>\n\n\n\n<p>V\u00e1\u017enu a n\u00e1ro\u010dn\u00fa t\u00e9mu autorka podala ve\u013emi p\u00fatavou, miestami a\u017e humornou formou. Ke\u010f sa za\u010d\u00edta\u0161, vy\u0161e 220 str\u00e1n pre\u010d\u00edta\u0161 na d\u00fa\u0161ok. A pravdepodobne sa k nej znova vr\u00e1ti\u0161, aby sa ti pripomenuli cenn\u00e9 my\u0161lienky a ponau\u010denia zo \u017eivota.<\/p>\n\n\n\n<p>Pod\u013ea autorky dnes \u017eijeme v hedonistickej a a\u017e \u201cn\u00e1tlakovej\u201d kl\u00edme, v ktorej sa celosvetovo pretl\u00e1\u010da idea, \u017ee v\u0161etko je mo\u017en\u00e9 k\u00fapi\u0165 si, zaplati\u0165 a ka\u017ed\u00fd sa mus\u00ed sna\u017ei\u0165 o vonkaj\u0161iu dokonalos\u0165. Upozor\u0148uje, \u017ee v takejto konzumnej dobe s\u00fa na okraj vytes\u0148ovan\u00e9 skuto\u010dn\u00e9 hodnoty, medzi nimi aj t\u00e9ma staroby a star\u00fdch \u013eud\u00ed. To aj napriek tomu, \u017ee v mnoh\u00fdch krajin\u00e1ch po\u010det seniorov u\u017e prevy\u0161uje po\u010det det\u00ed a pod\u013ea odhadov v nasleduj\u00facom polstoro\u010d\u00ed sa po\u010det \u013eud\u00ed nad 65 rokov zdvojn\u00e1sob\u00ed a po\u010det det\u00ed klesne o jednu tretinu. T\u00fdka sa to aj Slovenska.<\/p>\n\n\n\n<p>V\u010faka vlastnej bolestnej \u017eivotnej sk\u00fasenosti Janka na\u010drela do studnice poznania a ponau\u010den\u00ed vo svojom \u017eivote. Z\u00e1rove\u0148 pozorne vn\u00edma svety mlad\u00fdch a star\u00fdch, v ktor\u00fdch s\u00fa \u010fal\u0161ie \u017eivotn\u00e9 m\u00fadrosti. O v\u0161etko sa v tejto knihe chce podeli\u0165 s tebou &#8211; aby si mohol obohati\u0165 svoju studnicu poznania u\u017e teraz a nie a\u017e ke\u010f bude\u0161 star\u00fd a zostane\u0161 opusten\u00fd a s\u00e1m.<\/p>\n\n\n\n<p>Prostredn\u00edctvom tejto knihy sa sna\u017e\u00ed uk\u00e1za\u0165 cestu, ako spozn\u00e1\u0161 svoju bud\u00facnos\u0165 a to, ak\u00e1 bude tvoja staroba. Na svoju bud\u00facnos\u0165 toti\u017e vpl\u00fdva\u0161 t\u00fdm, ak\u00e9 hodnoty \u017eije\u0161 a ukazuje\u0161 de\u0165om a mlad\u00fdm u\u017e dnes. Kniha je ak\u00fdmsi zrkadlom, aby si aj ty mohol vidie\u0165 svoje \u010diny ove\u013ea sk\u00f4r, ako vytvoria prek\u00e1\u017eky, ktor\u00e9 \u0165a zastavia v napredovan\u00ed a v spokojnom \u017eit\u00ed s ostatn\u00fdmi.<\/p>\n\n\n\n<p>Janka v knihe rozpovedala ve\u013ea \u017eivotn\u00fdch pr\u00edbehov, vr\u00e1tane toho svojho. Nab\u00e1da v nich k pocitu s\u00fadr\u017enosti a zodpovednosti pri udr\u017eiavan\u00ed a budovan\u00ed rodinn\u00fdch a ak\u00fdchko\u013evek in\u00fdch vz\u0165ahov. Je presved\u010den\u00e1, \u017ee ke\u010f d\u00e1va\u0161, bude\u0161 prij\u00edma\u0165 viac, ako si mysl\u00ed\u0161. Upozor\u0148uje aj na to, \u017ee ak sa sna\u017e\u00ed\u0161 ovl\u00e1da\u0165 in\u00fdch a manipulat\u00edvne im chce\u0161 ur\u010dova\u0165 smer ich \u017eivota, nikdy nevyhr\u00e1\u0161. V tak\u00fdch vz\u0165ahoch zavl\u00e1dne posadnutos\u0165, ch\u00fdba vn\u00fatorn\u00fd pokoj a nakoniec v\u0161etci zostan\u00fa porazen\u00ed &#8211; vr\u00e1tane teba.<\/p>\n\n\n\n<p>Pr\u00ed\u010diny osamelosti, sm\u00fatku a straty z\u00e1ujmu o v\u0161etko, s\u00favisia pod\u013ea autorky s tvoj\u00edm \u017eivotn\u00fdm \u0161t\u00fdlom. Sebectvo v tebe chce, aby si mal st\u00e1le viac a obetoval tomu \u010doko\u013evek &#8211; po preru\u0161en\u00ed vz\u0165ahov\u00fdch l\u00edni\u00ed v\u0161ak \u0161anca na zmenu u\u017e nemus\u00ed pr\u00eds\u0165.<\/p>\n\n\n\n<p>V jednotliv\u00fdch \u017eivotn\u00fdch situ\u00e1ci\u00e1ch, ktor\u00e9 za\u017eila s mnoh\u00fdmi seniorn\u00fdmi \u013eu\u010fmi, bude\u0161 vidie\u0165 jej o\u010dami, v \u010dom vid\u00ed dobrotu, l\u00e1skavos\u0165, ako nap\u013a\u0148aj\u00face m\u00f4\u017ee by\u0165 pozorn\u00e9 po\u010d\u00favanie, neodcudzovanie druh\u00e9ho a schopnos\u0165 te\u0161i\u0165 sa aj z mali\u010dkost\u00ed.<\/p>\n\n\n\n<p>A \u017ee aj na mali\u010dkostiach z\u00e1le\u017e\u00ed, zist\u00ed\u0161 z jej rozpr\u00e1vania ve\u013emi skoro. Mnoh\u00ed zo seniorov by vr\u00e1tili \u010das, keby to bolo mo\u017en\u00e9, len kv\u00f4li jedin\u00e9mu okamihu. Okamihu, ktor\u00fd znamenal zlom v ich \u017eivote a ovplyvnil tok ich \u017eivota na dlh\u00e9 roky alebo neodvratne.<\/p>\n\n\n\n<p>I ke\u010f je kniha najm\u00e4 opisom vz\u0165ahov a \u017eivota \u013eud\u00ed v seniornom veku, autorka apeluje aj na mlad\u00fdch. V praxi sa jej dar\u00ed sp\u00e1ja\u0165 r\u00f4zne gener\u00e1cie a ako sama p\u00ed\u0161e, neraz bola energia v tak\u00fdchto skupin\u00e1ch tak\u00e1 siln\u00e1, \u017ee ju bolo c\u00edti\u0165 sn\u00e1\u010f vo v\u0161etk\u00fdch galaxi\u00e1ch. A keby aj nie, tak \u00fa\u010dastn\u00edci r\u00f4znych spolo\u010dn\u00fdch aktiv\u00edt z\u00edskavali z\u00e1\u017eitky, ktor\u00e9 im potom dod\u00e1vali energiu po cel\u00e9 \u010fal\u0161ie roky. Aj preto slu\u017eba pre in\u00fdch pod\u013ea autorky skr\u00fdva v sebe hlbok\u00fd zmysel.<\/p>\n\n\n\n<p>Sama ide pr\u00edkladom a ukazuje \u013eu\u010fom jeden zo sp\u00f4sobov, ako je mo\u017en\u00e9 zbl\u00ed\u017ei\u0165 \u013eud\u00ed r\u00f4znych gener\u00e1ci\u00ed navz\u00e1jom. Zalo\u017eila projekt VNU\u010cKA.sk, pod ktor\u00fdm zdru\u017euje a organizuje mnoho aktiv\u00edt. V jednoduchosti je kr\u00e1sa, sa vrav\u00ed. A inak to nie je ani v tomto pr\u00edpade.<\/p>\n\n\n\n<p>Odhodlanie a iniciat\u00edva Janky pretaven\u00e9 do re\u00e1lneho \u017eivota up\u00fatali pozornos\u0165 aj samotn\u00e9 ministerstvo. \u0160t\u00e1tny tajomn\u00edk sa pri\u0161iel osobne pozrie\u0165 a pozhov\u00e1ra\u0165 so seniormi, ktor\u00ed spolu s Jankou podnikli u\u017e ve\u013ea pr\u00edkladn\u00e9ho a podnetn\u00e9ho.<\/p>\n\n\n\n<p>V knihe sa dozvie\u0161 ove\u013ea viac, aj to, \u017ee Janka nakoniec so svoj\u00edm projektom z\u00edskala od ministerstva ocenenie Soci\u00e1lny \u010din roka 2018 a nesk\u00f4r bola nominovan\u00e1 medzi osobnosti, ktor\u00e9 prispeli k rozvoju ob\u010dianskej spolo\u010dnosti nie\u010d\u00edm v\u00fdnimo\u010dn\u00fdm. A za\u010diatkom roka 2019 boka autorka tejto knihy ocenen\u00e1 spolu so svoj\u00edm projektom Vnu\u010dka.sk prest\u00ed\u017enym Kri\u0161t\u00e1\u013eov\u00fdm kr\u00eddlom za filantropiu.<\/p>\n\n\n\n<p>Jej aktivity teda nezostali nepov\u0161imnut\u00e9. Pr\u00e1ve cez ne sa v tomto projekte sna\u017e\u00ed zmeni\u0165 spolo\u010densk\u00fa kl\u00edmu, aby sa seniorom venovala v\u00e4\u010d\u0161ia pozornos\u0165 a aby gener\u00e1cia mlad\u00fdch a t\u00fdch sk\u00f4r naroden\u00fdch nezost\u00e1vali ka\u017ed\u00fd na inom brehu rieky. Nejde pri tom o klasick\u00e9 opatrovate\u013estvo, kde sa poskytuje \u00faplne in\u00e1 starostlivos\u0165 star\u00fdm a chor\u00fdm \u013eu\u010fom, ale to pochop\u00ed\u0161 z obsahu celej knihy a z ka\u017ed\u00e9ho pr\u00edbehu ve\u013emi r\u00fdchlo aj ty s\u00e1m.<\/p>\n\n\n\n<p>Janka sa v knihe nevyh\u00fdba ani t\u00e9me smrti, cel\u00e9mu kolobehu \u017eivota. Kr\u00e1snym sp\u00f4sobom slovami b\u00fdvalej u\u010dite\u013eky poukazuje aj na to, \u017ee hoci domovy pre seniorov s\u00fa mnohokr\u00e1t nepostr\u00e1date\u013en\u00e9 a dok\u00e1\u017eu zabezpe\u010di\u0165 ist\u00fa kvalitu starostlivosti o star\u00fdch \u013eud\u00ed, je to miesto, kde b\u00fdva asi najviac vyplakan\u00fdch vank\u00fa\u0161ov\u2026<\/p>\n\n\n\n<p>\u010c\u00edtan\u00edm riadkov v tejto knihe sa jednoducho prenesie\u0161 do sveta bez pozl\u00e1tky, zist\u00ed\u0161 v\u0161ak, \u017ee ve\u013eakr\u00e1t aj na prv\u00fd poh\u013ead v bez\u00fate\u0161nej situ\u00e1cii sa d\u00e1 n\u00e1js\u0165 mnoho n\u00e1deje a radosti. Nau\u010d\u00ed\u0161 sa vidie\u0165 svet inak. S empatiou a porozumen\u00edm tomu, pre\u010do a ako je mo\u017en\u00e9, \u017ee d\u00e1vanie spr\u00e1vnym sp\u00f4sobom m\u00f4\u017ee obohati\u0165 v\u0161etk\u00fdch z\u00fa\u010dastnen\u00fdch a nikto neod\u00edde napr\u00e1zdno.<\/p>\n\n\n\n<p>Ak sa rozhodne\u0161 pre\u010d\u00edta\u0165 si t\u00fato knihu, spozn\u00e1\u0161 osudy mnoh\u00fdch \u013eud\u00ed, vr\u00e1tane toho Jankinho. Ja som cez t\u00fato knihu a jej riadky (aj medzi nimi) spoznal Janku ako \u010dloveka, ktor\u00fd napriek mnoh\u00fdm v\u00fdznamn\u00fdm oceneniami net\u00fa\u017ei po nich ako hlavnom cieli jej sna\u017eenia.<\/p>\n\n\n\n<p>Spoznal som v nej osobu, ktor\u00e1 je navonok siln\u00e1 a odv\u00e1\u017ena, no vo svojom vn\u00fatri krehk\u00e1 a zranite\u013en\u00e1. Osobu, ktor\u00e1 dok\u00e1\u017ee cielene vies\u0165, no z\u00e1rove\u0148 sa rada vies\u0165 aj nech\u00e1va. Nie v\u0161ak bezhlavo, ale s citom, pochopen\u00edm a m\u00fadros\u0165ou, ktor\u00e1 nepozn\u00e1 hranice, napriek plyn\u00facemu \u010dasu, alebo hlbok\u00fdm vr\u00e1skam na tv\u00e1ri.<\/p>\n\n\n\n<p>Ka\u017ed\u00fd \u010dlovek m\u00e1 v sebe diamant, ktor\u00fd sa postupne obr\u00fasi. Niektor\u00fd harmonicky a do \u010d\u00edrej podoby. Tak\u00fdto drahokam potom \u017eiari aj v\u00f4kol seba. Nie preto, aby oh\u00faril. Ale preto, aby zu\u0161\u013eachtil.<\/p>\n\n\n\n<p>Mnoh\u00ed ho maj\u00fa v sebe a ani o tom nevedia. Janka je jednou z t\u00fdch, ktor\u00e1 toto svetlo v druh\u00fdch h\u013ead\u00e1 a ke\u010f ho nach\u00e1dza, uk\u00e1\u017ee im ich n\u00e1dheru. N\u00e1dheru, ktor\u00e1 obohat\u00ed oboch. O l\u00e1sku a rados\u0165 zo stretnutia.<\/p>\n\n\n\n<p>Jankina kniha je v\u00fdpove\u010fou o tom, \u017ee nielen medzi mlad\u00fdmi navz\u00e1jom, ale medzi v\u0161etk\u00fdmi vekov\u00fdmi gener\u00e1ciami je ve\u013ea tak\u00fdchto pokladov, ktor\u00e9 \u010dakaj\u00fa na svoje objavenie. Mnohokr\u00e1t sta\u010d\u00ed zotrie\u0165 len jemn\u00fa vrstvu prachu, ktor\u00fa tam mohol zanecha\u0165 sm\u00fatok \u010di \u017eia\u013e z opustenosti a samoty.<\/p>\n\n\n\n<p>PaedDr. \u013dubo\u0161 \u010eurdiak, PhD., AFIAP<br>autor a konzultant v oblasti psychol\u00f3gie a osobnostn\u00e9ho rozvoja<br>www.DiscoveryTrend.eu<\/p>\n\n\n\n<figure class=\"wp-block-image size-large\"><img data-attachment-id=\"2042\" data-permalink=\"http:\/\/www.vnucka.sk\/index.php\/sekcia-domovskej-stranky\/74687728_1705243299610736_7918785921242103808_o\/\" data-orig-file=\"http:\/\/www.vnucka.sk\/wp-content\/uploads\/2019\/11\/74687728_1705243299610736_7918785921242103808_o.jpg\" data-orig-size=\"677,960\" data-comments-opened=\"0\" data-image-meta=\"{&quot;aperture&quot;:&quot;0&quot;,&quot;credit&quot;:&quot;&quot;,&quot;camera&quot;:&quot;&quot;,&quot;caption&quot;:&quot;&quot;,&quot;created_timestamp&quot;:&quot;0&quot;,&quot;copyright&quot;:&quot;&quot;,&quot;focal_length&quot;:&quot;0&quot;,&quot;iso&quot;:&quot;0&quot;,&quot;shutter_speed&quot;:&quot;0&quot;,&quot;title&quot;:&quot;&quot;,&quot;orientation&quot;:&quot;0&quot;}\" data-image-title=\"74687728_1705243299610736_7918785921242103808_o\" data-image-description=\"\" data-image-caption=\"\" data-medium-file=\"http:\/\/www.vnucka.sk\/wp-content\/uploads\/2019\/11\/74687728_1705243299610736_7918785921242103808_o-212x300.jpg\" data-large-file=\"http:\/\/www.vnucka.sk\/wp-content\/uploads\/2019\/11\/74687728_1705243299610736_7918785921242103808_o.jpg\" loading=\"lazy\" width=\"677\" height=\"960\" src=\"http:\/\/www.vnucka.sk\/wp-content\/uploads\/2019\/11\/74687728_1705243299610736_7918785921242103808_o.jpg\" alt=\"\" class=\"wp-image-2042\" srcset=\"http:\/\/www.vnucka.sk\/wp-content\/uploads\/2019\/11\/74687728_1705243299610736_7918785921242103808_o.jpg 677w, http:\/\/www.vnucka.sk\/wp-content\/uploads\/2019\/11\/74687728_1705243299610736_7918785921242103808_o-212x300.jpg 212w, http:\/\/www.vnucka.sk\/wp-content\/uploads\/2019\/11\/74687728_1705243299610736_7918785921242103808_o-100x142.jpg 100w, http:\/\/www.vnucka.sk\/wp-content\/uploads\/2019\/11\/74687728_1705243299610736_7918785921242103808_o-150x213.jpg 150w, http:\/\/www.vnucka.sk\/wp-content\/uploads\/2019\/11\/74687728_1705243299610736_7918785921242103808_o-200x284.jpg 200w, http:\/\/www.vnucka.sk\/wp-content\/uploads\/2019\/11\/74687728_1705243299610736_7918785921242103808_o-300x425.jpg 300w, http:\/\/www.vnucka.sk\/wp-content\/uploads\/2019\/11\/74687728_1705243299610736_7918785921242103808_o-450x638.jpg 450w, http:\/\/www.vnucka.sk\/wp-content\/uploads\/2019\/11\/74687728_1705243299610736_7918785921242103808_o-600x851.jpg 600w\" sizes=\"(max-width: 677px) 100vw, 677px\" \/><\/figure>\n\n\n<div id=\"polls-93\" class=\"wp-polls\">\n\t<form id=\"polls_form_93\" class=\"wp-polls-form\" action=\"\/index.php\" method=\"post\">\n\t\t<p style=\"display: none;\"><input type=\"hidden\" id=\"poll_93_nonce\" name=\"wp-polls-nonce\" value=\"e8cd4696be\" \/><\/p>\n\t\t<p style=\"display: none;\"><input type=\"hidden\" name=\"poll_id\" value=\"93\" \/><\/p>\n\t\t<p style=\"text-align: center\"><strong>Hodnotenie pr\u00edspevku :<\/strong><\/p><div id=\"polls-93-ans\" class=\"wp-polls-ans\"><ul class=\"wp-polls-ul\">\n\t\t<li><input type=\"radio\" id=\"poll-answer-282\" name=\"poll_93\" value=\"282\" \/> <label for=\"poll-answer-282\">\u00da\u017easn\u00fd obsah, pros\u00edm viac tak\u00fdch<\/label><\/li>\n\t\t<li><input type=\"radio\" id=\"poll-answer-283\" name=\"poll_93\" value=\"283\" \/> <label for=\"poll-answer-283\">V pohode ako relax na odreagovanie<\/label><\/li>\n\t\t<li><input type=\"radio\" id=\"poll-answer-284\" name=\"poll_93\" value=\"284\" \/> <label for=\"poll-answer-284\">Pr\u00edjemn\u00fd \u0161tandard, mo\u017eno trochu o\u017eivi\u0165<\/label><\/li>\n\t\t<\/ul>\r\n<p style=\"text-align: center\"><input type=\"button\" name=\"Hlasova\u0165\/Vote\" value=\"   Hlasova\u0165\/Vote   \" class=\"Buttons\" onclick=\"poll_vote(93);\" \/><\/p>\r\n<p style=\"text-align: center\"><a href=\"#ViewPollResults\" onclick=\"poll_result(93); return false;\" title=\"View Results Of This Poll\">Zobrazi\u0165 v\u00fdsledky\/Results<\/a><\/p>\r\n<\/div>\n\t<\/form>\n<\/div>\n<div id=\"polls-93-loading\" class=\"wp-polls-loading\"><img src=\"http:\/\/www.vnucka.sk\/wp-content\/plugins\/wp-polls\/images\/loading.gif\" width=\"16\" height=\"16\" alt=\"Loading ...\" title=\"Loading ...\" class=\"wp-polls-image\" \/>&nbsp;Loading ...<\/div>\n\n","protected":false},"excerpt":{"rendered":"<p>NIELEN MEDZI MLAD\u00ddMI, ALE MEDZI V\u0160ETK\u00ddMI VEKOV\u00ddMI GENER\u00c1CIAMI JE VE\u013dA \u013dUDSK\u00ddCH POKLADOV Dobrozdanie knihy, ktor\u00e1 \u0165a prenesie do sveta bez pozl\u00e1tkyNap\u00edsal : PaedDr. \u013dubo\u0161 \u010eurdiak, PhD., AFIAPautor a konzultant v oblasti psychol\u00f3gie a osobnostn\u00e9ho rozvojawww.DiscoveryTrend.eu O \u010dom sa d\u00e1 m\u00e1lokde &hellip;<\/p>\n<p class=\"read-more\"> <a class=\"\" href=\"http:\/\/www.vnucka.sk\/index.php\/2020\/10\/19\/dobrozdanie\/\"> <span class=\"screen-reader-text\">Dobrozdanie ku knihe<\/span> Read More &raquo;<\/a><\/p>\n","protected":false},"author":1,"featured_media":0,"comment_status":"closed","ping_status":"open","sticky":false,"template":"","format":"standard","meta":{"jetpack_publicize_message":"","jetpack_is_tweetstorm":false,"jetpack_publicize_feature_enabled":true},"categories":[5],"tags":[],"jetpack_publicize_connections":[],"jetpack_featured_media_url":"","jetpack_sharing_enabled":true,"jetpack_shortlink":"https:\/\/wp.me\/p9gi65-AJ","jetpack-related-posts":[{"id":2234,"url":"http:\/\/www.vnucka.sk\/index.php\/2020\/08\/27\/este-su-medzi-nami\/","url_meta":{"origin":2277,"position":0},"title":"E\u0161te s\u00fa medzi nami","date":"27. augusta 2020","format":false,"excerpt":"E\u0161te s\u00fa medzi nami. Na\u0161\u0165astie. Je ich m\u00e1lo, ale s\u00fa \u2026 \u013dudia s l\u00e1skav\u00fdm srdcom, ochotn\u00ed nezi\u0161tne pom\u00f4c\u0165 v\u010faka svojmu vlastn\u00e9mu \u00faspechu. Pred \u010dasom sa n\u00e1m neopravite\u013ene pokazil po\u010d\u00edta\u010d, ktor\u00fd sme pou\u017e\u00edvali aj na zasv\u00e4covanie seniorov do tajov internetu, soci\u00e1lnych siet\u00ed a odvracali tak od nich desiv\u00fa osamelos\u0165, nech s\u00fa\u2026","rel":"","context":"V &quot;be\u017en\u00fd \u017eivot&quot;","img":{"alt_text":"","src":"https:\/\/i0.wp.com\/www.vnucka.sk\/wp-content\/uploads\/2020\/08\/tpddakovacka.jpg?resize=350%2C200","width":350,"height":200},"classes":[]},{"id":2436,"url":"http:\/\/www.vnucka.sk\/index.php\/2022\/08\/26\/davat-je-viac-ako-brat\/","url_meta":{"origin":2277,"position":1},"title":"D\u00e1va\u0165 je viac ako bra\u0165","date":"26. augusta 2022","format":false,"excerpt":"Rann\u00e9 prebudenie so silne \u0161kriabaj\u00facim hrdlom, slabos\u0165ou v svaloch a hor\u00fa\u010dkou signalizovalo, \u017ee najbli\u0161ie dni str\u00e1vim v\u00e1\u013ean\u00edm sa v posteli s pr\u00edjemne neodolate\u013enou spolo\u010dnos\u0165ou chr\u00edpkov\u00fdch bacilov. A to ma dnes \u010dakali lango\u0161e u babi\u010dky Moniky, ktor\u00e1 sa za desa\u0165ro\u010dia pr\u00edprav tohto jedla vypracovalana experta, hodn\u00e9ho robi\u0165 rozhodcu v gastronomick\u00fdch s\u00fa\u0165a\u017eiach\u2026","rel":"","context":"V &quot;be\u017en\u00fd \u017eivot&quot;","img":{"alt_text":"","src":"","width":0,"height":0},"classes":[]},{"id":1139,"url":"http:\/\/www.vnucka.sk\/index.php\/2018\/10\/01\/do-lesa-jedine-so-skusenym-horarom\/","url_meta":{"origin":2277,"position":2},"title":"Do lesa jedine so sk\u00fasen\u00fdm hor\u00e1rom","date":"1. okt\u00f3bra 2018","format":false,"excerpt":"Dedu\u0161ko Milan m\u00e1 s\u00edce po 80ke, ale v lese je ako doma. \u017delaniu ob\u013e\u00faben\u00e9ho rozpr\u00e1vkov\u00e9ho dedu\u0161ka - pozrie\u0165 hr\u00edby pri posledn\u00fdch tepl\u00fdch slne\u010dn\u00fdch l\u00fa\u010doch tohoto leta, pot\u00fala\u0165 sa medzi stromami, nad\u00fdcha\u0165 sa zdrav\u00e9ho vzduchu, zapo\u010d\u00fava\u0165 sa do tepu \u017eivota v pr\u00edrode ... sa nedalo nevyhovie\u0165. \u00da\u017easn\u00fd de\u0148 \ud83c\udf1e Som vnu\u010dka\u2026","rel":"","context":"V &quot;be\u017en\u00fd \u017eivot&quot;","img":{"alt_text":"","src":"https:\/\/i0.wp.com\/www.vnucka.sk\/wp-content\/uploads\/2018\/10\/vlese.jpg?resize=350%2C200","width":350,"height":200},"classes":[]},{"id":742,"url":"http:\/\/www.vnucka.sk\/index.php\/2017\/12\/18\/mudrost-sedin\/","url_meta":{"origin":2277,"position":3},"title":"M\u00fadros\u0165 \u0161ed\u00edn","date":"18. decembra 2017","format":false,"excerpt":"Pre babi\u010dky a dedu\u0161kov viano\u010dn\u00e9 vyznanie ( vlastn\u00e1 tvorba,\u00a0 hudba: Youtube ) Prich\u00e1dza jedno z\u00a0najkraj\u0161\u00edch obdob\u00ed roku, a ja rada prid\u00e1m do svojho kroku, aby som \u010do najsk\u00f4r pri V\u00e1s bola, lebo m\u00fadros\u0165 Va\u0161ich \u0161ed\u00edn je najlep\u0161ia \u0161kola. \u010caro bl\u00ed\u017eiacich sa Vianoc chcem V\u00e1m prinies\u0165, a v\u0161etko \u010do V\u00e1s bol\u00ed,\u2026","rel":"","context":"V &quot;be\u017en\u00fd \u017eivot&quot;","img":{"alt_text":"","src":"https:\/\/i0.wp.com\/www.vnucka.sk\/wp-content\/uploads\/2017\/12\/fotka_mudrost_sedin.jpg?resize=350%2C200","width":350,"height":200},"classes":[]},{"id":2386,"url":"http:\/\/www.vnucka.sk\/index.php\/2021\/11\/11\/tajny-recept\/","url_meta":{"origin":2277,"position":4},"title":"Tajn\u00fd recept","date":"11. novembra 2021","format":false,"excerpt":"Jedli ste u\u017e niekedy podom\u00e1cky vyroben\u00fd syr? Aj v\u010faka m\u00f4jmu vnu\u010dkovaniu sa mi po\u0161\u0165astilo nielen tak\u00fdto syr jes\u0165, ale v\u010faka babi\u010dke Alenke aj vlastnoru\u010dne vyrobi\u0165 a bol to ve\u013ek\u00fd z\u00e1\u017eitok. Alenka je vidiecka seniorka, \u017eij\u00faca na lazoch, kde v relat\u00edvne dobrom zdrav\u00ed \u017eije u\u017e 79 rok. Bli\u017e\u0161ie ur\u010denie miesta neuv\u00e1dzam,\u2026","rel":"","context":"V &quot;be\u017en\u00fd \u017eivot&quot;","img":{"alt_text":"","src":"https:\/\/i0.wp.com\/www.vnucka.sk\/wp-content\/uploads\/2021\/12\/syrpriroda.jpg?resize=350%2C200","width":350,"height":200},"classes":[]},{"id":1024,"url":"http:\/\/www.vnucka.sk\/index.php\/2018\/04\/21\/opat-spojena-nit-rodiny\/","url_meta":{"origin":2277,"position":5},"title":"(Op\u00e4\u0165) spojen\u00e1 ni\u0165 rodiny","date":"21. apr\u00edla 2018","format":false,"excerpt":"Jedn\u00e9ho d\u0148a ma moja ob\u013e\u00faben\u00e1 babi\u010dka Helenka z Ko\u0161\u00edc - inak ve\u013emi akt\u00edvna aj v zrelom veku na internete, prekvapila ot\u00e1zkou, \u010di n\u00e1hodou nepozn\u00e1m jedno priezvisko z mesta odkia\u013e poch\u00e1dzam. H\u013eadala svoju rodinu, s ktorou na ve\u013emi dlh\u00fd \u010das stratila kontakt ... Rozhodila som siete ... A ... chv\u00ed\u013eu sa\u2026","rel":"","context":"V &quot;be\u017en\u00fd \u017eivot&quot;","img":{"alt_text":"","src":"https:\/\/i0.wp.com\/www.vnucka.sk\/wp-content\/uploads\/2018\/04\/evapisovasmekalovspolocna.jpg?resize=350%2C200","width":350,"height":200},"classes":[]}],"jetpack_likes_enabled":false,"_links":{"self":[{"href":"http:\/\/www.vnucka.sk\/index.php\/wp-json\/wp\/v2\/posts\/2277"}],"collection":[{"href":"http:\/\/www.vnucka.sk\/index.php\/wp-json\/wp\/v2\/posts"}],"about":[{"href":"http:\/\/www.vnucka.sk\/index.php\/wp-json\/wp\/v2\/types\/post"}],"author":[{"embeddable":true,"href":"http:\/\/www.vnucka.sk\/index.php\/wp-json\/wp\/v2\/users\/1"}],"replies":[{"embeddable":true,"href":"http:\/\/www.vnucka.sk\/index.php\/wp-json\/wp\/v2\/comments?post=2277"}],"version-history":[{"count":7,"href":"http:\/\/www.vnucka.sk\/index.php\/wp-json\/wp\/v2\/posts\/2277\/revisions"}],"predecessor-version":[{"id":2304,"href":"http:\/\/www.vnucka.sk\/index.php\/wp-json\/wp\/v2\/posts\/2277\/revisions\/2304"}],"wp:attachment":[{"href":"http:\/\/www.vnucka.sk\/index.php\/wp-json\/wp\/v2\/media?parent=2277"}],"wp:term":[{"taxonomy":"category","embeddable":true,"href":"http:\/\/www.vnucka.sk\/index.php\/wp-json\/wp\/v2\/categories?post=2277"},{"taxonomy":"post_tag","embeddable":true,"href":"http:\/\/www.vnucka.sk\/index.php\/wp-json\/wp\/v2\/tags?post=2277"}],"curies":[{"name":"wp","href":"https:\/\/api.w.org\/{rel}","templated":true}]}}