{"id":1056,"date":"2018-05-23T18:04:44","date_gmt":"2018-05-23T16:04:44","guid":{"rendered":"http:\/\/www.vnucka.sk\/?p=1056"},"modified":"2018-11-28T21:01:03","modified_gmt":"2018-11-28T20:01:03","slug":"akcny-piatok-v-tesco-banovce","status":"publish","type":"post","link":"https:\/\/www.vnucka.sk\/index.php\/2018\/05\/23\/akcny-piatok-v-tesco-banovce\/","title":{"rendered":"Ak\u010dn\u00fd piatok v TESCO B\u00e1novce"},"content":{"rendered":"<p>V piatok 18. m\u00e1ja sme s babi\u010dkami Darinkou, Elenkou, Ankou + Ankou, a M\u00e1riou prepadli miestne TESCO v B\u00e1novciach n\/B, kde sme v\u0161etk\u00fdch z\u00e1kazn\u00edkov a zamestnancov zajali do pr\u00edjemn\u00fdch t\u00f3nov, ktor\u00e9 n\u00e1m zahrala Elenka a t\u00ed \u010do hlasovali po n\u00e1kupe za n\u00e1\u0161 PROJEKT v strednom valci, dostali aj sladk\u00fa odmenu, ktor\u00fa vlastnoru\u010dne napiekla babi\u010dka Anka. <em><strong>V II. kole sme z\u00edskali kr\u00e1snych &gt;&gt; 3576 &lt;&lt;\u00a0 hlasov, \u010do bolo najviac zo v\u0161etk\u00fdch. \u010eAKUJEME !<\/strong><\/em><\/p>\n<p>Ve\u013ek\u00e9 po\u010fakovanie zo srdca posielame aj miestnemu mana\u017ementu a v\u0161etk\u00fdm zamestnancom TESCO, ktor\u00ed boli ve\u013emi mil\u00ed a \u00fastretov\u00ed a ur\u010dite sa chceme verejne po\u010fakova\u0165 aj p\u00e1novi far\u00e1rovi Jozefovi Havrilovi z farnosti Podlu\u017eany, ktor\u00fd n\u00e1s &#8222;zachr\u00e1nil&#8220;\u00a0 zapo\u017ei\u010dan\u00edm hudobn\u00fdch profesion\u00e1lnych kl\u00e1ves.<\/p>\n<p><em>Ako bolo ? Ve\u010f pozrite kr\u00e1tke videjko pod obr\u00e1zkom &#8230;<\/em><\/p>\n<p><img data-attachment-id=\"1057\" data-permalink=\"https:\/\/www.vnucka.sk\/index.php\/2018\/05\/23\/akcny-piatok-v-tesco-banovce\/s1190001\/\" data-orig-file=\"https:\/\/www.vnucka.sk\/wp-content\/uploads\/2018\/05\/S1190001.jpg\" data-orig-size=\"2816,1584\" data-comments-opened=\"1\" data-image-meta=\"{&quot;aperture&quot;:&quot;1.8&quot;,&quot;credit&quot;:&quot;&quot;,&quot;camera&quot;:&quot;HDC-SD60&quot;,&quot;caption&quot;:&quot;&quot;,&quot;created_timestamp&quot;:&quot;1526584311&quot;,&quot;copyright&quot;:&quot;&quot;,&quot;focal_length&quot;:&quot;3.02&quot;,&quot;iso&quot;:&quot;0&quot;,&quot;shutter_speed&quot;:&quot;0.02&quot;,&quot;title&quot;:&quot;&quot;,&quot;orientation&quot;:&quot;1&quot;}\" data-image-title=\"S1190001\" data-image-description=\"\" data-image-caption=\"\" data-medium-file=\"https:\/\/www.vnucka.sk\/wp-content\/uploads\/2018\/05\/S1190001-300x169.jpg\" data-large-file=\"https:\/\/www.vnucka.sk\/wp-content\/uploads\/2018\/05\/S1190001-1024x576.jpg\" loading=\"lazy\" class=\"aligncenter size-full wp-image-1057\" src=\"http:\/\/www.vnucka.sk\/wp-content\/uploads\/2018\/05\/S1190001.jpg\" alt=\"\" width=\"2816\" height=\"1584\" srcset=\"https:\/\/www.vnucka.sk\/wp-content\/uploads\/2018\/05\/S1190001.jpg 2816w, https:\/\/www.vnucka.sk\/wp-content\/uploads\/2018\/05\/S1190001-300x169.jpg 300w, https:\/\/www.vnucka.sk\/wp-content\/uploads\/2018\/05\/S1190001-768x432.jpg 768w, https:\/\/www.vnucka.sk\/wp-content\/uploads\/2018\/05\/S1190001-1024x576.jpg 1024w, https:\/\/www.vnucka.sk\/wp-content\/uploads\/2018\/05\/S1190001-100x56.jpg 100w, https:\/\/www.vnucka.sk\/wp-content\/uploads\/2018\/05\/S1190001-150x84.jpg 150w, https:\/\/www.vnucka.sk\/wp-content\/uploads\/2018\/05\/S1190001-200x113.jpg 200w, https:\/\/www.vnucka.sk\/wp-content\/uploads\/2018\/05\/S1190001-450x253.jpg 450w, https:\/\/www.vnucka.sk\/wp-content\/uploads\/2018\/05\/S1190001-600x338.jpg 600w, https:\/\/www.vnucka.sk\/wp-content\/uploads\/2018\/05\/S1190001-900x506.jpg 900w\" sizes=\"(max-width: 2816px) 100vw, 2816px\" \/><img data-attachment-id=\"1058\" data-permalink=\"https:\/\/www.vnucka.sk\/index.php\/2018\/05\/23\/akcny-piatok-v-tesco-banovce\/img-9b3254bd7f3cfdc26e9b8f8f10f37eba-v\/\" data-orig-file=\"https:\/\/www.vnucka.sk\/wp-content\/uploads\/2018\/05\/IMG-9b3254bd7f3cfdc26e9b8f8f10f37eba-V.jpg\" data-orig-size=\"1280,720\" data-comments-opened=\"1\" data-image-meta=\"{&quot;aperture&quot;:&quot;0&quot;,&quot;credit&quot;:&quot;&quot;,&quot;camera&quot;:&quot;&quot;,&quot;caption&quot;:&quot;&quot;,&quot;created_timestamp&quot;:&quot;0&quot;,&quot;copyright&quot;:&quot;&quot;,&quot;focal_length&quot;:&quot;0&quot;,&quot;iso&quot;:&quot;0&quot;,&quot;shutter_speed&quot;:&quot;0&quot;,&quot;title&quot;:&quot;&quot;,&quot;orientation&quot;:&quot;0&quot;}\" data-image-title=\"IMG-9b3254bd7f3cfdc26e9b8f8f10f37eba-V\" data-image-description=\"\" data-image-caption=\"\" data-medium-file=\"https:\/\/www.vnucka.sk\/wp-content\/uploads\/2018\/05\/IMG-9b3254bd7f3cfdc26e9b8f8f10f37eba-V-300x169.jpg\" data-large-file=\"https:\/\/www.vnucka.sk\/wp-content\/uploads\/2018\/05\/IMG-9b3254bd7f3cfdc26e9b8f8f10f37eba-V-1024x576.jpg\" loading=\"lazy\" class=\"aligncenter size-full wp-image-1058\" src=\"http:\/\/www.vnucka.sk\/wp-content\/uploads\/2018\/05\/IMG-9b3254bd7f3cfdc26e9b8f8f10f37eba-V.jpg\" alt=\"\" width=\"1280\" height=\"720\" srcset=\"https:\/\/www.vnucka.sk\/wp-content\/uploads\/2018\/05\/IMG-9b3254bd7f3cfdc26e9b8f8f10f37eba-V.jpg 1280w, https:\/\/www.vnucka.sk\/wp-content\/uploads\/2018\/05\/IMG-9b3254bd7f3cfdc26e9b8f8f10f37eba-V-300x169.jpg 300w, https:\/\/www.vnucka.sk\/wp-content\/uploads\/2018\/05\/IMG-9b3254bd7f3cfdc26e9b8f8f10f37eba-V-768x432.jpg 768w, https:\/\/www.vnucka.sk\/wp-content\/uploads\/2018\/05\/IMG-9b3254bd7f3cfdc26e9b8f8f10f37eba-V-1024x576.jpg 1024w, https:\/\/www.vnucka.sk\/wp-content\/uploads\/2018\/05\/IMG-9b3254bd7f3cfdc26e9b8f8f10f37eba-V-100x56.jpg 100w, https:\/\/www.vnucka.sk\/wp-content\/uploads\/2018\/05\/IMG-9b3254bd7f3cfdc26e9b8f8f10f37eba-V-150x84.jpg 150w, https:\/\/www.vnucka.sk\/wp-content\/uploads\/2018\/05\/IMG-9b3254bd7f3cfdc26e9b8f8f10f37eba-V-200x113.jpg 200w, https:\/\/www.vnucka.sk\/wp-content\/uploads\/2018\/05\/IMG-9b3254bd7f3cfdc26e9b8f8f10f37eba-V-450x253.jpg 450w, https:\/\/www.vnucka.sk\/wp-content\/uploads\/2018\/05\/IMG-9b3254bd7f3cfdc26e9b8f8f10f37eba-V-600x338.jpg 600w, https:\/\/www.vnucka.sk\/wp-content\/uploads\/2018\/05\/IMG-9b3254bd7f3cfdc26e9b8f8f10f37eba-V-900x506.jpg 900w\" sizes=\"(max-width: 1280px) 100vw, 1280px\" \/>videjko z akcie<br \/>\n<div id=\"my_video_gallery_wrapper_23\" class=\"clearfix gallery-video-content\"\r\n     data-gallery-video-id=\"23\" data-gallery-video-perpage=\"5\">\r\n\t<div id=\"my_video_gallery_23\"\r\n\t     class=\"clearfix my_video_gallery view-justified\">\r\n\t\t<input type=\"hidden\" id=\"total\" value=\"1\"\/>\r\n\t\t\t\t\t\t<a class=\"vyoutube huge_it_videogallery_item group23\"\r\n\t\t\t\t   href=\"\/\/www.youtube.com\/embed\/jpcfcpNRh6o\"\r\n                   data-description=\"\"\r\n                   title=\"Ak\u010dn\u00fd piatok v TESCO B\u00e1novce\" data-id=\"31\">\r\n\t\t\t\t\t<img src=\"\/\/img.youtube.com\/vi\/jpcfcpNRh6o\/mqdefault.jpg\"\r\n\t\t\t\t\t     alt=\"Ak\u010dn\u00fd piatok v TESCO B\u00e1novce\"\/>\r\n\t\t\t\t\t<div class=\"play-icon youtube-icon\"><\/div>\r\n\t\t\t\t<\/a>\r\n\t\t\t\t<input type=\"hidden\" class=\"pagenum\" value=\"1\"\/>\r\n\t\t\t\t<\/div>\r\n\t<\/div><style>\r\n.justified-gallery {\r\n\twidth: 100%;\r\n\tposition: relative;\r\n\toverflow: hidden;\r\n}\r\n.justified-gallery > a,\r\n.justified-gallery > div {\r\n\tposition: absolute;\r\n\tdisplay: inline-block;\r\n\topacity: 0;\r\n\toverflow:hidden;\r\n\tfilter: alpha(opacity=0);\r\n\t\/* IE8 or Earlier *\/\r\n}\r\n.justified-gallery > a > img,\r\n.justified-gallery > div > img {\r\n\tposition: absolute;\r\n\ttop: 50%;\r\n\tleft: 50%;\r\n\tpadding: 0;\r\n}\r\n.justified-gallery > a > .caption,\r\n.justified-gallery > div > .caption {\r\n\twidth: 100%;\r\n\tdisplay: none;\r\n\tposition: absolute;\r\n\tbottom: 0;\r\n\tpadding: 5px;\r\n\tleft: 0;\r\n\tright: 0;\r\n\tmargin: 0;\r\n\tcolor: #3AD6FC;\r\n\tfont-size: 13px;\r\n\tfont-weight: 300;\r\n\tfont-family: sans-serif;\r\n\tbackground:rgba(255,28,28,0.9)  !important;\r\n\r\n\toverflow: hidden;\r\n\ttext-overflow: ellipsis;\r\n\twhite-space:nowrap;\r\n}\r\n.justified-gallery > a > .caption.caption-visible,\r\n.justified-gallery > div > .caption.caption-visible {\r\n\tdisplay: initial;\r\n\topacity: 0.7;\r\n\tfilter: \"alpha(opacity=70)\";\r\n\t\/* IE8 or Earlier *\/\r\n\t-webkit-animation: justified-gallery-show-caption-animation 500ms 0 ease;\r\n\t-moz-animation: justified-gallery-show-caption-animation 500ms 0 ease;\r\n\t-ms-animation: justified-gallery-show-caption-animation 500ms 0 ease;\r\n}\r\n.justified-gallery > .entry-visible {\r\n\topacity: 1.0;\r\n\tfilter: alpha(opacity=100);\r\n\t\/* IE8 or Earlier *\/\r\n\t-webkit-animation: justified-gallery-show-entry-animation 300ms 0 ease;\r\n\t-moz-animation: justified-gallery-show-entry-animation 300ms 0 ease;\r\n\t-ms-animation: justified-gallery-show-entry-animation 300ms 0 ease;\r\n\tborder: none !important;\r\n}\r\n.justified-gallery > .spinner {\r\n\tposition: absolute;\r\n\tbottom: 0;\r\n\tmargin-left: -24px;\r\n\tpadding: 10px 0 10px 0;\r\n\tleft: 50%;\r\n\topacity: initial;\r\n\tfilter: initial;\r\n\toverflow: initial;\r\n}\r\n.justified-gallery > .spinner > span {\r\n\tdisplay: inline-block;\r\n\topacity: 0;\r\n\tfilter: alpha(opacity=0);\r\n\t\/* IE8 or Earlier *\/\r\n\twidth: 8px;\r\n\theight: 8px;\r\n\tmargin: 0 4px 0 4px;\r\n\tbackground-color: #000;\r\n\tborder-top-left-radius: 6px;\r\n\tborder-top-right-radius: 6px;\r\n\tborder-bottom-right-radius: 6px;\r\n\tborder-bottom-left-radius: 6px;\r\n}\r\n.load_more2 {\r\n\tmargin: 10px 0;\r\n\tposition:relative;\r\n\ttext-align:center;\r\n\twidth:100%;\r\n}\r\n\r\n.load_more_button2 {\r\n\tborder-radius: 10px;\r\n\tdisplay:inline-block;\r\n\tpadding:5px 15px;\r\n\tfont-size:14px !important;;\r\n\tcolor:#FF1C1C !important;;\r\n\tbackground:#26A6FC !important;\r\n\tcursor:pointer;\r\n\r\n}\r\n.load_more_button2:hover{\r\n\tcolor:#FF4242 !important;\r\n\tbackground:#0FEFFF !important;\r\n}\r\n\r\n.loading2 {\r\n\tdisplay:none;\r\n}\r\n.paginate2{\r\n\tfont-size:18px !important;\r\n\tcolor:#26A6FC !important;\r\n\ttext-align: center;\r\n\tmargin-top: 25px;\r\n}\r\n.paginate2 a{\r\n\tborder-bottom: none !important;\r\n\tbox-shadow: none !important;\r\n}\r\n.icon-style2{\r\n\tfont-size: 18px !important;\r\n\tcolor:#26A6FC !important;\r\n}\r\n.clear{\r\n\tclear:both;\r\n}\r\n.play-icon {\r\n\tposition:absolute;\r\n\ttop:0;\r\n\tleft:0;\r\n\twidth:100%;\r\n\theight:100%;\r\n}\r\n\r\n.play-icon.youtube-icon {background:url(https:\/\/www.vnucka.sk\/wp-content\/plugins\/gallery-video\/assets\/images\/admin_images\/play.youtube.png) center center no-repeat;background-size:20%;}\r\n.play-icon.vimeo-icon {background:url(https:\/\/www.vnucka.sk\/wp-content\/plugins\/gallery-video\/assets\/images\/admin_images\/play.vimeo.png) center center no-repeat;background-size:20%;}\r\n\r\n<\/style><br \/>\n<div id=\"polls-37\" class=\"wp-polls\">\n\t<form id=\"polls_form_37\" class=\"wp-polls-form\" action=\"\/index.php\" method=\"post\">\n\t\t<p style=\"display: none;\"><input type=\"hidden\" id=\"poll_37_nonce\" name=\"wp-polls-nonce\" value=\"1f4fc95921\" \/><\/p>\n\t\t<p style=\"display: none;\"><input type=\"hidden\" name=\"poll_id\" value=\"37\" \/><\/p>\n\t\t<p style=\"text-align: center\"><strong>Hodnotenie pr\u00edspevku :<\/strong><\/p><div id=\"polls-37-ans\" class=\"wp-polls-ans\"><ul class=\"wp-polls-ul\">\n\t\t<li><input type=\"radio\" id=\"poll-answer-113\" name=\"poll_37\" value=\"113\" \/> <label for=\"poll-answer-113\">\u00da\u017easn\u00fd obsah, pros\u00edm viac tak\u00fdch<\/label><\/li>\n\t\t<li><input type=\"radio\" id=\"poll-answer-114\" name=\"poll_37\" value=\"114\" \/> <label for=\"poll-answer-114\">V pohode ako relax na odreagovanie<\/label><\/li>\n\t\t<li><input type=\"radio\" id=\"poll-answer-115\" name=\"poll_37\" value=\"115\" \/> <label for=\"poll-answer-115\">Pr\u00edjemn\u00fd \u0161tandard, mo\u017eno trochu o\u017eivi\u0165<\/label><\/li>\n\t\t<\/ul>\r\n<p style=\"text-align: center\"><input type=\"button\" name=\"Hlasova\u0165\/Vote\" value=\"   Hlasova\u0165\/Vote   \" class=\"Buttons\" onclick=\"poll_vote(37);\" \/><\/p>\r\n<p style=\"text-align: center\"><a href=\"#ViewPollResults\" onclick=\"poll_result(37); return false;\" title=\"View Results Of This Poll\">Zobrazi\u0165 v\u00fdsledky\/Results<\/a><\/p>\r\n<\/div>\n\t<\/form>\n<\/div>\n<div id=\"polls-37-loading\" class=\"wp-polls-loading\"><img src=\"https:\/\/www.vnucka.sk\/wp-content\/plugins\/wp-polls\/images\/loading.gif\" width=\"16\" height=\"16\" alt=\"Loading ...\" title=\"Loading ...\" class=\"wp-polls-image\" \/>&nbsp;Loading ...<\/div>\n<\/p>\n","protected":false},"excerpt":{"rendered":"<p>V piatok 18. m\u00e1ja sme s babi\u010dkami Darinkou, Elenkou, Ankou + Ankou, a M\u00e1riou prepadli miestne TESCO v B\u00e1novciach n\/B, kde sme v\u0161etk\u00fdch z\u00e1kazn\u00edkov a zamestnancov zajali do pr\u00edjemn\u00fdch t\u00f3nov, ktor\u00e9 n\u00e1m zahrala Elenka a t\u00ed \u010do hlasovali po n\u00e1kupe &hellip;<\/p>\n<p class=\"read-more\"> <a class=\"\" href=\"https:\/\/www.vnucka.sk\/index.php\/2018\/05\/23\/akcny-piatok-v-tesco-banovce\/\"> <span class=\"screen-reader-text\">Ak\u010dn\u00fd piatok v TESCO B\u00e1novce<\/span> Read More &raquo;<\/a><\/p>\n","protected":false},"author":1,"featured_media":0,"comment_status":"closed","ping_status":"closed","sticky":false,"template":"","format":"standard","meta":{"jetpack_publicize_message":"","jetpack_is_tweetstorm":false,"jetpack_publicize_feature_enabled":true},"categories":[5],"tags":[],"jetpack_publicize_connections":[],"jetpack_featured_media_url":"","jetpack_sharing_enabled":true,"jetpack_shortlink":"https:\/\/wp.me\/p9gi65-h2","jetpack-related-posts":[{"id":1049,"url":"https:\/\/www.vnucka.sk\/index.php\/2018\/05\/14\/laska-a-pokoj-anjelskej-darinky\/","url_meta":{"origin":1056,"position":0},"title":"L\u00e1ska a Pokoj anjelskej Darinky","date":"14. m\u00e1ja 2018","format":false,"excerpt":"\u00da\u017easn\u00e1, rozh\u013eaden\u00e1 a neskuto\u010dn\u00fd pokoj a l\u00e1sku vy\u017earuj\u00faca MUDr. Darinka \u2764 je novou \u010dlenkou Vnu\u010dkovo Babi\u010dkovskej RODINY, ktor\u00e1 je tu pre v\u0161etk\u00fdch seniorov, aby mali kraj\u0161\u00ed de\u0148. Pozdravujeme z n\u00e1kupu v TESCO B\u00e1novce n\/B \ud83d\udc4d a samozrejme sme hlasovali za projekt v STREDNOM valci \ud83c\udf40\ud83c\udf1e Strat\u00e9gie pomoci o.z Vnu\u010dka.sk -\u2026","rel":"","context":"V &quot;be\u017en\u00fd \u017eivot&quot;","img":{"alt_text":"","src":"https:\/\/i0.wp.com\/www.vnucka.sk\/wp-content\/uploads\/2018\/05\/20180511_093752.jpg?resize=350%2C200","width":350,"height":200},"classes":[]},{"id":1080,"url":"https:\/\/www.vnucka.sk\/index.php\/2018\/06\/22\/11254x-sme-najlepsi-socialny-projekt-regionu\/","url_meta":{"origin":1056,"position":1},"title":"11 254 x sme najlep\u0161\u00ed soci\u00e1lny projekt regi\u00f3nu!","date":"22. j\u00fana 2018","format":false,"excerpt":"T\u00e1to spr\u00e1va n\u00e1m sp\u00f4sobila chv\u00ed\u013eu hlbok\u00e9 d\u00fdchanie ... VYHRALI SME 1.miesto v s\u00fa\u0165a\u017ei o najlep\u0161\u00ed soci\u00e1lny projekt regi\u00f3nu ! Ve\u013ek\u00e1 v\u010faka v\u0161etk\u00fdm, \u010do hlasovali za n\u00e1\u0161 vnu\u010dkovsko babi\u010dkovo dedkovsk\u00fd projekt, ktor\u00fd vytv\u00e1ra RODINU pre osamel\u00fdch seniorov. Spr\u00e1va z nad\u00e1cie Pontis : Dobr\u00fd de\u0148, s rados\u0165ou v\u00e1m oznamujem, \u017ee v\u00e1\u0161 projekt\u2026","rel":"","context":"V &quot;be\u017en\u00fd \u017eivot&quot;","img":{"alt_text":"","src":"https:\/\/i0.wp.com\/www.vnucka.sk\/wp-content\/uploads\/2018\/06\/vnucka_vyhra.jpg?resize=350%2C200","width":350,"height":200},"classes":[]},{"id":1987,"url":"https:\/\/www.vnucka.sk\/index.php\/2019\/11\/04\/radost-pritomneho-okamihu\/","url_meta":{"origin":1056,"position":2},"title":"Rados\u0165 pr\u00edtomn\u00e9ho okamihu","date":"4. novembra 2019","format":false,"excerpt":"Prv\u00fdkr\u00e1t v 85 rokoch babi\u010dka Majka na v\u00fdlete do modern\u00e9ho n\u00e1kupn\u00e9ho centra \ud83d\ude09 a \u017ee sme si to u\u017eili! Nov\u00fa z\u00e1steru sme s\u00edce nek\u00fapili, ale vychutnali sme si parfum\u00e9rie, mas\u00e1\u017ee a nakukli do v\u0161etk\u00fdch obchodov\ud83d\udc4d Ve\u013ek\u00fd z\u00e1\u017eitok a super n\u00e1lada n\u00e1s odvtedy dr\u017e\u00ed st\u00e1le, u\u017e dlho som nevidela to\u013eko radosti\u2026","rel":"","context":"V &quot;be\u017en\u00fd \u017eivot&quot;","img":{"alt_text":"","src":"https:\/\/i0.wp.com\/img.youtube.com\/vi\/TSf8k1vdrBo\/0.jpg?resize=350%2C200","width":350,"height":200},"classes":[]},{"id":2234,"url":"https:\/\/www.vnucka.sk\/index.php\/2020\/08\/27\/este-su-medzi-nami\/","url_meta":{"origin":1056,"position":3},"title":"E\u0161te s\u00fa medzi nami","date":"27. augusta 2020","format":false,"excerpt":"E\u0161te s\u00fa medzi nami. Na\u0161\u0165astie. Je ich m\u00e1lo, ale s\u00fa \u2026 \u013dudia s l\u00e1skav\u00fdm srdcom, ochotn\u00ed nezi\u0161tne pom\u00f4c\u0165 v\u010faka svojmu vlastn\u00e9mu \u00faspechu. Pred \u010dasom sa n\u00e1m neopravite\u013ene pokazil po\u010d\u00edta\u010d, ktor\u00fd sme pou\u017e\u00edvali aj na zasv\u00e4covanie seniorov do tajov internetu, soci\u00e1lnych siet\u00ed a odvracali tak od nich desiv\u00fa osamelos\u0165, nech s\u00fa\u2026","rel":"","context":"V &quot;be\u017en\u00fd \u017eivot&quot;","img":{"alt_text":"","src":"https:\/\/i0.wp.com\/www.vnucka.sk\/wp-content\/uploads\/2020\/08\/tpddakovacka.jpg?resize=350%2C200&ssl=1","width":350,"height":200},"classes":[]},{"id":2386,"url":"https:\/\/www.vnucka.sk\/index.php\/2021\/11\/11\/tajny-recept\/","url_meta":{"origin":1056,"position":4},"title":"Tajn\u00fd recept","date":"11. novembra 2021","format":false,"excerpt":"Jedli ste u\u017e niekedy podom\u00e1cky vyroben\u00fd syr? Aj v\u010faka m\u00f4jmu vnu\u010dkovaniu sa mi po\u0161\u0165astilo nielen tak\u00fdto syr jes\u0165, ale v\u010faka babi\u010dke Alenke aj vlastnoru\u010dne vyrobi\u0165 a bol to ve\u013ek\u00fd z\u00e1\u017eitok. Alenka je vidiecka seniorka, \u017eij\u00faca na lazoch, kde v relat\u00edvne dobrom zdrav\u00ed \u017eije u\u017e 79 rok. Bli\u017e\u0161ie ur\u010denie miesta neuv\u00e1dzam,\u2026","rel":"","context":"V &quot;be\u017en\u00fd \u017eivot&quot;","img":{"alt_text":"","src":"https:\/\/i0.wp.com\/www.vnucka.sk\/wp-content\/uploads\/2021\/12\/syrpriroda.jpg?resize=350%2C200&ssl=1","width":350,"height":200},"classes":[]},{"id":2306,"url":"https:\/\/www.vnucka.sk\/index.php\/2020\/12\/23\/vianocny-naklad-radosti\/","url_meta":{"origin":1056,"position":5},"title":"Viano\u010dn\u00fd n\u00e1klad radosti","date":"23. decembra 2020","format":false,"excerpt":"Rados\u0165 z obdarovania osamel\u00fdch seniorov je neop\u00edsate\u013en\u00e1. Mnoh\u00ed nedostali dlh\u00fd \u010das ani poh\u013eadnicu, nieto e\u0161te dar\u010dek. Bez slzi\u010diek dojatia to v t\u00fdchto chv\u00ed\u013each nejde. Tento rok nie jedno ako minul\u00fd rok, ale DVE pln\u00e9 aut\u00e1 pri\u0161li s n\u00e1kladom viano\u010dn\u00fdch dar\u010dekov. Jedno od Ministerstva vn\u00fatra SR, kde zamestnanci pre n\u00e1\u0161 projekt\u2026","rel":"","context":"V &quot;be\u017en\u00fd \u017eivot&quot;","img":{"alt_text":"","src":"https:\/\/i0.wp.com\/www.vnucka.sk\/wp-content\/uploads\/2020\/12\/20201223_135947-scaled.jpg?resize=350%2C200&ssl=1","width":350,"height":200},"classes":[]}],"jetpack_likes_enabled":false,"_links":{"self":[{"href":"https:\/\/www.vnucka.sk\/index.php\/wp-json\/wp\/v2\/posts\/1056"}],"collection":[{"href":"https:\/\/www.vnucka.sk\/index.php\/wp-json\/wp\/v2\/posts"}],"about":[{"href":"https:\/\/www.vnucka.sk\/index.php\/wp-json\/wp\/v2\/types\/post"}],"author":[{"embeddable":true,"href":"https:\/\/www.vnucka.sk\/index.php\/wp-json\/wp\/v2\/users\/1"}],"replies":[{"embeddable":true,"href":"https:\/\/www.vnucka.sk\/index.php\/wp-json\/wp\/v2\/comments?post=1056"}],"version-history":[{"count":2,"href":"https:\/\/www.vnucka.sk\/index.php\/wp-json\/wp\/v2\/posts\/1056\/revisions"}],"predecessor-version":[{"id":1060,"href":"https:\/\/www.vnucka.sk\/index.php\/wp-json\/wp\/v2\/posts\/1056\/revisions\/1060"}],"wp:attachment":[{"href":"https:\/\/www.vnucka.sk\/index.php\/wp-json\/wp\/v2\/media?parent=1056"}],"wp:term":[{"taxonomy":"category","embeddable":true,"href":"https:\/\/www.vnucka.sk\/index.php\/wp-json\/wp\/v2\/categories?post=1056"},{"taxonomy":"post_tag","embeddable":true,"href":"https:\/\/www.vnucka.sk\/index.php\/wp-json\/wp\/v2\/tags?post=1056"}],"curies":[{"name":"wp","href":"https:\/\/api.w.org\/{rel}","templated":true}]}}