{"id":1720,"date":"2018-12-31T09:32:12","date_gmt":"2018-12-31T08:32:12","guid":{"rendered":"http:\/\/www.vnucka.sk\/?p=1720"},"modified":"2019-01-02T09:50:13","modified_gmt":"2019-01-02T08:50:13","slug":"dakujem-za-rok-2018","status":"publish","type":"post","link":"https:\/\/www.vnucka.sk\/index.php\/2018\/12\/31\/dakujem-za-rok-2018\/","title":{"rendered":"\u010eakujem za rok 2018"},"content":{"rendered":"<p>Ve\u013ek\u00e9 srde\u010dn\u00e9 \u010fakujem v\u0161etk\u00fdm, ktor\u00ed mi v roku 2018 pom\u00e1hali s projektom &#8230;<\/p>\n<p><span class=\"embed-youtube\" style=\"text-align:center; display: block;\"><iframe loading=\"lazy\" class=\"youtube-player\" width=\"605\" height=\"341\" src=\"https:\/\/www.youtube.com\/embed\/2dib_NRra-M?version=3&#038;rel=1&#038;showsearch=0&#038;showinfo=1&#038;iv_load_policy=1&#038;fs=1&#038;hl=sk-SK&#038;autohide=2&#038;wmode=transparent\" allowfullscreen=\"true\" style=\"border:0;\" sandbox=\"allow-scripts allow-same-origin allow-popups allow-presentation\"><\/iframe><\/span><\/p>\n","protected":false},"excerpt":{"rendered":"<p>Ve\u013ek\u00e9 srde\u010dn\u00e9 \u010fakujem v\u0161etk\u00fdm, ktor\u00ed mi v roku 2018 pom\u00e1hali s projektom &#8230;<\/p>\n","protected":false},"author":1,"featured_media":0,"comment_status":"closed","ping_status":"open","sticky":false,"template":"","format":"standard","meta":{"jetpack_publicize_message":"","jetpack_is_tweetstorm":false,"jetpack_publicize_feature_enabled":true},"categories":[5],"tags":[],"jetpack_publicize_connections":[],"jetpack_featured_media_url":"","jetpack_sharing_enabled":true,"jetpack_shortlink":"https:\/\/wp.me\/p9gi65-rK","jetpack-related-posts":[{"id":940,"url":"https:\/\/www.vnucka.sk\/index.php\/2018\/02\/26\/dakujem-babicka-moja\/","url_meta":{"origin":1720,"position":0},"title":"\u010eAKUJEM BABI\u010cKA MOJA","date":"26. febru\u00e1ra 2018","format":false,"excerpt":"Dnes som poc\u00edtila ve\u013ek\u00fa silu a oporu, ke\u010f ma moja babka Anka v \u017eivom vysielan\u00ed TELER\u00c1NA v Mark\u00edze chytila za ruku a pevne dr\u017eala, preto\u017ee c\u00edtila moju tr\u00e9mu. P\u00e1r sek\u00fand pred \u017eiv\u00fdm vstupom som sa cel\u00e1 chvela. B\u00e1la som sa, \u010di sa nezakokt\u00e1m, nestrat\u00edm my\u0161lienku \u010do chcem poveda\u0165 a \u010di\u2026","rel":"","context":"V &quot;be\u017en\u00fd \u017eivot&quot;","img":{"alt_text":"","src":"https:\/\/i0.wp.com\/www.vnucka.sk\/wp-content\/uploads\/2018\/02\/fotomarkiza.jpg?resize=350%2C200","width":350,"height":200},"classes":[]},{"id":1133,"url":"https:\/\/www.vnucka.sk\/index.php\/2018\/09\/27\/inkognito-urputny-boj\/","url_meta":{"origin":1720,"position":1},"title":"INKOGNITO &#8211; urputn\u00fd boj","date":"27. septembra 2018","format":false,"excerpt":"\u010eakujem h\u00e1da\u010dom Mi\u0161kovi Hud\u00e1kovi, Marianovi \u010cekovsk\u00e9mu, Jurajovi Soko Taba\u010dekovi a Zdenke Studenkovej za urputn\u00fd boj a skvel\u00e9mu moder\u00e1torovi Vladovi Vo\u0161tin\u00e1rovi za \u00fa\u017easn\u00e9 spojenectvo V\u0161etk\u00fdm priaznivcom, ktor\u00ed ste pozerali, ve\u013ek\u00e9 \u010eAKUJEM za Va\u0161e slov\u00e1 uznania a pochvaly a mnohym aj SRDE\u010cN\u00c1 V\u010eAKA za neocenite\u013en\u00fa pomoc a podporu, ve\u013emi mi to pom\u00e1ha\u2026","rel":"","context":"V &quot;be\u017en\u00fd \u017eivot&quot;","img":{"alt_text":"","src":"https:\/\/i0.wp.com\/www.vnucka.sk\/wp-content\/uploads\/2018\/09\/inkognito3.jpg?resize=350%2C200","width":350,"height":200},"classes":[]},{"id":691,"url":"https:\/\/www.vnucka.sk\/index.php\/2017\/12\/01\/predvianocna-radost\/","url_meta":{"origin":1720,"position":2},"title":"Predviano\u010dn\u00e1 rados\u0165","date":"1. decembra 2017","format":false,"excerpt":"Prv\u00fd decembrov\u00fd de\u0148 za\u010dal pre m\u0148a ve\u013ek\u00fdm poznan\u00edm oby\u010dajnej nezi\u0161tnej \u013eudskej pomoci, kedy ma moje babi\u010dky pozvali na n\u00e1v\u0161tevu miestnej Charity \u010cerven\u00e9ho kr\u00ed\u017ea v B\u00e1novciach nad Bebravou, kde sme spolu pripravovali pomoc a oble\u010denie pre t\u00fdch najskromnej\u0161\u00edch. Poznanie \u010di doslova pre\u017eitie hlb\u0161ieho v\u00fdznamu slov ako \u00facta, pokora, l\u00e1ska k bl\u00ed\u017enemu\u2026","rel":"","context":"V &quot;be\u017en\u00fd \u017eivot&quot;","img":{"alt_text":"","src":"https:\/\/i0.wp.com\/www.vnucka.sk\/wp-content\/uploads\/2017\/12\/predvianocna_radost.jpg?resize=350%2C200","width":350,"height":200},"classes":[]},{"id":562,"url":"https:\/\/www.vnucka.sk\/index.php\/2017\/11\/15\/4-seniors-beauty-day\/","url_meta":{"origin":1720,"position":3},"title":"De\u0148 kr\u00e1sy pre babi\u010dky","date":"15. novembra 2017","format":false,"excerpt":"Jeden kr\u00e1sny novembrov\u00fd de\u0148 sa moje babi\u010dky zi\u0161li na\u00a0 \"d\u00e1mskom\" dejch\u00e1nku u babky Anky, kde ich \u010dakali \u00fa\u017easn\u00e9 kozmeti\u010dky \u013dubka a Danielka, ktor\u00e9 ich cel\u00e9 doobedie rozmazn\u00e1vali ako kr\u00e1\u013eovn\u00e9. Nech\u00fdbala mas\u00e1\u017ena podlo\u017eka na kresle, v\u0161akovak\u00e9 dobroty, skvel\u00e1 n\u00e1lada ... a \u017ee sa veru d\u00e1my odviazali a zabavili ! Tak dobre\u2026","rel":"","context":"V &quot;be\u017en\u00fd \u017eivot&quot;","img":{"alt_text":"","src":"https:\/\/i0.wp.com\/www.vnucka.sk\/wp-content\/uploads\/2017\/11\/20171113_110129-1024x576.jpg?resize=350%2C200","width":350,"height":200},"classes":[]},{"id":2201,"url":"https:\/\/www.vnucka.sk\/index.php\/2020\/04\/26\/velka-reportaz-o-projekte\/","url_meta":{"origin":1720,"position":4},"title":"Ve\u013ek\u00e1 report\u00e1\u017e o projekte","date":"26. apr\u00edla 2020","format":false,"excerpt":"\u010eakujem za podnetn\u00e9 ot\u00e1zky redaktorovi Martinovi Harvanovi, bolo mi ve\u013ek\u00fdm pote\u0161en\u00edm. Kliknite na obr\u00e1zok a pre\u010d\u00edtajte si ...","rel":"","context":"V &quot;be\u017en\u00fd \u017eivot&quot;","img":{"alt_text":"","src":"https:\/\/i0.wp.com\/www.vnucka.sk\/wp-content\/uploads\/2020\/04\/2642020pravda-1.jpg?resize=350%2C200&ssl=1","width":350,"height":200},"classes":[]},{"id":1094,"url":"https:\/\/www.vnucka.sk\/index.php\/2018\/07\/05\/letny-den-s-dusou-japonky\/","url_meta":{"origin":1720,"position":5},"title":"Letn\u00fd de\u0148 s du\u0161ou japonky","date":"5. j\u00fala 2018","format":false,"excerpt":"Kr\u00e1sny letn\u00fd de\u0148 babi\u010dky Ani\u010dky s Du\u0161ou japonky, ktor\u00fa n\u00e1m venovala skvel\u00e1 novin\u00e1rka a spoluautorka knihy Katar\u00edna Kopcs\u00e1nyi\u00a0 \ud83c\udf1e \u010eAKUJEM Katka za skvel\u00fa knihu, babku ve\u013emi zaujala ...","rel":"","context":"V &quot;be\u017en\u00fd \u017eivot&quot;","img":{"alt_text":"","src":"https:\/\/i0.wp.com\/www.vnucka.sk\/wp-content\/uploads\/2018\/07\/oginokolaz1.jpg?resize=350%2C200","width":350,"height":200},"classes":[]}],"jetpack_likes_enabled":false,"_links":{"self":[{"href":"https:\/\/www.vnucka.sk\/index.php\/wp-json\/wp\/v2\/posts\/1720"}],"collection":[{"href":"https:\/\/www.vnucka.sk\/index.php\/wp-json\/wp\/v2\/posts"}],"about":[{"href":"https:\/\/www.vnucka.sk\/index.php\/wp-json\/wp\/v2\/types\/post"}],"author":[{"embeddable":true,"href":"https:\/\/www.vnucka.sk\/index.php\/wp-json\/wp\/v2\/users\/1"}],"replies":[{"embeddable":true,"href":"https:\/\/www.vnucka.sk\/index.php\/wp-json\/wp\/v2\/comments?post=1720"}],"version-history":[{"count":1,"href":"https:\/\/www.vnucka.sk\/index.php\/wp-json\/wp\/v2\/posts\/1720\/revisions"}],"predecessor-version":[{"id":1721,"href":"https:\/\/www.vnucka.sk\/index.php\/wp-json\/wp\/v2\/posts\/1720\/revisions\/1721"}],"wp:attachment":[{"href":"https:\/\/www.vnucka.sk\/index.php\/wp-json\/wp\/v2\/media?parent=1720"}],"wp:term":[{"taxonomy":"category","embeddable":true,"href":"https:\/\/www.vnucka.sk\/index.php\/wp-json\/wp\/v2\/categories?post=1720"},{"taxonomy":"post_tag","embeddable":true,"href":"https:\/\/www.vnucka.sk\/index.php\/wp-json\/wp\/v2\/tags?post=1720"}],"curies":[{"name":"wp","href":"https:\/\/api.w.org\/{rel}","templated":true}]}}