{"id":1747,"date":"2019-01-29T15:43:38","date_gmt":"2019-01-29T14:43:38","guid":{"rendered":"http:\/\/www.vnucka.sk\/?p=1747"},"modified":"2019-01-31T06:27:31","modified_gmt":"2019-01-31T05:27:31","slug":"kristalove-kridlo-2018","status":"publish","type":"post","link":"https:\/\/www.vnucka.sk\/index.php\/2019\/01\/29\/kristalove-kridlo-2018\/","title":{"rendered":"Kri\u0161t\u00e1\u013eov\u00e9 kr\u00eddlo 2018"},"content":{"rendered":"<p>Prest\u00ed\u017ene ocenenie ude\u013eovan\u00e9 osobnostiam Slovenska u\u017e od roku 1997.<br \/>\nV nede\u013eu 27. janu\u00e1ra 2019 som zrazu st\u00e1la na podiu v Slovenskom n\u00e1rodnom divadle a dr\u017eala t\u00fa krehk\u00fa sklenen\u00fa kr\u00e1su Kri\u0161t\u00e1lov\u00e9ho kr\u00eddla v ruke ako laure\u00e1tka Filantropie za rok 2018. Ke\u010f som za\u010dula svoje meno, myslela som, \u017ee to je sen. N\u00e1dhern\u00fd ve\u010der, ktor\u00fd moje vn\u00fatro a srdce rozvibroval do takej miery, \u017ee vonkaj\u0161\u00ed svet na chv\u00ed\u013eu prestal existova\u0165 a ja som sa ponorila do svojho vn\u00fatra.<\/p>\n<p>N<span class=\"text_exposed_show\">edefinovate\u013en\u00fdm sp\u00f4sobom som vn\u00edmala t\u00fa kr\u00e1su, dobrotu a v\u0161eobj\u00edmaj\u00facu l\u00e1sku &#8230; A c\u00edtila som podporu a v\u010faku za babi\u010dky, dedu\u0161kov. Vidie\u0165 vlastn\u00e9 meno pri velik\u00e1noch na\u0161ej krajiny, ako bol napr. v roku 2011 ocenen\u00fd rovnakou cenou prezident\u00a0 Andrej Kiska, \u010di rok predt\u00fdm p\u00e1n Gabriel Csoll\u00e1r &#8211; predseda predstavenstva COOP Jednota , je pre m\u0148a neop\u00edsate\u013en\u00fd pocit \u00facty, re\u0161pektu a mor\u00e1lneho z\u00e1v\u00e4zku.<\/span><\/p>\n<div class=\"text_exposed_show\">\n<p>Touto cestou chcem po\u010fakova\u0165 organiz\u00e1torom skvelej my\u0161lienky oce\u0148ovania osobnost\u00ed a vyjadri\u0165 ve\u013ek\u00e9 uznanie pani M\u00e1rii Va\u0161kovi\u010dovej &#8211; autorke projektu. Aj v\u010faka V\u00e1m pani Majka, je svet ka\u017ed\u00fd rok o k\u00fasok kraj\u0161\u00ed. Viacgenera\u010dn\u00e1 symbolika sl\u00e1vnostn\u00e9ho ve\u010dera, ktor\u00fd som otvorila s t\u00e9mou seniori ako ich vnu\u010dka, bol zakon\u010den\u00fd op\u00e4\u0165 n\u00e1dhernou starostlivos\u0165ou o seniorov, laure\u00e1tkou mimoriadnej ceny &#8211; pani doktorkou Krist\u00ednou Kri\u017eanovou.<br \/>\nZo srdca e\u0161te raz \u010fakujem, st\u00e1le sa chvejem. <span class=\"_5mfr\"><span class=\"_6qdm\">&#x2764;&#xfe0f;<\/span><\/span><span class=\"_5mfr\"><span class=\"_6qdm\">&#x2764;&#xfe0f;<\/span><\/span><span class=\"_5mfr\"><span class=\"_6qdm\">&#x2764;&#xfe0f;<\/span><\/span><\/p>\n<p>Cel\u00fd z\u00e1znam sl\u00e1vnostn\u00e9ho ve\u010dera si m\u00f4\u017eete pozrie\u0165 na str\u00e1nkach RTVS<br \/>\n<a href=\"https:\/\/l.facebook.com\/l.php?u=http%3A%2F%2Fwww.rtvs.sk%2Ftelevizia%2Farchiv%2F14078%3Ffbclid%3DIwAR01SiK3jRS3re2jnAFgtz8P7OIp7ttDaQ1VJfBdRiMV_GT9RX1GuN4fPfU&amp;h=AT3hySZ6qC7BCQGETG9jtfpTFRRbQGnkyokFGqv5v_ojJgcy1xZOGeEqrIJUhGteSsZ2tf65wMQyOen1AfUpmBk8lmNP3ZmbSqwN8UKSKvpdBNrx9lygpd28bJsUjm8gnSwrERBfX7jktsevhHbm2hSIlVCocz-g1s5qAHTiPnw_9g1Q28YviwydX9cKHDI6V-khusDPT1R7aS8_KuyYZD773RmSMqPWk1B3tc9Ny-SWQW1iV4eBVAqxaf9JbuVLNG5OJQGLW2OTj8k__FOHzQkPC94DNFk2KCa01xQ2UpLdJunpMh6aktFztbmaEx7HosbRBSksFgAvJT_kEgJYC9tGukh36kNhDgcpxdynnWV_-EtsSU_EHjfeAOopdxjcC8aJFwP3tBpoxM0P95SEDJqXdX9mcB7MZnFCnooCPwhCXshVb84ve7ysqlfvNdqHJ953ZHxmo5ivGwQLbojFyP-Y74R5tKNRj8MEFI-boCtMPO2AZPOmt8mWLH7b6WJKcuHQDejI5hRhQpYHZgHAgOo70zf3-z0_NCf3zKm9OClF_kvBERSAEWx1M2X7XPlsgMr2cu0QFay1dX1aexbQCElB\" target=\"_blank\" rel=\"noopener nofollow\" data-ft=\"{&quot;tn&quot;:&quot;-U&quot;}\" data-lynx-mode=\"async\">http:\/\/www.rtvs.sk\/televizia\/archiv\/14078<\/a><\/p>\n<p><img data-attachment-id=\"1753\" data-permalink=\"https:\/\/www.vnucka.sk\/index.php\/2019\/01\/29\/kristalove-kridlo-2018\/laureati\/\" data-orig-file=\"https:\/\/www.vnucka.sk\/wp-content\/uploads\/2019\/01\/laureati.jpg\" data-orig-size=\"1560,1008\" data-comments-opened=\"0\" data-image-meta=\"{&quot;aperture&quot;:&quot;0&quot;,&quot;credit&quot;:&quot;Rene Miko&quot;,&quot;camera&quot;:&quot;&quot;,&quot;caption&quot;:&quot;&quot;,&quot;created_timestamp&quot;:&quot;0&quot;,&quot;copyright&quot;:&quot;Rene Miko&quot;,&quot;focal_length&quot;:&quot;0&quot;,&quot;iso&quot;:&quot;0&quot;,&quot;shutter_speed&quot;:&quot;0&quot;,&quot;title&quot;:&quot;&quot;,&quot;orientation&quot;:&quot;0&quot;}\" data-image-title=\"laureati\" data-image-description=\"\" data-image-caption=\"\" data-medium-file=\"https:\/\/www.vnucka.sk\/wp-content\/uploads\/2019\/01\/laureati-300x194.jpg\" data-large-file=\"https:\/\/www.vnucka.sk\/wp-content\/uploads\/2019\/01\/laureati-1024x662.jpg\" loading=\"lazy\" class=\"aligncenter size-full wp-image-1753\" src=\"http:\/\/www.vnucka.sk\/wp-content\/uploads\/2019\/01\/laureati.jpg\" alt=\"\" width=\"1560\" height=\"1008\" srcset=\"https:\/\/www.vnucka.sk\/wp-content\/uploads\/2019\/01\/laureati.jpg 1560w, https:\/\/www.vnucka.sk\/wp-content\/uploads\/2019\/01\/laureati-300x194.jpg 300w, https:\/\/www.vnucka.sk\/wp-content\/uploads\/2019\/01\/laureati-768x496.jpg 768w, https:\/\/www.vnucka.sk\/wp-content\/uploads\/2019\/01\/laureati-1024x662.jpg 1024w, https:\/\/www.vnucka.sk\/wp-content\/uploads\/2019\/01\/laureati-100x65.jpg 100w, https:\/\/www.vnucka.sk\/wp-content\/uploads\/2019\/01\/laureati-150x97.jpg 150w, https:\/\/www.vnucka.sk\/wp-content\/uploads\/2019\/01\/laureati-200x129.jpg 200w, https:\/\/www.vnucka.sk\/wp-content\/uploads\/2019\/01\/laureati-450x291.jpg 450w, https:\/\/www.vnucka.sk\/wp-content\/uploads\/2019\/01\/laureati-600x388.jpg 600w, https:\/\/www.vnucka.sk\/wp-content\/uploads\/2019\/01\/laureati-900x582.jpg 900w\" sizes=\"(max-width: 1560px) 100vw, 1560px\" \/><\/p>\n<p><img data-attachment-id=\"1748\" data-permalink=\"https:\/\/www.vnucka.sk\/index.php\/2019\/01\/29\/kristalove-kridlo-2018\/krist_kridlo_kolaz\/\" data-orig-file=\"https:\/\/www.vnucka.sk\/wp-content\/uploads\/2019\/01\/krist_kridlo_kolaz-e1548772512348.jpg\" data-orig-size=\"1500,1095\" data-comments-opened=\"0\" data-image-meta=\"{&quot;aperture&quot;:&quot;0&quot;,&quot;credit&quot;:&quot;static&quot;,&quot;camera&quot;:&quot;&quot;,&quot;caption&quot;:&quot;&quot;,&quot;created_timestamp&quot;:&quot;1548774703&quot;,&quot;copyright&quot;:&quot;&quot;,&quot;focal_length&quot;:&quot;0&quot;,&quot;iso&quot;:&quot;0&quot;,&quot;shutter_speed&quot;:&quot;0&quot;,&quot;title&quot;:&quot;&quot;,&quot;orientation&quot;:&quot;0&quot;}\" data-image-title=\"krist_kridlo_kolaz\" data-image-description=\"\" data-image-caption=\"\" data-medium-file=\"https:\/\/www.vnucka.sk\/wp-content\/uploads\/2019\/01\/krist_kridlo_kolaz-300x219.jpg\" data-large-file=\"https:\/\/www.vnucka.sk\/wp-content\/uploads\/2019\/01\/krist_kridlo_kolaz-1024x747.jpg\" loading=\"lazy\" class=\"aligncenter size-full wp-image-1748\" src=\"http:\/\/www.vnucka.sk\/wp-content\/uploads\/2019\/01\/krist_kridlo_kolaz-e1548772512348.jpg\" alt=\"\" width=\"1500\" height=\"1095\" \/><br \/>\n<img data-attachment-id=\"1749\" data-permalink=\"https:\/\/www.vnucka.sk\/index.php\/2019\/01\/29\/kristalove-kridlo-2018\/img_3152\/\" data-orig-file=\"https:\/\/www.vnucka.sk\/wp-content\/uploads\/2019\/01\/IMG_3152-e1548772824871.jpg\" data-orig-size=\"1500,1125\" data-comments-opened=\"0\" data-image-meta=\"{&quot;aperture&quot;:&quot;1.8&quot;,&quot;credit&quot;:&quot;&quot;,&quot;camera&quot;:&quot;iPhone 8&quot;,&quot;caption&quot;:&quot;&quot;,&quot;created_timestamp&quot;:&quot;1548630534&quot;,&quot;copyright&quot;:&quot;&quot;,&quot;focal_length&quot;:&quot;3.99&quot;,&quot;iso&quot;:&quot;80&quot;,&quot;shutter_speed&quot;:&quot;0.125&quot;,&quot;title&quot;:&quot;&quot;,&quot;orientation&quot;:&quot;1&quot;}\" data-image-title=\"IMG_3152\" data-image-description=\"\" data-image-caption=\"\" data-medium-file=\"https:\/\/www.vnucka.sk\/wp-content\/uploads\/2019\/01\/IMG_3152-300x225.jpg\" data-large-file=\"https:\/\/www.vnucka.sk\/wp-content\/uploads\/2019\/01\/IMG_3152-1024x768.jpg\" loading=\"lazy\" class=\"aligncenter size-full wp-image-1749\" src=\"http:\/\/www.vnucka.sk\/wp-content\/uploads\/2019\/01\/IMG_3152-e1548772824871.jpg\" alt=\"\" width=\"1500\" height=\"1125\" \/><br \/>\n<div id=\"polls-53\" class=\"wp-polls\">\n\t<form id=\"polls_form_53\" class=\"wp-polls-form\" action=\"\/index.php\" method=\"post\">\n\t\t<p style=\"display: none;\"><input type=\"hidden\" id=\"poll_53_nonce\" name=\"wp-polls-nonce\" value=\"08ac7118d5\" \/><\/p>\n\t\t<p style=\"display: none;\"><input type=\"hidden\" name=\"poll_id\" value=\"53\" \/><\/p>\n\t\t<p style=\"text-align: center\"><strong>Hodnotenie pr\u00edspevku :<\/strong><\/p><div id=\"polls-53-ans\" class=\"wp-polls-ans\"><ul class=\"wp-polls-ul\">\n\t\t<li><input type=\"radio\" id=\"poll-answer-161\" name=\"poll_53\" value=\"161\" \/> <label for=\"poll-answer-161\">\u00da\u017easn\u00fd obsah, pros\u00edm viac tak\u00fdch<\/label><\/li>\n\t\t<li><input type=\"radio\" id=\"poll-answer-162\" name=\"poll_53\" value=\"162\" \/> <label for=\"poll-answer-162\">V pohode ako relax na odreagovanie<\/label><\/li>\n\t\t<li><input type=\"radio\" id=\"poll-answer-163\" name=\"poll_53\" value=\"163\" \/> <label for=\"poll-answer-163\">Pr\u00edjemn\u00fd \u0161tandard, mo\u017eno trochu o\u017eivi\u0165<\/label><\/li>\n\t\t<\/ul>\r\n<p style=\"text-align: center\"><input type=\"button\" name=\"Hlasova\u0165\/Vote\" value=\"   Hlasova\u0165\/Vote   \" class=\"Buttons\" onclick=\"poll_vote(53);\" \/><\/p>\r\n<p style=\"text-align: center\"><a href=\"#ViewPollResults\" onclick=\"poll_result(53); return false;\" title=\"View Results Of This Poll\">Zobrazi\u0165 v\u00fdsledky\/Results<\/a><\/p>\r\n<\/div>\n\t<\/form>\n<\/div>\n<div id=\"polls-53-loading\" class=\"wp-polls-loading\"><img src=\"https:\/\/www.vnucka.sk\/wp-content\/plugins\/wp-polls\/images\/loading.gif\" width=\"16\" height=\"16\" alt=\"Loading ...\" title=\"Loading ...\" class=\"wp-polls-image\" \/>&nbsp;Loading ...<\/div>\n<\/p>\n<\/div>\n","protected":false},"excerpt":{"rendered":"<p>Prest\u00ed\u017ene ocenenie ude\u013eovan\u00e9 osobnostiam Slovenska u\u017e od roku 1997. V nede\u013eu 27. janu\u00e1ra 2019 som zrazu st\u00e1la na podiu v Slovenskom n\u00e1rodnom divadle a dr\u017eala t\u00fa krehk\u00fa sklenen\u00fa kr\u00e1su Kri\u0161t\u00e1lov\u00e9ho kr\u00eddla v ruke ako laure\u00e1tka Filantropie za rok 2018. Ke\u010f &hellip;<\/p>\n<p class=\"read-more\"> <a class=\"\" href=\"https:\/\/www.vnucka.sk\/index.php\/2019\/01\/29\/kristalove-kridlo-2018\/\"> <span class=\"screen-reader-text\">Kri\u0161t\u00e1\u013eov\u00e9 kr\u00eddlo 2018<\/span> Read More &raquo;<\/a><\/p>\n","protected":false},"author":1,"featured_media":0,"comment_status":"closed","ping_status":"open","sticky":false,"template":"","format":"standard","meta":{"jetpack_publicize_message":"","jetpack_is_tweetstorm":false,"jetpack_publicize_feature_enabled":true},"categories":[5],"tags":[],"jetpack_publicize_connections":[],"jetpack_featured_media_url":"","jetpack_sharing_enabled":true,"jetpack_shortlink":"https:\/\/wp.me\/p9gi65-sb","jetpack-related-posts":[{"id":1143,"url":"https:\/\/www.vnucka.sk\/index.php\/2018\/10\/10\/vnucka-je-socialny-cin-roku-2018\/","url_meta":{"origin":1747,"position":0},"title":"Vnu\u010dka je soci\u00e1lny \u010din roku 2018!","date":"10. okt\u00f3bra 2018","format":false,"excerpt":"V t\u00fdchto d\u0148och oslavuje Vnu\u010dka.sk, ktor\u00e1 vytv\u00e1ra RODINU pre osamel\u00fdch seniorov svoje prv\u00e9 v\u00fdro\u010die priatelia ... 9. okt\u00f3ber 2018 mi zostane nav\u017edy zap\u00edsan\u00fd v ka\u017edej bunke, preto\u017ee sa mi ani nesn\u00edvalo, \u017ee presne o ROK, kedy som nesmelo v oktobri 2017 publikovala prv\u00fd pr\u00edspevok o dedkovi Tiborovi, ktor\u00fd ma in\u0161piroval,\u2026","rel":"","context":"V &quot;be\u017en\u00fd \u017eivot&quot;","img":{"alt_text":"","src":"https:\/\/i0.wp.com\/www.vnucka.sk\/wp-content\/uploads\/2018\/10\/43623075_10155927926977709_900662471696580608_n.jpg?resize=350%2C200","width":350,"height":200},"classes":[]},{"id":2386,"url":"https:\/\/www.vnucka.sk\/index.php\/2021\/11\/11\/tajny-recept\/","url_meta":{"origin":1747,"position":1},"title":"Tajn\u00fd recept","date":"11. novembra 2021","format":false,"excerpt":"Jedli ste u\u017e niekedy podom\u00e1cky vyroben\u00fd syr? Aj v\u010faka m\u00f4jmu vnu\u010dkovaniu sa mi po\u0161\u0165astilo nielen tak\u00fdto syr jes\u0165, ale v\u010faka babi\u010dke Alenke aj vlastnoru\u010dne vyrobi\u0165 a bol to ve\u013ek\u00fd z\u00e1\u017eitok. Alenka je vidiecka seniorka, \u017eij\u00faca na lazoch, kde v relat\u00edvne dobrom zdrav\u00ed \u017eije u\u017e 79 rok. Bli\u017e\u0161ie ur\u010denie miesta neuv\u00e1dzam,\u2026","rel":"","context":"V &quot;be\u017en\u00fd \u017eivot&quot;","img":{"alt_text":"","src":"https:\/\/i0.wp.com\/www.vnucka.sk\/wp-content\/uploads\/2021\/12\/syrpriroda.jpg?resize=350%2C200&ssl=1","width":350,"height":200},"classes":[]},{"id":2258,"url":"https:\/\/www.vnucka.sk\/index.php\/2020\/09\/12\/ako-vnucka-relaxuje\/","url_meta":{"origin":1747,"position":2},"title":"Ako vnu\u010dka relaxuje","date":"12. septembra 2020","format":false,"excerpt":"https:\/\/youtu.be\/4gTDc8EqXtc Od roku 2018 patr\u00edm do ve\u013ekej rodiny ocenen\u00fdch osobnost\u00ed prest\u00ed\u017enym Kri\u0161t\u00e1\u013eov\u00fdm kr\u00eddlom a som na to nesmierne hrd\u00e1. Pozvanie od pani M\u00e1rie Va\u0161kovi\u010dovej - autorky tohoto najprest\u00ed\u017enej\u0161ieho spolo\u010densk\u00e9ho podujatia v na\u0161ej krajine, z\u00fa\u010dastni\u0165 sa neform\u00e1lneho piatkov\u00e9ho stretnutia v pr\u00edjemnom prostred\u00ed Pie\u0161\u0165ansk\u00e9ho HS centrum, sa neodmieta. \u010eakujem za n\u00e1dherne str\u00e1ven\u00fd\u2026","rel":"","context":"V &quot;be\u017en\u00fd \u017eivot&quot;","img":{"alt_text":"","src":"https:\/\/i0.wp.com\/www.vnucka.sk\/wp-content\/uploads\/2020\/09\/spanivaskovicovou.jpg?resize=350%2C200&ssl=1","width":350,"height":200},"classes":[]},{"id":2360,"url":"https:\/\/www.vnucka.sk\/index.php\/2021\/06\/07\/jahodove-intermezzo\/","url_meta":{"origin":1747,"position":3},"title":"Jahodov\u00e9 Intermezzo","date":"7. j\u00fana 2021","format":false,"excerpt":"Za\u010d\u00ednaj\u00face leto sa v\u017edy ohl\u00e1si r\u00f4znymi v\u00f4\u0148ami. Jednou z nich je aj opojn\u00e1 v\u00f4\u0148a jah\u00f4d. M\u00e1vaj\u00fac let\u00e1\u010dikom mi babi\u010dka Danka oznamuje, \u017ee u\u017e sa zbiera. To s\u00fa t\u00ed \u013eu\u010fia na poliach, ktor\u00ed na slnku od r\u00e1na do ve\u010dera ohnut\u00ed prehr\u0148aj\u00fa jahodov\u00e9 sadenice a zbieraj\u00fa postupne dozrievaj\u00face plody. Samozber za prijate\u013en\u00fa\u2026","rel":"","context":"V &quot;be\u017en\u00fd \u017eivot&quot;","img":{"alt_text":"","src":"https:\/\/i0.wp.com\/www.vnucka.sk\/wp-content\/uploads\/2021\/10\/jahody.jpg?resize=350%2C200&ssl=1","width":350,"height":200},"classes":[]},{"id":2353,"url":"https:\/\/www.vnucka.sk\/index.php\/2021\/10\/08\/smrt-nezdravi\/","url_meta":{"origin":1747,"position":4},"title":"Smr\u0165 nezdrav\u00ed","date":"8. okt\u00f3bra 2021","format":false,"excerpt":"Smr\u0165 nezdrav\u00ed.\u00a0Ona nemus\u00ed. Jej pozdrav nikto nechce po\u010du\u0165. Znamen\u00e1 ne\u00faprosn\u00fd a\u00a0nemenn\u00fd kolobeh sveta. Jedno kr\u00e1sne sobotn\u00e9 r\u00e1no ma vyl\u00e1kalo do pr\u00edrody. Po cel\u00fd de\u0148 som mala zvl\u00e1\u0161tny pocit, akoby som o\u010dak\u00e1vala d\u00f4le\u017eit\u00fa spr\u00e1vu. Zaduman\u00e1 n\u00e1lada, ch\u00f4dza z\u00a0nohy na nohu, akoby ten v\u00fdchod slnka bol dnes nejak\u00fd nejasn\u00fd, zahmlen\u00fd ...- Jank\u00e1\u00e1\u00e1!\u2026","rel":"","context":"V &quot;be\u017en\u00fd \u017eivot&quot;","img":{"alt_text":"","src":"https:\/\/i0.wp.com\/www.vnucka.sk\/wp-content\/uploads\/2021\/10\/universum.jpg?resize=350%2C200&ssl=1","width":350,"height":200},"classes":[]},{"id":2436,"url":"https:\/\/www.vnucka.sk\/index.php\/2022\/08\/26\/davat-je-viac-ako-brat\/","url_meta":{"origin":1747,"position":5},"title":"D\u00e1va\u0165 je viac ako bra\u0165","date":"26. augusta 2022","format":false,"excerpt":"Rann\u00e9 prebudenie so silne \u0161kriabaj\u00facim hrdlom, slabos\u0165ou v svaloch a hor\u00fa\u010dkou signalizovalo, \u017ee najbli\u0161ie dni str\u00e1vim v\u00e1\u013ean\u00edm sa v posteli s pr\u00edjemne neodolate\u013enou spolo\u010dnos\u0165ou chr\u00edpkov\u00fdch bacilov. A to ma dnes \u010dakali lango\u0161e u babi\u010dky Moniky, ktor\u00e1 sa za desa\u0165ro\u010dia pr\u00edprav tohto jedla vypracovalana experta, hodn\u00e9ho robi\u0165 rozhodcu v gastronomick\u00fdch s\u00fa\u0165a\u017eiach\u2026","rel":"","context":"V &quot;be\u017en\u00fd \u017eivot&quot;","img":{"alt_text":"","src":"","width":0,"height":0},"classes":[]}],"jetpack_likes_enabled":false,"_links":{"self":[{"href":"https:\/\/www.vnucka.sk\/index.php\/wp-json\/wp\/v2\/posts\/1747"}],"collection":[{"href":"https:\/\/www.vnucka.sk\/index.php\/wp-json\/wp\/v2\/posts"}],"about":[{"href":"https:\/\/www.vnucka.sk\/index.php\/wp-json\/wp\/v2\/types\/post"}],"author":[{"embeddable":true,"href":"https:\/\/www.vnucka.sk\/index.php\/wp-json\/wp\/v2\/users\/1"}],"replies":[{"embeddable":true,"href":"https:\/\/www.vnucka.sk\/index.php\/wp-json\/wp\/v2\/comments?post=1747"}],"version-history":[{"count":3,"href":"https:\/\/www.vnucka.sk\/index.php\/wp-json\/wp\/v2\/posts\/1747\/revisions"}],"predecessor-version":[{"id":1755,"href":"https:\/\/www.vnucka.sk\/index.php\/wp-json\/wp\/v2\/posts\/1747\/revisions\/1755"}],"wp:attachment":[{"href":"https:\/\/www.vnucka.sk\/index.php\/wp-json\/wp\/v2\/media?parent=1747"}],"wp:term":[{"taxonomy":"category","embeddable":true,"href":"https:\/\/www.vnucka.sk\/index.php\/wp-json\/wp\/v2\/categories?post=1747"},{"taxonomy":"post_tag","embeddable":true,"href":"https:\/\/www.vnucka.sk\/index.php\/wp-json\/wp\/v2\/tags?post=1747"}],"curies":[{"name":"wp","href":"https:\/\/api.w.org\/{rel}","templated":true}]}}