{"id":1802,"date":"2019-02-14T10:10:54","date_gmt":"2019-02-14T09:10:54","guid":{"rendered":"http:\/\/www.vnucka.sk\/?p=1802"},"modified":"2019-02-14T10:11:23","modified_gmt":"2019-02-14T09:11:23","slug":"pod-kridlami-anjelov","status":"publish","type":"post","link":"https:\/\/www.vnucka.sk\/index.php\/2019\/02\/14\/pod-kridlami-anjelov\/","title":{"rendered":"Pod kr\u00eddlami anjelov"},"content":{"rendered":"<p>Ocenenie Kri\u0161t\u00e1\u013eov\u00ed kr\u00eddlo, ktor\u00e9 som ned\u00e1vno dostala za projekt ktor\u00fd vytv\u00e1ra RODINU pre osamel\u00fdch seniorov sa v tento kr\u00e1sny de\u0148 spojen\u00fdch srdie\u010dok, ocitlo pod kr\u00eddlami mojich anjelov &#8230;<\/p>\n<p><span class=\"embed-youtube\" style=\"text-align:center; display: block;\"><iframe loading=\"lazy\" class=\"youtube-player\" width=\"605\" height=\"341\" src=\"https:\/\/www.youtube.com\/embed\/pZ3wUpnZfpY?version=3&#038;rel=1&#038;showsearch=0&#038;showinfo=1&#038;iv_load_policy=1&#038;fs=1&#038;hl=sk-SK&#038;autohide=2&#038;wmode=transparent\" allowfullscreen=\"true\" style=\"border:0;\" sandbox=\"allow-scripts allow-same-origin allow-popups allow-presentation\"><\/iframe><\/span><\/p>\n<div id=\"polls-53\" class=\"wp-polls\">\n\t<form id=\"polls_form_53\" class=\"wp-polls-form\" action=\"\/index.php\" method=\"post\">\n\t\t<p style=\"display: none;\"><input type=\"hidden\" id=\"poll_53_nonce\" name=\"wp-polls-nonce\" value=\"08ac7118d5\" \/><\/p>\n\t\t<p style=\"display: none;\"><input type=\"hidden\" name=\"poll_id\" value=\"53\" \/><\/p>\n\t\t<p style=\"text-align: center\"><strong>Hodnotenie pr\u00edspevku :<\/strong><\/p><div id=\"polls-53-ans\" class=\"wp-polls-ans\"><ul class=\"wp-polls-ul\">\n\t\t<li><input type=\"radio\" id=\"poll-answer-161\" name=\"poll_53\" value=\"161\" \/> <label for=\"poll-answer-161\">\u00da\u017easn\u00fd obsah, pros\u00edm viac tak\u00fdch<\/label><\/li>\n\t\t<li><input type=\"radio\" id=\"poll-answer-162\" name=\"poll_53\" value=\"162\" \/> <label for=\"poll-answer-162\">V pohode ako relax na odreagovanie<\/label><\/li>\n\t\t<li><input type=\"radio\" id=\"poll-answer-163\" name=\"poll_53\" value=\"163\" \/> <label for=\"poll-answer-163\">Pr\u00edjemn\u00fd \u0161tandard, mo\u017eno trochu o\u017eivi\u0165<\/label><\/li>\n\t\t<\/ul>\r\n<p style=\"text-align: center\"><input type=\"button\" name=\"Hlasova\u0165\/Vote\" value=\"   Hlasova\u0165\/Vote   \" class=\"Buttons\" onclick=\"poll_vote(53);\" \/><\/p>\r\n<p style=\"text-align: center\"><a href=\"#ViewPollResults\" onclick=\"poll_result(53); return false;\" title=\"View Results Of This Poll\">Zobrazi\u0165 v\u00fdsledky\/Results<\/a><\/p>\r\n<\/div>\n\t<\/form>\n<\/div>\n<div id=\"polls-53-loading\" class=\"wp-polls-loading\"><img src=\"https:\/\/www.vnucka.sk\/wp-content\/plugins\/wp-polls\/images\/loading.gif\" width=\"16\" height=\"16\" alt=\"Loading ...\" title=\"Loading ...\" class=\"wp-polls-image\" \/>&nbsp;Loading ...<\/div>\n\n","protected":false},"excerpt":{"rendered":"<p>Ocenenie Kri\u0161t\u00e1\u013eov\u00ed kr\u00eddlo, ktor\u00e9 som ned\u00e1vno dostala za projekt ktor\u00fd vytv\u00e1ra RODINU pre osamel\u00fdch seniorov sa v tento kr\u00e1sny de\u0148 spojen\u00fdch srdie\u010dok, ocitlo pod kr\u00eddlami mojich anjelov &#8230;<\/p>\n","protected":false},"author":1,"featured_media":0,"comment_status":"closed","ping_status":"open","sticky":false,"template":"","format":"standard","meta":{"jetpack_publicize_message":"","jetpack_is_tweetstorm":false,"jetpack_publicize_feature_enabled":true},"categories":[5],"tags":[],"jetpack_publicize_connections":[],"jetpack_featured_media_url":"","jetpack_sharing_enabled":true,"jetpack_shortlink":"https:\/\/wp.me\/p9gi65-t4","jetpack-related-posts":[{"id":1317,"url":"https:\/\/www.vnucka.sk\/index.php\/2018\/11\/26\/pohladenie-duse-v-brodzanoch\/","url_meta":{"origin":1802,"position":0},"title":"Pohladenie du\u0161e v Brodzanoch","date":"26. novembra 2018","format":false,"excerpt":"babi\u010dka Darinka zat\u00fa\u017eila nav\u0161t\u00edvi\u0165 m\u00fazeum A.S. Pu\u0161kina v ka\u0161tieli v Brodzanoch, tak sme aj s Darinkinou kamar\u00e1tkou Agne\u0161kou stihli posledn\u00e9 novembrov\u00e9 slnie\u010dko na v\u00fdlet. P\u00f4sobiv\u00e1 historia ka\u0161tie\u013ea, zvuk napadan\u00e9ho l\u00edstia pod nohami v z\u00e1mockom parku, majest\u00e1tne vz\u00e1cne stromy boli priam pohladen\u00edm pre du\u0161u. Seniori maj\u00fa prirodzen\u00fd cit, ako pre\u017ei\u0165 hodnotn\u00fd\u2026","rel":"","context":"V &quot;be\u017en\u00fd \u017eivot&quot;","img":{"alt_text":"","src":"https:\/\/i0.wp.com\/www.vnucka.sk\/wp-content\/uploads\/2018\/11\/20181015_151427.jpg?resize=350%2C200","width":350,"height":200},"classes":[]},{"id":940,"url":"https:\/\/www.vnucka.sk\/index.php\/2018\/02\/26\/dakujem-babicka-moja\/","url_meta":{"origin":1802,"position":1},"title":"\u010eAKUJEM BABI\u010cKA MOJA","date":"26. febru\u00e1ra 2018","format":false,"excerpt":"Dnes som poc\u00edtila ve\u013ek\u00fa silu a oporu, ke\u010f ma moja babka Anka v \u017eivom vysielan\u00ed TELER\u00c1NA v Mark\u00edze chytila za ruku a pevne dr\u017eala, preto\u017ee c\u00edtila moju tr\u00e9mu. P\u00e1r sek\u00fand pred \u017eiv\u00fdm vstupom som sa cel\u00e1 chvela. B\u00e1la som sa, \u010di sa nezakokt\u00e1m, nestrat\u00edm my\u0161lienku \u010do chcem poveda\u0165 a \u010di\u2026","rel":"","context":"V &quot;be\u017en\u00fd \u017eivot&quot;","img":{"alt_text":"","src":"https:\/\/i0.wp.com\/www.vnucka.sk\/wp-content\/uploads\/2018\/02\/fotomarkiza.jpg?resize=350%2C200","width":350,"height":200},"classes":[]},{"id":636,"url":"https:\/\/www.vnucka.sk\/index.php\/2017\/11\/24\/vianocny-bazarik-v-archa-n-o\/","url_meta":{"origin":1802,"position":2},"title":"Viano\u010dn\u00fd baz\u00e1rik v ARCHA n.o","date":"24. novembra 2017","format":false,"excerpt":"S ve\u013ekou v\u010fakou som prijala pozvanie na prv\u00fd Viano\u010dn\u00fd baz\u00e1rik v Domove soci\u00e1lnych slu\u017eieb ARCHA n.o B\u00e1novce nad Bebravou, ktor\u00fd zorganizovala pani riadite\u013eka ARCHY n.o - Renka Streicher. V sprievode mojich babi\u010diek a pani MUDr. Hoffmanovej predsedn\u00ed\u010dky miestneho spolku \u010cerven\u00e9ho kr\u00ed\u017ea, sme str\u00e1vili n\u00e1dhern\u00fd \u010das v priestoroch ARCHY n.o a\u2026","rel":"","context":"V &quot;be\u017en\u00fd \u017eivot&quot;","img":{"alt_text":"","src":"https:\/\/i0.wp.com\/www.vnucka.sk\/wp-content\/uploads\/2017\/11\/fotka.jpg?resize=350%2C200","width":350,"height":200},"classes":[]},{"id":1208,"url":"https:\/\/www.vnucka.sk\/index.php\/2018\/10\/24\/vnucka-sk-je-ocenena-senior-friendly\/","url_meta":{"origin":1802,"position":3},"title":"Vnu\u010dka.sk je ocenen\u00e1 SENIOR FRIENDLY","date":"24. okt\u00f3bra 2018","format":false,"excerpt":"SME SENIOR FRIENDLY \ud83c\udf1e Nov\u00e9 priate\u013estvo s Klub Luna o.z. a Bagar o.z, ktor\u00ed ka\u017edoro\u010dne pod taktovkou p\u00e1na PhDr. Milo\u0161a Neme\u010deka oce\u0148uj\u00fa in\u00fdch v Zichyho pala\u00e1ci Bratislava za pr\u00ednos do \u017eivota seniorov, n\u00e1s pr\u00edjemne povzbudilo \u2764\ufe0f\u2764\ufe0f\u2764\ufe0f. Te\u0161\u00edme sa ve\u013emi na spolupr\u00e1cu! ... Maestro Du\u0161an Gr\u00fa\u0148, spev\u00e1k s ve\u013ekou charizmou, sprev\u00e1dza\u2026","rel":"","context":"V &quot;be\u017en\u00fd \u017eivot&quot;","img":{"alt_text":"","src":"https:\/\/i0.wp.com\/www.vnucka.sk\/wp-content\/uploads\/2018\/10\/44490421_334716327295105_5687632895817023488_n.jpg?resize=350%2C200","width":350,"height":200},"classes":[]},{"id":1337,"url":"https:\/\/www.vnucka.sk\/index.php\/2018\/12\/07\/predvianocne-milniky\/","url_meta":{"origin":1802,"position":4},"title":"Predviano\u010dn\u00e9 m\u00ed\u013eniky","date":"7. decembra 2018","format":false,"excerpt":"\"To \u010do pre\u017e\u00edvali tie, ktor\u00e9 sme nav\u0161t\u00edvili, to s\u00fa u\u017e len tak\u00e9 m\u00ed\u013eniky \u010dasu, ale pre ich srdce a pre ich povedomie to ve\u013emi ve\u013ea znamenalo\" Hlbok\u00fd odkaz slov, ktor\u00e9 po predviano\u010dn\u00fdch n\u00e1v\u0161tev\u00e1ch rovesn\u00ed\u010diek vyslovila babi\u010dka Martu\u0161ka, mi prenikol pod ko\u017eu a zaleskli sa mi o\u010di. Nezab\u00fadajme na seniorov a\u2026","rel":"","context":"V &quot;be\u017en\u00fd \u017eivot&quot;","img":{"alt_text":"","src":"https:\/\/i0.wp.com\/www.vnucka.sk\/wp-content\/uploads\/2018\/12\/20181017_131903.jpg?resize=350%2C200","width":350,"height":200},"classes":[]},{"id":1959,"url":"https:\/\/www.vnucka.sk\/index.php\/2019\/10\/13\/tam-kde-sa-dobre-zije\/","url_meta":{"origin":1802,"position":5},"title":"Tam, kde sa dobre \u017eije","date":"13. okt\u00f3bra 2019","format":false,"excerpt":"\u010eakujeme za n\u00e1dherne str\u00e1ven\u00fd \u010das v domove pre seniorov K\u0161inn\u00e1, kde sme boli s mojou ob\u013e\u00fabenou seniorkou Elenkou nielen zahra\u0165 a zaspieva\u0165 babi\u010dk\u00e1m a dedu\u0161kovi. Obetav\u00e1 starostlivos\u0165 o seniorov pod veden\u00edm pani riadite\u013eky Mgr. Marty Hrubej a z\u00e1stupkyne Mgr. Veroniky Hudecovej je v tomto domove absol\u00fatne TOP! \u2764\ufe0f\u2764\ufe0f\u2764\ufe0f U\u017e sa\u2026","rel":"","context":"V &quot;be\u017en\u00fd \u017eivot&quot;","img":{"alt_text":"","src":"https:\/\/i0.wp.com\/www.vnucka.sk\/wp-content\/uploads\/2019\/10\/20190902_120718.jpg?resize=350%2C200&ssl=1","width":350,"height":200},"classes":[]}],"jetpack_likes_enabled":false,"_links":{"self":[{"href":"https:\/\/www.vnucka.sk\/index.php\/wp-json\/wp\/v2\/posts\/1802"}],"collection":[{"href":"https:\/\/www.vnucka.sk\/index.php\/wp-json\/wp\/v2\/posts"}],"about":[{"href":"https:\/\/www.vnucka.sk\/index.php\/wp-json\/wp\/v2\/types\/post"}],"author":[{"embeddable":true,"href":"https:\/\/www.vnucka.sk\/index.php\/wp-json\/wp\/v2\/users\/1"}],"replies":[{"embeddable":true,"href":"https:\/\/www.vnucka.sk\/index.php\/wp-json\/wp\/v2\/comments?post=1802"}],"version-history":[{"count":1,"href":"https:\/\/www.vnucka.sk\/index.php\/wp-json\/wp\/v2\/posts\/1802\/revisions"}],"predecessor-version":[{"id":1803,"href":"https:\/\/www.vnucka.sk\/index.php\/wp-json\/wp\/v2\/posts\/1802\/revisions\/1803"}],"wp:attachment":[{"href":"https:\/\/www.vnucka.sk\/index.php\/wp-json\/wp\/v2\/media?parent=1802"}],"wp:term":[{"taxonomy":"category","embeddable":true,"href":"https:\/\/www.vnucka.sk\/index.php\/wp-json\/wp\/v2\/categories?post=1802"},{"taxonomy":"post_tag","embeddable":true,"href":"https:\/\/www.vnucka.sk\/index.php\/wp-json\/wp\/v2\/tags?post=1802"}],"curies":[{"name":"wp","href":"https:\/\/api.w.org\/{rel}","templated":true}]}}