{"id":1831,"date":"2019-03-15T09:16:11","date_gmt":"2019-03-15T08:16:11","guid":{"rendered":"http:\/\/www.vnucka.sk\/?p=1831"},"modified":"2019-03-16T07:31:25","modified_gmt":"2019-03-16T06:31:25","slug":"konferencia-krok","status":"publish","type":"post","link":"https:\/\/www.vnucka.sk\/index.php\/2019\/03\/15\/konferencia-krok\/","title":{"rendered":"Konferencia KROK"},"content":{"rendered":"\n<p>V\u010faka konferencii KROK v Trstenej, kde som prezentovala n\u00e1\u0161 projekt Vnu\u010dka.sk, som spoznala nov\u00fdch in\u0161pirat\u00edvnych \u013eud\u00ed. &#x2764;&#xfe0f;&#x2764;&#xfe0f;&#x2764;&#xfe0f;  Ve\u013ek\u00e9 uznanie organiz\u00e1torom V.I.A.C &#8211; in\u0161tit\u00fat pre podporu a rozvoj  ml\u00e1de\u017ee za ich skvel\u00e9 organiza\u010dn\u00e9 umenie a my\u0161lienku, ktor\u00e1 rob\u00ed n\u00e1\u0161  svet kraj\u0161\u00edm &#x1f44d;&#x1f609;<br><a href=\"https:\/\/www.facebook.com\/photo.php?fbid=411923256241078&amp;set=pcb.411926132907457&amp;type=3&amp;__tn__=HH-R&amp;eid=ARDYB8NJYNm1blsz7dfKJcsHQyv7yE3sjQCVR6LzfOo9YFO5w_800hLQlRRc9-tyhg4AF31WgWspIWzF\"><\/a><\/p>\n\n\n\n<figure class=\"wp-block-image\"><img data-attachment-id=\"1832\" data-permalink=\"https:\/\/www.vnucka.sk\/index.php\/2019\/03\/15\/konferencia-krok\/img_20190314_175310\/\" data-orig-file=\"https:\/\/www.vnucka.sk\/wp-content\/uploads\/2019\/03\/IMG_20190314_175310.jpg\" data-orig-size=\"4608,3456\" data-comments-opened=\"0\" data-image-meta=\"{&quot;aperture&quot;:&quot;2.2&quot;,&quot;credit&quot;:&quot;&quot;,&quot;camera&quot;:&quot;K6000 Pro&quot;,&quot;caption&quot;:&quot;&quot;,&quot;created_timestamp&quot;:&quot;1552585991&quot;,&quot;copyright&quot;:&quot;&quot;,&quot;focal_length&quot;:&quot;3.5&quot;,&quot;iso&quot;:&quot;863&quot;,&quot;shutter_speed&quot;:&quot;0.090006&quot;,&quot;title&quot;:&quot;&quot;,&quot;orientation&quot;:&quot;1&quot;}\" data-image-title=\"IMG_20190314_175310\" data-image-description=\"\" data-image-caption=\"\" data-medium-file=\"https:\/\/www.vnucka.sk\/wp-content\/uploads\/2019\/03\/IMG_20190314_175310-300x225.jpg\" data-large-file=\"https:\/\/www.vnucka.sk\/wp-content\/uploads\/2019\/03\/IMG_20190314_175310-1024x768.jpg\" loading=\"lazy\" width=\"1024\" height=\"768\" src=\"http:\/\/www.vnucka.sk\/wp-content\/uploads\/2019\/03\/IMG_20190314_175310-1024x768.jpg\" alt=\"\" class=\"wp-image-1832\" srcset=\"https:\/\/www.vnucka.sk\/wp-content\/uploads\/2019\/03\/IMG_20190314_175310-1024x768.jpg 1024w, https:\/\/www.vnucka.sk\/wp-content\/uploads\/2019\/03\/IMG_20190314_175310-300x225.jpg 300w, https:\/\/www.vnucka.sk\/wp-content\/uploads\/2019\/03\/IMG_20190314_175310-768x576.jpg 768w, https:\/\/www.vnucka.sk\/wp-content\/uploads\/2019\/03\/IMG_20190314_175310-100x75.jpg 100w, https:\/\/www.vnucka.sk\/wp-content\/uploads\/2019\/03\/IMG_20190314_175310-150x113.jpg 150w, https:\/\/www.vnucka.sk\/wp-content\/uploads\/2019\/03\/IMG_20190314_175310-200x150.jpg 200w, https:\/\/www.vnucka.sk\/wp-content\/uploads\/2019\/03\/IMG_20190314_175310-450x338.jpg 450w, https:\/\/www.vnucka.sk\/wp-content\/uploads\/2019\/03\/IMG_20190314_175310-600x450.jpg 600w, https:\/\/www.vnucka.sk\/wp-content\/uploads\/2019\/03\/IMG_20190314_175310-900x675.jpg 900w\" sizes=\"(max-width: 1024px) 100vw, 1024px\" \/><\/figure>\n\n\n\n<figure class=\"wp-block-image\"><img data-attachment-id=\"1833\" data-permalink=\"https:\/\/www.vnucka.sk\/index.php\/2019\/03\/15\/konferencia-krok\/img_20190314_174123\/\" data-orig-file=\"https:\/\/www.vnucka.sk\/wp-content\/uploads\/2019\/03\/IMG_20190314_174123.jpg\" data-orig-size=\"4608,3456\" data-comments-opened=\"0\" data-image-meta=\"{&quot;aperture&quot;:&quot;2.2&quot;,&quot;credit&quot;:&quot;&quot;,&quot;camera&quot;:&quot;K6000 Pro&quot;,&quot;caption&quot;:&quot;&quot;,&quot;created_timestamp&quot;:&quot;1552585285&quot;,&quot;copyright&quot;:&quot;&quot;,&quot;focal_length&quot;:&quot;3.5&quot;,&quot;iso&quot;:&quot;650&quot;,&quot;shutter_speed&quot;:&quot;0.08&quot;,&quot;title&quot;:&quot;&quot;,&quot;orientation&quot;:&quot;1&quot;}\" data-image-title=\"IMG_20190314_174123\" data-image-description=\"\" data-image-caption=\"\" data-medium-file=\"https:\/\/www.vnucka.sk\/wp-content\/uploads\/2019\/03\/IMG_20190314_174123-300x225.jpg\" data-large-file=\"https:\/\/www.vnucka.sk\/wp-content\/uploads\/2019\/03\/IMG_20190314_174123-1024x768.jpg\" loading=\"lazy\" width=\"1024\" height=\"768\" src=\"http:\/\/www.vnucka.sk\/wp-content\/uploads\/2019\/03\/IMG_20190314_174123-1024x768.jpg\" alt=\"\" class=\"wp-image-1833\" srcset=\"https:\/\/www.vnucka.sk\/wp-content\/uploads\/2019\/03\/IMG_20190314_174123-1024x768.jpg 1024w, https:\/\/www.vnucka.sk\/wp-content\/uploads\/2019\/03\/IMG_20190314_174123-300x225.jpg 300w, https:\/\/www.vnucka.sk\/wp-content\/uploads\/2019\/03\/IMG_20190314_174123-768x576.jpg 768w, https:\/\/www.vnucka.sk\/wp-content\/uploads\/2019\/03\/IMG_20190314_174123-100x75.jpg 100w, https:\/\/www.vnucka.sk\/wp-content\/uploads\/2019\/03\/IMG_20190314_174123-150x113.jpg 150w, https:\/\/www.vnucka.sk\/wp-content\/uploads\/2019\/03\/IMG_20190314_174123-200x150.jpg 200w, https:\/\/www.vnucka.sk\/wp-content\/uploads\/2019\/03\/IMG_20190314_174123-450x338.jpg 450w, https:\/\/www.vnucka.sk\/wp-content\/uploads\/2019\/03\/IMG_20190314_174123-600x450.jpg 600w, https:\/\/www.vnucka.sk\/wp-content\/uploads\/2019\/03\/IMG_20190314_174123-900x675.jpg 900w\" sizes=\"(max-width: 1024px) 100vw, 1024px\" \/><\/figure>\n\n\n\n<figure class=\"wp-block-embed-youtube wp-block-embed is-type-video is-provider-youtube wp-embed-aspect-16-9 wp-has-aspect-ratio\"><div class=\"wp-block-embed__wrapper\">\n<span class=\"embed-youtube\" style=\"text-align:center; display: block;\"><iframe loading=\"lazy\" class=\"youtube-player\" width=\"605\" height=\"341\" src=\"https:\/\/www.youtube.com\/embed\/OVgeMO71xbY?version=3&#038;rel=1&#038;showsearch=0&#038;showinfo=1&#038;iv_load_policy=1&#038;fs=1&#038;hl=sk-SK&#038;autohide=2&#038;wmode=transparent\" allowfullscreen=\"true\" style=\"border:0;\" sandbox=\"allow-scripts allow-same-origin allow-popups allow-presentation\"><\/iframe><\/span>\n<\/div><\/figure>\n\n\n\n<div id=\"polls-92\" class=\"wp-polls\">\n\t<form id=\"polls_form_92\" class=\"wp-polls-form\" action=\"\/index.php\" method=\"post\">\n\t\t<p style=\"display: none;\"><input type=\"hidden\" id=\"poll_92_nonce\" name=\"wp-polls-nonce\" value=\"fd379c3241\" \/><\/p>\n\t\t<p style=\"display: none;\"><input type=\"hidden\" name=\"poll_id\" value=\"92\" \/><\/p>\n\t\t<p style=\"text-align: center\"><strong>Hodnotenie pr\u00edspevku :<\/strong><\/p><div id=\"polls-92-ans\" class=\"wp-polls-ans\"><ul class=\"wp-polls-ul\">\n\t\t<li><input type=\"radio\" id=\"poll-answer-279\" name=\"poll_92\" value=\"279\" \/> <label for=\"poll-answer-279\">\u00da\u017easn\u00fd obsah, pros\u00edm viac tak\u00fdch<\/label><\/li>\n\t\t<li><input type=\"radio\" id=\"poll-answer-280\" name=\"poll_92\" value=\"280\" \/> <label for=\"poll-answer-280\">V pohode ako relax na odreagovanie<\/label><\/li>\n\t\t<li><input type=\"radio\" id=\"poll-answer-281\" name=\"poll_92\" value=\"281\" \/> <label for=\"poll-answer-281\">Pr\u00edjemn\u00fd \u0161tandard, mo\u017eno trochu o\u017eivi\u0165<\/label><\/li>\n\t\t<\/ul>\r\n<p style=\"text-align: center\"><input type=\"button\" name=\"Hlasova\u0165\/Vote\" value=\"   Hlasova\u0165\/Vote   \" class=\"Buttons\" onclick=\"poll_vote(92);\" \/><\/p>\r\n<p style=\"text-align: center\"><a href=\"#ViewPollResults\" onclick=\"poll_result(92); return false;\" title=\"View Results Of This Poll\">Zobrazi\u0165 v\u00fdsledky\/Results<\/a><\/p>\r\n<\/div>\n\t<\/form>\n<\/div>\n<div id=\"polls-92-loading\" class=\"wp-polls-loading\"><img src=\"https:\/\/www.vnucka.sk\/wp-content\/plugins\/wp-polls\/images\/loading.gif\" width=\"16\" height=\"16\" alt=\"Loading ...\" title=\"Loading ...\" class=\"wp-polls-image\" \/>&nbsp;Loading ...<\/div>\n\n","protected":false},"excerpt":{"rendered":"<p>V\u010faka konferencii KROK v Trstenej, kde som prezentovala n\u00e1\u0161 projekt Vnu\u010dka.sk, som spoznala nov\u00fdch in\u0161pirat\u00edvnych \u013eud\u00ed. &#x2764;&#xfe0f;&#x2764;&#xfe0f;&#x2764;&#xfe0f; Ve\u013ek\u00e9 uznanie organiz\u00e1torom V.I.A.C &#8211; in\u0161tit\u00fat pre podporu a rozvoj ml\u00e1de\u017ee za ich skvel\u00e9 organiza\u010dn\u00e9 umenie a my\u0161lienku, ktor\u00e1 rob\u00ed n\u00e1\u0161 svet kraj\u0161\u00edm &hellip;<\/p>\n<p class=\"read-more\"> <a class=\"\" href=\"https:\/\/www.vnucka.sk\/index.php\/2019\/03\/15\/konferencia-krok\/\"> <span class=\"screen-reader-text\">Konferencia KROK<\/span> Read More &raquo;<\/a><\/p>\n","protected":false},"author":1,"featured_media":0,"comment_status":"closed","ping_status":"open","sticky":false,"template":"","format":"standard","meta":{"jetpack_publicize_message":"","jetpack_is_tweetstorm":false,"jetpack_publicize_feature_enabled":true},"categories":[5],"tags":[],"jetpack_publicize_connections":[],"jetpack_featured_media_url":"","jetpack_sharing_enabled":true,"jetpack_shortlink":"https:\/\/wp.me\/p9gi65-tx","jetpack-related-posts":[{"id":1208,"url":"https:\/\/www.vnucka.sk\/index.php\/2018\/10\/24\/vnucka-sk-je-ocenena-senior-friendly\/","url_meta":{"origin":1831,"position":0},"title":"Vnu\u010dka.sk je ocenen\u00e1 SENIOR FRIENDLY","date":"24. okt\u00f3bra 2018","format":false,"excerpt":"SME SENIOR FRIENDLY \ud83c\udf1e Nov\u00e9 priate\u013estvo s Klub Luna o.z. a Bagar o.z, ktor\u00ed ka\u017edoro\u010dne pod taktovkou p\u00e1na PhDr. Milo\u0161a Neme\u010deka oce\u0148uj\u00fa in\u00fdch v Zichyho pala\u00e1ci Bratislava za pr\u00ednos do \u017eivota seniorov, n\u00e1s pr\u00edjemne povzbudilo \u2764\ufe0f\u2764\ufe0f\u2764\ufe0f. Te\u0161\u00edme sa ve\u013emi na spolupr\u00e1cu! ... Maestro Du\u0161an Gr\u00fa\u0148, spev\u00e1k s ve\u013ekou charizmou, sprev\u00e1dza\u2026","rel":"","context":"V &quot;be\u017en\u00fd \u017eivot&quot;","img":{"alt_text":"","src":"https:\/\/i0.wp.com\/www.vnucka.sk\/wp-content\/uploads\/2018\/10\/44490421_334716327295105_5687632895817023488_n.jpg?resize=350%2C200","width":350,"height":200},"classes":[]},{"id":1841,"url":"https:\/\/www.vnucka.sk\/index.php\/2019\/03\/26\/vasi-seniori\/","url_meta":{"origin":1831,"position":1},"title":"Va\u0161i seniori","date":"26. marca 2019","format":false,"excerpt":"Va\u0161i star\u00ed rodi\u010dia, Va\u0161e z\u00e1\u017eitky, Va\u0161e spojenie s ich \u017eivotmi \u010di srdie\u010dkami. \u010eakujem za mil\u00e9 fotografie, ktor\u00e9 ste n\u00e1m zaslali, rada sa podel\u00edm o \u010dist\u00fa energiu, ktor\u00fa tieto momentky doslova vy\u017earuj\u00fa ... Som rada, \u017ee nezab\u00fadate na t\u00fdch, ktor\u00fdm v\u010fa\u010d\u00edme za na\u0161ich rodi\u010dov a v kone\u010dnom d\u00f4sledku za n\u00e1s samotn\u00fdch\u2026","rel":"","context":"V &quot;be\u017en\u00fd \u017eivot&quot;","img":{"alt_text":"","src":"https:\/\/i0.wp.com\/www.vnucka.sk\/wp-content\/uploads\/2019\/03\/seniori_prijate.jpg?resize=350%2C200&ssl=1","width":350,"height":200},"classes":[]},{"id":2408,"url":"https:\/\/www.vnucka.sk\/index.php\/2022\/01\/09\/novorocne-zelanie\/","url_meta":{"origin":1831,"position":2},"title":"Novoro\u010dn\u00e9 \u017eelanie","date":"9. janu\u00e1ra 2022","format":false,"excerpt":"https:\/\/youtu.be\/_IrEaE6uB2A Priatelia, nad\u0161enie z Vianoc, rados\u0165 z dar\u010dekov je za nami a ka\u017ed\u00e9ho z n\u00e1s \u010dak\u00e1 v\u0161edn\u00e1 realita. Ja by som si \u017eelala, aby ste nezab\u00fadali na seniorov aj po\u010das cel\u00e9ho \u010fal\u0161ieho roku 2022. By\u0165 vnu\u010dkou alebo vn\u00fa\u010dikom na p\u00e1r okamihov m\u00f4\u017ee by\u0165 naozaj ka\u017ed\u00fd ... V min\u00fatovom videjku kr\u00e1tky\u2026","rel":"","context":"V &quot;be\u017en\u00fd \u017eivot&quot;","img":{"alt_text":"","src":"https:\/\/i0.wp.com\/img.youtube.com\/vi\/_IrEaE6uB2A\/0.jpg?resize=350%2C200","width":350,"height":200},"classes":[]},{"id":1987,"url":"https:\/\/www.vnucka.sk\/index.php\/2019\/11\/04\/radost-pritomneho-okamihu\/","url_meta":{"origin":1831,"position":3},"title":"Rados\u0165 pr\u00edtomn\u00e9ho okamihu","date":"4. novembra 2019","format":false,"excerpt":"Prv\u00fdkr\u00e1t v 85 rokoch babi\u010dka Majka na v\u00fdlete do modern\u00e9ho n\u00e1kupn\u00e9ho centra \ud83d\ude09 a \u017ee sme si to u\u017eili! Nov\u00fa z\u00e1steru sme s\u00edce nek\u00fapili, ale vychutnali sme si parfum\u00e9rie, mas\u00e1\u017ee a nakukli do v\u0161etk\u00fdch obchodov\ud83d\udc4d Ve\u013ek\u00fd z\u00e1\u017eitok a super n\u00e1lada n\u00e1s odvtedy dr\u017e\u00ed st\u00e1le, u\u017e dlho som nevidela to\u013eko radosti\u2026","rel":"","context":"V &quot;be\u017en\u00fd \u017eivot&quot;","img":{"alt_text":"","src":"https:\/\/i0.wp.com\/img.youtube.com\/vi\/TSf8k1vdrBo\/0.jpg?resize=350%2C200","width":350,"height":200},"classes":[]},{"id":1863,"url":"https:\/\/www.vnucka.sk\/index.php\/2019\/05\/14\/babickina-vona-kolacikov\/","url_meta":{"origin":1831,"position":4},"title":"Babi\u010dkina v\u00f4\u0148a kol\u00e1\u010dikov","date":"14. m\u00e1ja 2019","format":false,"excerpt":"Lydka je sympatick\u00e1 typick\u00e1 babi\u010dka, okolo ktorej sa neust\u00e1le \u0161\u00edri v\u00f4\u0144a dom\u00e1cich kol\u00e1\u010dikov, ktor\u00fdmi rada pohost\u00ed ma\u0161krtn\u00e9 jaz\u00fd\u010dky. \ud83d\udc4d Aj ja \u0165a\u017eko odol\u00e1vam \ud83d\ude0b Spoznala som ju len predned\u00e1vnom, ve\u013emi som si ju ob\u013e\u00fabila, fascinuje ma jej \u017eivotn\u00e1 energia i napriek zdravotn\u00fdm obmedzeniam, zmysel pre spravodlivos\u0165 a neut\u00edchaj\u00faca t\u00fa\u017eba pozn\u00e1va\u0165\u2026","rel":"","context":"V &quot;be\u017en\u00fd \u017eivot&quot;","img":{"alt_text":"","src":"https:\/\/i0.wp.com\/www.vnucka.sk\/wp-content\/uploads\/2019\/05\/20190316_165909.jpg?resize=350%2C200&ssl=1","width":350,"height":200},"classes":[]},{"id":2062,"url":"https:\/\/www.vnucka.sk\/index.php\/2019\/12\/03\/srdcia-v-darcekoch\/","url_meta":{"origin":1831,"position":5},"title":"Srdcia v dar\u010dekoch","date":"3. decembra 2019","format":false,"excerpt":"Obehali, vyzbierali, nak\u00fapili, doviezli. Ke\u010f som uvidela pln\u00e9 auto viano\u010dn\u00fdch bal\u00edkov pre mojich dedu\u0161kov a babi\u010dky, chv\u00ed\u013eu som nebola schopn\u00e1 ni\u010d poveda\u0165. \ud83d\ude07 Pr\u00edjemn\u00e9 mlad\u00e9 d\u00e1my z Ministerstva vn\u00fatra Slovenskej republiky a ich kolegyne, kolegovia si povedali, \u017ee spr\u00edjemnia nezn\u00e1mym seniorom Vianoce! Babku Anku sme menovali velite\u013ekou oper\u00e1cie \" spravodlivo\u2026","rel":"","context":"V &quot;be\u017en\u00fd \u017eivot&quot;","img":{"alt_text":"","src":"https:\/\/i0.wp.com\/www.vnucka.sk\/wp-content\/uploads\/2019\/12\/titulkafotovianoce.jpg?resize=350%2C200&ssl=1","width":350,"height":200},"classes":[]}],"jetpack_likes_enabled":false,"_links":{"self":[{"href":"https:\/\/www.vnucka.sk\/index.php\/wp-json\/wp\/v2\/posts\/1831"}],"collection":[{"href":"https:\/\/www.vnucka.sk\/index.php\/wp-json\/wp\/v2\/posts"}],"about":[{"href":"https:\/\/www.vnucka.sk\/index.php\/wp-json\/wp\/v2\/types\/post"}],"author":[{"embeddable":true,"href":"https:\/\/www.vnucka.sk\/index.php\/wp-json\/wp\/v2\/users\/1"}],"replies":[{"embeddable":true,"href":"https:\/\/www.vnucka.sk\/index.php\/wp-json\/wp\/v2\/comments?post=1831"}],"version-history":[{"count":1,"href":"https:\/\/www.vnucka.sk\/index.php\/wp-json\/wp\/v2\/posts\/1831\/revisions"}],"predecessor-version":[{"id":1834,"href":"https:\/\/www.vnucka.sk\/index.php\/wp-json\/wp\/v2\/posts\/1831\/revisions\/1834"}],"wp:attachment":[{"href":"https:\/\/www.vnucka.sk\/index.php\/wp-json\/wp\/v2\/media?parent=1831"}],"wp:term":[{"taxonomy":"category","embeddable":true,"href":"https:\/\/www.vnucka.sk\/index.php\/wp-json\/wp\/v2\/categories?post=1831"},{"taxonomy":"post_tag","embeddable":true,"href":"https:\/\/www.vnucka.sk\/index.php\/wp-json\/wp\/v2\/tags?post=1831"}],"curies":[{"name":"wp","href":"https:\/\/api.w.org\/{rel}","templated":true}]}}