{"id":1880,"date":"2019-06-12T10:43:29","date_gmt":"2019-06-12T08:43:29","guid":{"rendered":"http:\/\/www.vnucka.sk\/?p=1880"},"modified":"2019-06-12T10:43:36","modified_gmt":"2019-06-12T08:43:36","slug":"na-moravske-palave-se-nestarne","status":"publish","type":"post","link":"https:\/\/www.vnucka.sk\/index.php\/2019\/06\/12\/na-moravske-palave-se-nestarne\/","title":{"rendered":"Na moravsk\u00e9 P\u00e1lav\u011b se nest\u00e1rne"},"content":{"rendered":"\n<figure class=\"wp-block-image\"><img data-attachment-id=\"1882\" data-permalink=\"https:\/\/www.vnucka.sk\/index.php\/2019\/06\/12\/na-moravske-palave-se-nestarne\/dedo2\/\" data-orig-file=\"https:\/\/www.vnucka.sk\/wp-content\/uploads\/2019\/06\/dedo2.jpg\" data-orig-size=\"1093,627\" data-comments-opened=\"0\" data-image-meta=\"{&quot;aperture&quot;:&quot;0&quot;,&quot;credit&quot;:&quot;&quot;,&quot;camera&quot;:&quot;&quot;,&quot;caption&quot;:&quot;&quot;,&quot;created_timestamp&quot;:&quot;0&quot;,&quot;copyright&quot;:&quot;&quot;,&quot;focal_length&quot;:&quot;0&quot;,&quot;iso&quot;:&quot;0&quot;,&quot;shutter_speed&quot;:&quot;0&quot;,&quot;title&quot;:&quot;&quot;,&quot;orientation&quot;:&quot;0&quot;}\" data-image-title=\"dedo2\" data-image-description=\"\" data-image-caption=\"\" data-medium-file=\"https:\/\/www.vnucka.sk\/wp-content\/uploads\/2019\/06\/dedo2-300x172.jpg\" data-large-file=\"https:\/\/www.vnucka.sk\/wp-content\/uploads\/2019\/06\/dedo2-1024x587.jpg\" loading=\"lazy\" width=\"1024\" height=\"587\" src=\"http:\/\/www.vnucka.sk\/wp-content\/uploads\/2019\/06\/dedo2-1024x587.jpg\" alt=\"\" class=\"wp-image-1882\" srcset=\"https:\/\/www.vnucka.sk\/wp-content\/uploads\/2019\/06\/dedo2-1024x587.jpg 1024w, https:\/\/www.vnucka.sk\/wp-content\/uploads\/2019\/06\/dedo2-300x172.jpg 300w, https:\/\/www.vnucka.sk\/wp-content\/uploads\/2019\/06\/dedo2-768x441.jpg 768w, https:\/\/www.vnucka.sk\/wp-content\/uploads\/2019\/06\/dedo2-100x57.jpg 100w, https:\/\/www.vnucka.sk\/wp-content\/uploads\/2019\/06\/dedo2-150x86.jpg 150w, https:\/\/www.vnucka.sk\/wp-content\/uploads\/2019\/06\/dedo2-200x115.jpg 200w, https:\/\/www.vnucka.sk\/wp-content\/uploads\/2019\/06\/dedo2-450x258.jpg 450w, https:\/\/www.vnucka.sk\/wp-content\/uploads\/2019\/06\/dedo2-600x344.jpg 600w, https:\/\/www.vnucka.sk\/wp-content\/uploads\/2019\/06\/dedo2-900x516.jpg 900w, https:\/\/www.vnucka.sk\/wp-content\/uploads\/2019\/06\/dedo2.jpg 1093w\" sizes=\"(max-width: 1024px) 100vw, 1024px\" \/><\/figure>\n\n\n\n<figure class=\"wp-block-image\"><img data-attachment-id=\"1883\" data-permalink=\"https:\/\/www.vnucka.sk\/index.php\/2019\/06\/12\/na-moravske-palave-se-nestarne\/dedo1-2\/\" data-orig-file=\"https:\/\/www.vnucka.sk\/wp-content\/uploads\/2019\/06\/dedo1-1.jpg\" data-orig-size=\"1165,631\" data-comments-opened=\"0\" data-image-meta=\"{&quot;aperture&quot;:&quot;0&quot;,&quot;credit&quot;:&quot;&quot;,&quot;camera&quot;:&quot;&quot;,&quot;caption&quot;:&quot;&quot;,&quot;created_timestamp&quot;:&quot;0&quot;,&quot;copyright&quot;:&quot;&quot;,&quot;focal_length&quot;:&quot;0&quot;,&quot;iso&quot;:&quot;0&quot;,&quot;shutter_speed&quot;:&quot;0&quot;,&quot;title&quot;:&quot;&quot;,&quot;orientation&quot;:&quot;0&quot;}\" data-image-title=\"dedo1\" data-image-description=\"\" data-image-caption=\"\" data-medium-file=\"https:\/\/www.vnucka.sk\/wp-content\/uploads\/2019\/06\/dedo1-1-300x162.jpg\" data-large-file=\"https:\/\/www.vnucka.sk\/wp-content\/uploads\/2019\/06\/dedo1-1-1024x555.jpg\" loading=\"lazy\" width=\"1024\" height=\"555\" src=\"http:\/\/www.vnucka.sk\/wp-content\/uploads\/2019\/06\/dedo1-1-1024x555.jpg\" alt=\"\" class=\"wp-image-1883\" srcset=\"https:\/\/www.vnucka.sk\/wp-content\/uploads\/2019\/06\/dedo1-1-1024x555.jpg 1024w, https:\/\/www.vnucka.sk\/wp-content\/uploads\/2019\/06\/dedo1-1-300x162.jpg 300w, https:\/\/www.vnucka.sk\/wp-content\/uploads\/2019\/06\/dedo1-1-768x416.jpg 768w, https:\/\/www.vnucka.sk\/wp-content\/uploads\/2019\/06\/dedo1-1-100x54.jpg 100w, https:\/\/www.vnucka.sk\/wp-content\/uploads\/2019\/06\/dedo1-1-150x81.jpg 150w, https:\/\/www.vnucka.sk\/wp-content\/uploads\/2019\/06\/dedo1-1-200x108.jpg 200w, https:\/\/www.vnucka.sk\/wp-content\/uploads\/2019\/06\/dedo1-1-450x244.jpg 450w, https:\/\/www.vnucka.sk\/wp-content\/uploads\/2019\/06\/dedo1-1-600x325.jpg 600w, https:\/\/www.vnucka.sk\/wp-content\/uploads\/2019\/06\/dedo1-1-900x487.jpg 900w, https:\/\/www.vnucka.sk\/wp-content\/uploads\/2019\/06\/dedo1-1.jpg 1165w\" sizes=\"(max-width: 1024px) 100vw, 1024px\" \/><\/figure>\n\n\n\n<p>Pod d\u00edv\u010d\u00edm hradem na Moravsk\u00e9 P\u00e1lav\u011b se nest\u00e1rne.<\/p>\n\n\n\n<p> \nIn\u0161pirat\u00edvnych \u013eud\u00ed m\u00f4\u017eete stretn\u00fa\u0165 kdeko\u013evek. Tento sympatick\u00fd 81 ro\u010dn\u00fd\n senior s usmiatou tv\u00e1rou, inak origin\u00e1lny Pra\u017e\u00e1k, mi natrvalo utkvie v \npam\u00e4ti a je pre m\u0148a ve\u013ekou in\u0161pir\u00e1ciou ako \u017ei\u0165. Pred p\u00e1r d\u0148ami som sa \nvybrala zrelaxova\u0165 a dobi\u0165 baterky na Moravu mojou ob\u013e\u00fabenou formou &#8211; \nturistika, bicykel. Cez internet som na\u0161la \u0161t\u00fdlov\u00e9 ubytovanie v \nz\u00e1hradnom dom\u010deku priamo pri V\u011bstonickej priehrade s v\u00fdh\u013eadom na D\u00edv\u010d\u00ed \nhrad. Zelen\u00e1 z\u00e1hrada, ovocn\u00e9 stromy, \ntr\u00e1vnik ako golfov\u00e9 ihrisko, s\u00fakromie v\u0161etk\u00fdch host\u00ed, \u010disto, \u00fatulne. \nS\u00fakromn\u00fd objekt pre cca 10-12 \u013eud\u00ed s 2 z\u00e1hradn\u00fdmi dom\u010dekmi a vidieckou \nchalupou p\u00f4sobil priam ako raj na zemi. Person\u00e1l som nikde nevidela, tak\n som bola trochu zvedav\u00e1 &#8230; Dedulo spravuje objekt \u00faplne s\u00e1m &#8211; od \nubytovania host\u00ed, v\u00fdmeny, prania pr\u00e1dla, upratovania, cez kosenie tr\u00e1vy \na\u017e po v\u00fdvoz odpadu a popritom v\u0161etkom si r\u00e1d n\u00e1jde kedyko\u013evek \u010das na \nhost\u00ed a ich \u017eelania. Pri rozhovore sme sa pozabudli na nieko\u013eko hod\u00edn. \nAko ml\u00e1denec r\u00e1d chodil na turistiku na Slovensko, vtedy v\u0161ak neboli \npochopite\u013ene \u017eiadne zna\u010denia tr\u00e1s a i\u0161lo sa rovno za nosom.<\/p>\n\n\n\n<p>\n V &#8222;slu\u017ebe&#8220; mu na strieda\u010dku ob\u010das vypom\u00f4\u017ee syn, preto\u017ee akt\u00edvny 81 \nro\u010dn\u00fd senior u\u017e 20 rokov sprev\u00e1dza turistov po Prahe, tak\u017ee sem tam \n&#8222;mus\u00ed&#8220; od\u00eds\u0165 z Moravy do Prahy. Hovor\u00ed plynule anglicky, nemecky, rusky,\n franc\u00fazsky. Ke\u010f som kon\u010dila pobyt, nabalil mi z bio z\u00e1hradky \u0161al\u00e1t, \nporadil najlep\u0161\u00ed skl\u00edpek na n\u00e1kup v\u00edna, sadol do auta a odfr\u010dal nasp\u00e4\u0165 \ndo Prahy, zatia\u013e \u010do syn u\u017e bol na ceste na strieda\u010dku. <\/p>\n\n\n\n<p> O 50 \nrokov budem vo veku dedka &#8211; spr\u00e1vcu mal\u00e9ho raja na zemi a d\u00fafam, \u017ee sa \naspom pribl\u00ed\u017eim k jeho v\u00f4li akt\u00edvne \u017ei\u0165, fyzickej kondi\u010dke a usmiatej \ntv\u00e1ri. Ak ho spozn\u00e1te osobne, budete ma\u0165 rovnako potrebu ako ja, h\u013eada\u0165 \nelix\u00edr \u017eivota, ktor\u00fd men\u00ed vek na oby\u010dajn\u00e9 \u010d\u00edslo. <\/p>\n\n\n\n<p> To\u0161 d\u011bda moc \u010f\u011bkuju a naschle o rok!<br><br>   <div id=\"polls-52\" class=\"wp-polls\">\n\t<form id=\"polls_form_52\" class=\"wp-polls-form\" action=\"\/index.php\" method=\"post\">\n\t\t<p style=\"display: none;\"><input type=\"hidden\" id=\"poll_52_nonce\" name=\"wp-polls-nonce\" value=\"e5671d4b2f\" \/><\/p>\n\t\t<p style=\"display: none;\"><input type=\"hidden\" name=\"poll_id\" value=\"52\" \/><\/p>\n\t\t<p style=\"text-align: center\"><strong>Hodnotenie pr\u00edspevku :<\/strong><\/p><div id=\"polls-52-ans\" class=\"wp-polls-ans\"><ul class=\"wp-polls-ul\">\n\t\t<li><input type=\"radio\" id=\"poll-answer-158\" name=\"poll_52\" value=\"158\" \/> <label for=\"poll-answer-158\">\u00da\u017easn\u00fd obsah, pros\u00edm viac tak\u00fdch<\/label><\/li>\n\t\t<li><input type=\"radio\" id=\"poll-answer-159\" name=\"poll_52\" value=\"159\" \/> <label for=\"poll-answer-159\">V pohode ako relax na odreagovanie<\/label><\/li>\n\t\t<li><input type=\"radio\" id=\"poll-answer-160\" name=\"poll_52\" value=\"160\" \/> <label for=\"poll-answer-160\">Pr\u00edjemn\u00fd \u0161tandard, mo\u017eno trochu o\u017eivi\u0165<\/label><\/li>\n\t\t<\/ul>\r\n<p style=\"text-align: center\"><input type=\"button\" name=\"Hlasova\u0165\/Vote\" value=\"   Hlasova\u0165\/Vote   \" class=\"Buttons\" onclick=\"poll_vote(52);\" \/><\/p>\r\n<p style=\"text-align: center\"><a href=\"#ViewPollResults\" onclick=\"poll_result(52); return false;\" title=\"View Results Of This Poll\">Zobrazi\u0165 v\u00fdsledky\/Results<\/a><\/p>\r\n<\/div>\n\t<\/form>\n<\/div>\n<div id=\"polls-52-loading\" class=\"wp-polls-loading\"><img src=\"https:\/\/www.vnucka.sk\/wp-content\/plugins\/wp-polls\/images\/loading.gif\" width=\"16\" height=\"16\" alt=\"Loading ...\" title=\"Loading ...\" class=\"wp-polls-image\" \/>&nbsp;Loading ...<\/div>\n  <\/p>\n","protected":false},"excerpt":{"rendered":"<p>Pod d\u00edv\u010d\u00edm hradem na Moravsk\u00e9 P\u00e1lav\u011b se nest\u00e1rne. In\u0161pirat\u00edvnych \u013eud\u00ed m\u00f4\u017eete stretn\u00fa\u0165 kdeko\u013evek. Tento sympatick\u00fd 81 ro\u010dn\u00fd senior s usmiatou tv\u00e1rou, inak origin\u00e1lny Pra\u017e\u00e1k, mi natrvalo utkvie v pam\u00e4ti a je pre m\u0148a ve\u013ekou in\u0161pir\u00e1ciou ako \u017ei\u0165. Pred p\u00e1r d\u0148ami &hellip;<\/p>\n<p class=\"read-more\"> <a class=\"\" href=\"https:\/\/www.vnucka.sk\/index.php\/2019\/06\/12\/na-moravske-palave-se-nestarne\/\"> <span class=\"screen-reader-text\">Na moravsk\u00e9 P\u00e1lav\u011b se nest\u00e1rne<\/span> Read More &raquo;<\/a><\/p>\n","protected":false},"author":1,"featured_media":0,"comment_status":"closed","ping_status":"open","sticky":false,"template":"","format":"standard","meta":{"jetpack_publicize_message":"","jetpack_is_tweetstorm":false,"jetpack_publicize_feature_enabled":true},"categories":[5],"tags":[],"jetpack_publicize_connections":[],"jetpack_featured_media_url":"","jetpack_sharing_enabled":true,"jetpack_shortlink":"https:\/\/wp.me\/p9gi65-uk","jetpack-related-posts":[{"id":2373,"url":"https:\/\/www.vnucka.sk\/index.php\/2021\/09\/13\/burat-ci-neburat\/","url_meta":{"origin":1880,"position":0},"title":"B\u00fara\u0165 \u010di neb\u00fara\u0165","date":"13. septembra 2021","format":false,"excerpt":"Ke\u010f sa baba nud\u00ed, star\u00fd veche\u0165 ob\u0161\u00edva. T\u00fdmito slovami ma priv\u00edtal sedemdestiatnik dedu\u0161ko Jozef, ne\u0161\u0165astne ukazuj\u00fac na mohutn\u00fd kamenn\u00fd krb, ktor\u00fd bol dominantou miestnosti nieko\u013eko desa\u0165ro\u010d\u00ed. Staval ho jeho otec so svojim otcom. U\u017e sa v \u0148om dobr\u00fdch 10 rokov nezak\u00farilo a z dolniakov od Lev\u00edc ide vzdialen\u00e1 rodina k\u2026","rel":"","context":"V &quot;be\u017en\u00fd \u017eivot&quot;","img":{"alt_text":"","src":"https:\/\/i0.wp.com\/www.vnucka.sk\/wp-content\/uploads\/2021\/10\/krb.jpg?resize=350%2C200&ssl=1","width":350,"height":200},"classes":[]},{"id":2436,"url":"https:\/\/www.vnucka.sk\/index.php\/2022\/08\/26\/davat-je-viac-ako-brat\/","url_meta":{"origin":1880,"position":1},"title":"D\u00e1va\u0165 je viac ako bra\u0165","date":"26. augusta 2022","format":false,"excerpt":"Rann\u00e9 prebudenie so silne \u0161kriabaj\u00facim hrdlom, slabos\u0165ou v svaloch a hor\u00fa\u010dkou signalizovalo, \u017ee najbli\u0161ie dni str\u00e1vim v\u00e1\u013ean\u00edm sa v posteli s pr\u00edjemne neodolate\u013enou spolo\u010dnos\u0165ou chr\u00edpkov\u00fdch bacilov. A to ma dnes \u010dakali lango\u0161e u babi\u010dky Moniky, ktor\u00e1 sa za desa\u0165ro\u010dia pr\u00edprav tohto jedla vypracovalana experta, hodn\u00e9ho robi\u0165 rozhodcu v gastronomick\u00fdch s\u00fa\u0165a\u017eiach\u2026","rel":"","context":"V &quot;be\u017en\u00fd \u017eivot&quot;","img":{"alt_text":"","src":"","width":0,"height":0},"classes":[]},{"id":2258,"url":"https:\/\/www.vnucka.sk\/index.php\/2020\/09\/12\/ako-vnucka-relaxuje\/","url_meta":{"origin":1880,"position":2},"title":"Ako vnu\u010dka relaxuje","date":"12. septembra 2020","format":false,"excerpt":"https:\/\/youtu.be\/4gTDc8EqXtc Od roku 2018 patr\u00edm do ve\u013ekej rodiny ocenen\u00fdch osobnost\u00ed prest\u00ed\u017enym Kri\u0161t\u00e1\u013eov\u00fdm kr\u00eddlom a som na to nesmierne hrd\u00e1. Pozvanie od pani M\u00e1rie Va\u0161kovi\u010dovej - autorky tohoto najprest\u00ed\u017enej\u0161ieho spolo\u010densk\u00e9ho podujatia v na\u0161ej krajine, z\u00fa\u010dastni\u0165 sa neform\u00e1lneho piatkov\u00e9ho stretnutia v pr\u00edjemnom prostred\u00ed Pie\u0161\u0165ansk\u00e9ho HS centrum, sa neodmieta. \u010eakujem za n\u00e1dherne str\u00e1ven\u00fd\u2026","rel":"","context":"V &quot;be\u017en\u00fd \u017eivot&quot;","img":{"alt_text":"","src":"https:\/\/i0.wp.com\/www.vnucka.sk\/wp-content\/uploads\/2020\/09\/spanivaskovicovou.jpg?resize=350%2C200&ssl=1","width":350,"height":200},"classes":[]},{"id":2393,"url":"https:\/\/www.vnucka.sk\/index.php\/2021\/12\/02\/navsteva-na-ktorej-som-nebola\/","url_meta":{"origin":1880,"position":3},"title":"N\u00e1v\u0161teva, na ktorej som nebola","date":"2. decembra 2021","format":false,"excerpt":"Man\u017eelsk\u00fd p\u00e1rik po 80ke \u017eije v ne\u010falekej obci pri okresnom meste. V zime od cesty 10min\u00fat prech\u00e1dzka, oplat\u00ed sa dobre obliec\u0165 a obu\u0165. Dedu\u0161ko sa znenazdajky ocitol v nemocnici a babi\u010dka takmer nechodiaca a nevl\u00e1dna, vyslala SOS svojim kamar\u00e1tkam. \u201e Janka, ideme na dedinu tuto, po\u010f s nami, aj \u0165a\u2026","rel":"","context":"V &quot;be\u017en\u00fd \u017eivot&quot;","img":{"alt_text":"","src":"https:\/\/i0.wp.com\/www.vnucka.sk\/wp-content\/uploads\/2021\/12\/navstevakdesomnebola.jpg?resize=350%2C200&ssl=1","width":350,"height":200},"classes":[]},{"id":831,"url":"https:\/\/www.vnucka.sk\/index.php\/2018\/01\/24\/831\/","url_meta":{"origin":1880,"position":4},"title":"Hist\u00f3ria krajiny s Martu\u0161kou","date":"24. janu\u00e1ra 2018","format":false,"excerpt":"S Martu\u0161kou, ktor\u00e1 cel\u00fd \u017eivot p\u00f4sobila ako ob\u013e\u00faben\u00e1 a re\u0161pektovan\u00e1 u\u010dite\u013eka, sme prevetrali \u010c\u00edtanku pre 4. ro\u010dn\u00edk z\u00e1kladn\u00fdch \u0161k\u00f4l z roku 1953 ! ktor\u00fa som si dokonca po\u017ei\u010dala domov na pre\u010d\u00edtanie. Nieko\u013eko hod\u00edn som u Martu\u0161ky po\u010d\u00favala so z\u00e1ujmom ka\u017ed\u00e9 jej slovo o hist\u00f3rii na\u0161ej krajiny, susedn\u00e9ho \u010ceska a vzniku\u2026","rel":"","context":"V &quot;be\u017en\u00fd \u017eivot&quot;","img":{"alt_text":"","src":"https:\/\/i0.wp.com\/www.vnucka.sk\/wp-content\/uploads\/2018\/01\/caplanova.jpg?resize=350%2C200","width":350,"height":200},"classes":[]},{"id":1747,"url":"https:\/\/www.vnucka.sk\/index.php\/2019\/01\/29\/kristalove-kridlo-2018\/","url_meta":{"origin":1880,"position":5},"title":"Kri\u0161t\u00e1\u013eov\u00e9 kr\u00eddlo 2018","date":"29. janu\u00e1ra 2019","format":false,"excerpt":"Prest\u00ed\u017ene ocenenie ude\u013eovan\u00e9 osobnostiam Slovenska u\u017e od roku 1997. V nede\u013eu 27. janu\u00e1ra 2019 som zrazu st\u00e1la na podiu v Slovenskom n\u00e1rodnom divadle a dr\u017eala t\u00fa krehk\u00fa sklenen\u00fa kr\u00e1su Kri\u0161t\u00e1lov\u00e9ho kr\u00eddla v ruke ako laure\u00e1tka Filantropie za rok 2018. Ke\u010f som za\u010dula svoje meno, myslela som, \u017ee to je sen.\u2026","rel":"","context":"V &quot;be\u017en\u00fd \u017eivot&quot;","img":{"alt_text":"","src":"https:\/\/i0.wp.com\/www.vnucka.sk\/wp-content\/uploads\/2019\/01\/laureati.jpg?resize=350%2C200","width":350,"height":200},"classes":[]}],"jetpack_likes_enabled":false,"_links":{"self":[{"href":"https:\/\/www.vnucka.sk\/index.php\/wp-json\/wp\/v2\/posts\/1880"}],"collection":[{"href":"https:\/\/www.vnucka.sk\/index.php\/wp-json\/wp\/v2\/posts"}],"about":[{"href":"https:\/\/www.vnucka.sk\/index.php\/wp-json\/wp\/v2\/types\/post"}],"author":[{"embeddable":true,"href":"https:\/\/www.vnucka.sk\/index.php\/wp-json\/wp\/v2\/users\/1"}],"replies":[{"embeddable":true,"href":"https:\/\/www.vnucka.sk\/index.php\/wp-json\/wp\/v2\/comments?post=1880"}],"version-history":[{"count":1,"href":"https:\/\/www.vnucka.sk\/index.php\/wp-json\/wp\/v2\/posts\/1880\/revisions"}],"predecessor-version":[{"id":1884,"href":"https:\/\/www.vnucka.sk\/index.php\/wp-json\/wp\/v2\/posts\/1880\/revisions\/1884"}],"wp:attachment":[{"href":"https:\/\/www.vnucka.sk\/index.php\/wp-json\/wp\/v2\/media?parent=1880"}],"wp:term":[{"taxonomy":"category","embeddable":true,"href":"https:\/\/www.vnucka.sk\/index.php\/wp-json\/wp\/v2\/categories?post=1880"},{"taxonomy":"post_tag","embeddable":true,"href":"https:\/\/www.vnucka.sk\/index.php\/wp-json\/wp\/v2\/tags?post=1880"}],"curies":[{"name":"wp","href":"https:\/\/api.w.org\/{rel}","templated":true}]}}