{"id":1894,"date":"2019-07-04T15:50:23","date_gmt":"2019-07-04T13:50:23","guid":{"rendered":"http:\/\/www.vnucka.sk\/?p=1894"},"modified":"2019-07-04T15:50:29","modified_gmt":"2019-07-04T13:50:29","slug":"medzery-socialneho-systemu","status":"publish","type":"post","link":"https:\/\/www.vnucka.sk\/index.php\/2019\/07\/04\/medzery-socialneho-systemu\/","title":{"rendered":"Medzery soci\u00e1lneho syst\u00e9mu"},"content":{"rendered":"\n<p>Skvel\u00fd de\u0148 na medzin\u00e1rodnej konferencii s t\u00e9matikou inkluz\u00edvne pr\u00edstupy v  praxi pom\u00e1haj\u00facich profesi\u00ed. Pozrite videjko z m\u00f4jho vyst\u00fapenia a  dozviete sa napr\u00edklad, ak\u00fd je rozdiel medzi vl\u010d\u00edmi svorkami a \u013eudsk\u00fdmi  karav\u00e1nami, \u010do vn\u00edmaj\u00fa seniori ako nedostatok soci\u00e1lneho syst\u00e9mu, alebo  pre\u010do je potrebn\u00e9 zmeni\u0165 v komunik\u00e1cii medzi \u013eu\u010fmi form\u00e1lny z\u00e1ujem na  \u00faprimn\u00fd &#8230;<br><\/p>\n\n\n\n<figure class=\"wp-block-embed-youtube wp-block-embed is-type-video is-provider-youtube wp-embed-aspect-16-9 wp-has-aspect-ratio\"><div class=\"wp-block-embed__wrapper\">\n<span class=\"embed-youtube\" style=\"text-align:center; display: block;\"><iframe loading=\"lazy\" class=\"youtube-player\" width=\"605\" height=\"341\" src=\"https:\/\/www.youtube.com\/embed\/SVrW_c2TY9o?version=3&#038;rel=1&#038;showsearch=0&#038;showinfo=1&#038;iv_load_policy=1&#038;fs=1&#038;hl=sk-SK&#038;autohide=2&#038;wmode=transparent\" allowfullscreen=\"true\" style=\"border:0;\" sandbox=\"allow-scripts allow-same-origin allow-popups allow-presentation\"><\/iframe><\/span>\n<\/div><\/figure>\n\n\n<div id=\"polls-53\" class=\"wp-polls\">\n\t<form id=\"polls_form_53\" class=\"wp-polls-form\" action=\"\/index.php\" method=\"post\">\n\t\t<p style=\"display: none;\"><input type=\"hidden\" id=\"poll_53_nonce\" name=\"wp-polls-nonce\" value=\"ce471a32c0\" \/><\/p>\n\t\t<p style=\"display: none;\"><input type=\"hidden\" name=\"poll_id\" value=\"53\" \/><\/p>\n\t\t<p style=\"text-align: center\"><strong>Hodnotenie pr\u00edspevku :<\/strong><\/p><div id=\"polls-53-ans\" class=\"wp-polls-ans\"><ul class=\"wp-polls-ul\">\n\t\t<li><input type=\"radio\" id=\"poll-answer-161\" name=\"poll_53\" value=\"161\" \/> <label for=\"poll-answer-161\">\u00da\u017easn\u00fd obsah, pros\u00edm viac tak\u00fdch<\/label><\/li>\n\t\t<li><input type=\"radio\" id=\"poll-answer-162\" name=\"poll_53\" value=\"162\" \/> <label for=\"poll-answer-162\">V pohode ako relax na odreagovanie<\/label><\/li>\n\t\t<li><input type=\"radio\" id=\"poll-answer-163\" name=\"poll_53\" value=\"163\" \/> <label for=\"poll-answer-163\">Pr\u00edjemn\u00fd \u0161tandard, mo\u017eno trochu o\u017eivi\u0165<\/label><\/li>\n\t\t<\/ul>\r\n<p style=\"text-align: center\"><input type=\"button\" name=\"Hlasova\u0165\/Vote\" value=\"   Hlasova\u0165\/Vote   \" class=\"Buttons\" onclick=\"poll_vote(53);\" \/><\/p>\r\n<p style=\"text-align: center\"><a href=\"#ViewPollResults\" onclick=\"poll_result(53); return false;\" title=\"View Results Of This Poll\">Zobrazi\u0165 v\u00fdsledky\/Results<\/a><\/p>\r\n<\/div>\n\t<\/form>\n<\/div>\n<div id=\"polls-53-loading\" class=\"wp-polls-loading\"><img src=\"https:\/\/www.vnucka.sk\/wp-content\/plugins\/wp-polls\/images\/loading.gif\" width=\"16\" height=\"16\" alt=\"Loading ...\" title=\"Loading ...\" class=\"wp-polls-image\" \/>&nbsp;Loading ...<\/div>\n\n","protected":false},"excerpt":{"rendered":"<p>Skvel\u00fd de\u0148 na medzin\u00e1rodnej konferencii s t\u00e9matikou inkluz\u00edvne pr\u00edstupy v praxi pom\u00e1haj\u00facich profesi\u00ed. Pozrite videjko z m\u00f4jho vyst\u00fapenia a dozviete sa napr\u00edklad, ak\u00fd je rozdiel medzi vl\u010d\u00edmi svorkami a \u013eudsk\u00fdmi karav\u00e1nami, \u010do vn\u00edmaj\u00fa seniori ako nedostatok soci\u00e1lneho syst\u00e9mu, alebo pre\u010do &hellip;<\/p>\n<p class=\"read-more\"> <a class=\"\" href=\"https:\/\/www.vnucka.sk\/index.php\/2019\/07\/04\/medzery-socialneho-systemu\/\"> <span class=\"screen-reader-text\">Medzery soci\u00e1lneho syst\u00e9mu<\/span> Read More &raquo;<\/a><\/p>\n","protected":false},"author":1,"featured_media":0,"comment_status":"closed","ping_status":"open","sticky":false,"template":"","format":"standard","meta":{"jetpack_publicize_message":"","jetpack_is_tweetstorm":false,"jetpack_publicize_feature_enabled":true},"categories":[5],"tags":[],"jetpack_publicize_connections":[],"jetpack_featured_media_url":"","jetpack_sharing_enabled":true,"jetpack_shortlink":"https:\/\/wp.me\/p9gi65-uy","jetpack-related-posts":[{"id":2234,"url":"https:\/\/www.vnucka.sk\/index.php\/2020\/08\/27\/este-su-medzi-nami\/","url_meta":{"origin":1894,"position":0},"title":"E\u0161te s\u00fa medzi nami","date":"27. augusta 2020","format":false,"excerpt":"E\u0161te s\u00fa medzi nami. Na\u0161\u0165astie. Je ich m\u00e1lo, ale s\u00fa \u2026 \u013dudia s l\u00e1skav\u00fdm srdcom, ochotn\u00ed nezi\u0161tne pom\u00f4c\u0165 v\u010faka svojmu vlastn\u00e9mu \u00faspechu. Pred \u010dasom sa n\u00e1m neopravite\u013ene pokazil po\u010d\u00edta\u010d, ktor\u00fd sme pou\u017e\u00edvali aj na zasv\u00e4covanie seniorov do tajov internetu, soci\u00e1lnych siet\u00ed a odvracali tak od nich desiv\u00fa osamelos\u0165, nech s\u00fa\u2026","rel":"","context":"V &quot;be\u017en\u00fd \u017eivot&quot;","img":{"alt_text":"","src":"https:\/\/i0.wp.com\/www.vnucka.sk\/wp-content\/uploads\/2020\/08\/tpddakovacka.jpg?resize=350%2C200&ssl=1","width":350,"height":200},"classes":[]},{"id":2277,"url":"https:\/\/www.vnucka.sk\/index.php\/2020\/10\/19\/dobrozdanie\/","url_meta":{"origin":1894,"position":1},"title":"Dobrozdanie ku knihe","date":"19. okt\u00f3bra 2020","format":false,"excerpt":"NIELEN MEDZI MLAD\u00ddMI, ALE MEDZI V\u0160ETK\u00ddMI VEKOV\u00ddMI GENER\u00c1CIAMI JE VE\u013dA \u013dUDSK\u00ddCH POKLADOVDobrozdanie knihy, ktor\u00e1 \u0165a prenesie do sveta bez pozl\u00e1tkyNap\u00edsal : PaedDr. \u013dubo\u0161 \u010eurdiak, PhD., AFIAPautor a konzultant v oblasti psychol\u00f3gie a osobnostn\u00e9ho rozvojawww.DiscoveryTrend.eu dobrozdanievnuckaStiahnu\u0165 O \u010dom sa d\u00e1 m\u00e1lokde do\u010d\u00edta\u0165, m\u00f4\u017ee\u0161 n\u00e1js\u0165 v kni\u017eke od Janky Dani\u0161ovej. T\u00e9ma, ktor\u00e1\u2026","rel":"","context":"V &quot;be\u017en\u00fd \u017eivot&quot;","img":{"alt_text":"","src":"https:\/\/i0.wp.com\/www.vnucka.sk\/wp-content\/uploads\/2019\/11\/74687728_1705243299610736_7918785921242103808_o.jpg?resize=350%2C200&ssl=1","width":350,"height":200},"classes":[]},{"id":1024,"url":"https:\/\/www.vnucka.sk\/index.php\/2018\/04\/21\/opat-spojena-nit-rodiny\/","url_meta":{"origin":1894,"position":2},"title":"(Op\u00e4\u0165) spojen\u00e1 ni\u0165 rodiny","date":"21. apr\u00edla 2018","format":false,"excerpt":"Jedn\u00e9ho d\u0148a ma moja ob\u013e\u00faben\u00e1 babi\u010dka Helenka z Ko\u0161\u00edc - inak ve\u013emi akt\u00edvna aj v zrelom veku na internete, prekvapila ot\u00e1zkou, \u010di n\u00e1hodou nepozn\u00e1m jedno priezvisko z mesta odkia\u013e poch\u00e1dzam. H\u013eadala svoju rodinu, s ktorou na ve\u013emi dlh\u00fd \u010das stratila kontakt ... Rozhodila som siete ... A ... chv\u00ed\u013eu sa\u2026","rel":"","context":"V &quot;be\u017en\u00fd \u017eivot&quot;","img":{"alt_text":"","src":"https:\/\/i0.wp.com\/www.vnucka.sk\/wp-content\/uploads\/2018\/04\/evapisovasmekalovspolocna.jpg?resize=350%2C200","width":350,"height":200},"classes":[]},{"id":2373,"url":"https:\/\/www.vnucka.sk\/index.php\/2021\/09\/13\/burat-ci-neburat\/","url_meta":{"origin":1894,"position":3},"title":"B\u00fara\u0165 \u010di neb\u00fara\u0165","date":"13. septembra 2021","format":false,"excerpt":"Ke\u010f sa baba nud\u00ed, star\u00fd veche\u0165 ob\u0161\u00edva. T\u00fdmito slovami ma priv\u00edtal sedemdestiatnik dedu\u0161ko Jozef, ne\u0161\u0165astne ukazuj\u00fac na mohutn\u00fd kamenn\u00fd krb, ktor\u00fd bol dominantou miestnosti nieko\u013eko desa\u0165ro\u010d\u00ed. Staval ho jeho otec so svojim otcom. U\u017e sa v \u0148om dobr\u00fdch 10 rokov nezak\u00farilo a z dolniakov od Lev\u00edc ide vzdialen\u00e1 rodina k\u2026","rel":"","context":"V &quot;be\u017en\u00fd \u017eivot&quot;","img":{"alt_text":"","src":"https:\/\/i0.wp.com\/www.vnucka.sk\/wp-content\/uploads\/2021\/10\/krb.jpg?resize=350%2C200&ssl=1","width":350,"height":200},"classes":[]},{"id":1139,"url":"https:\/\/www.vnucka.sk\/index.php\/2018\/10\/01\/do-lesa-jedine-so-skusenym-horarom\/","url_meta":{"origin":1894,"position":4},"title":"Do lesa jedine so sk\u00fasen\u00fdm hor\u00e1rom","date":"1. okt\u00f3bra 2018","format":false,"excerpt":"Dedu\u0161ko Milan m\u00e1 s\u00edce po 80ke, ale v lese je ako doma. \u017delaniu ob\u013e\u00faben\u00e9ho rozpr\u00e1vkov\u00e9ho dedu\u0161ka - pozrie\u0165 hr\u00edby pri posledn\u00fdch tepl\u00fdch slne\u010dn\u00fdch l\u00fa\u010doch tohoto leta, pot\u00fala\u0165 sa medzi stromami, nad\u00fdcha\u0165 sa zdrav\u00e9ho vzduchu, zapo\u010d\u00fava\u0165 sa do tepu \u017eivota v pr\u00edrode ... sa nedalo nevyhovie\u0165. \u00da\u017easn\u00fd de\u0148 \ud83c\udf1e Som vnu\u010dka\u2026","rel":"","context":"V &quot;be\u017en\u00fd \u017eivot&quot;","img":{"alt_text":"","src":"https:\/\/i0.wp.com\/www.vnucka.sk\/wp-content\/uploads\/2018\/10\/vlese.jpg?resize=350%2C200","width":350,"height":200},"classes":[]},{"id":2389,"url":"https:\/\/www.vnucka.sk\/index.php\/2021\/11\/29\/prines-oblubeny-predmet\/","url_meta":{"origin":1894,"position":5},"title":"Prines ob\u013e\u00faben\u00fd predmet","date":"29. novembra 2021","format":false,"excerpt":"Zima je ve\u013emi ponur\u00e9 obdobie v \u017eivote ka\u017ed\u00e9ho seniora. Vonku je chladno, \u0161myk\u013eavo, skoro prich\u00e1dza tma. Nie je v\u00f4bec jednoduch\u00e9 sa niekam presun\u00fa\u0165 pre zdrav\u00e9ho \u010dloveka, nieto e\u0161te pre seniora s pr\u00edpadn\u00fdm pohybov\u00fdm handicapom. Seniori sa aj medzi sebou nav\u0161tevuj\u00fa pomenej, viac si telefonuj\u00fa, t\u00ed sk\u00fasenej\u0161\u00ed skypuj\u00fa, facebookuj\u00fa ale ni\u010d\u2026","rel":"","context":"V &quot;be\u017en\u00fd \u017eivot&quot;","img":{"alt_text":"","src":"https:\/\/i0.wp.com\/www.vnucka.sk\/wp-content\/uploads\/2021\/12\/prinespredmet.jpg?resize=350%2C200&ssl=1","width":350,"height":200},"classes":[]}],"jetpack_likes_enabled":false,"_links":{"self":[{"href":"https:\/\/www.vnucka.sk\/index.php\/wp-json\/wp\/v2\/posts\/1894"}],"collection":[{"href":"https:\/\/www.vnucka.sk\/index.php\/wp-json\/wp\/v2\/posts"}],"about":[{"href":"https:\/\/www.vnucka.sk\/index.php\/wp-json\/wp\/v2\/types\/post"}],"author":[{"embeddable":true,"href":"https:\/\/www.vnucka.sk\/index.php\/wp-json\/wp\/v2\/users\/1"}],"replies":[{"embeddable":true,"href":"https:\/\/www.vnucka.sk\/index.php\/wp-json\/wp\/v2\/comments?post=1894"}],"version-history":[{"count":1,"href":"https:\/\/www.vnucka.sk\/index.php\/wp-json\/wp\/v2\/posts\/1894\/revisions"}],"predecessor-version":[{"id":1895,"href":"https:\/\/www.vnucka.sk\/index.php\/wp-json\/wp\/v2\/posts\/1894\/revisions\/1895"}],"wp:attachment":[{"href":"https:\/\/www.vnucka.sk\/index.php\/wp-json\/wp\/v2\/media?parent=1894"}],"wp:term":[{"taxonomy":"category","embeddable":true,"href":"https:\/\/www.vnucka.sk\/index.php\/wp-json\/wp\/v2\/categories?post=1894"},{"taxonomy":"post_tag","embeddable":true,"href":"https:\/\/www.vnucka.sk\/index.php\/wp-json\/wp\/v2\/tags?post=1894"}],"curies":[{"name":"wp","href":"https:\/\/api.w.org\/{rel}","templated":true}]}}