{"id":1922,"date":"2019-09-17T11:47:44","date_gmt":"2019-09-17T09:47:44","guid":{"rendered":"http:\/\/www.vnucka.sk\/?p=1922"},"modified":"2019-09-22T18:26:07","modified_gmt":"2019-09-22T16:26:07","slug":"vikend-trochu-inak","status":"publish","type":"post","link":"https:\/\/www.vnucka.sk\/index.php\/2019\/09\/17\/vikend-trochu-inak\/","title":{"rendered":"V\u00edkend &#8222;trochu inak&#8220;"},"content":{"rendered":"\n<p>sme str\u00e1vili so seniorkou Elenkou viac ako &#8222;trochu inak&#8220;. V spolo\u010dnosti &#8222;trochu in\u00fdch&#8220; in\u0161pirat\u00edvnych \u013eud\u00ed, na nat\u00e1\u010dan\u00ed rel\u00e1cie s top moder\u00e1torkou Adelou Vinczeovou Ban\u00e1\u0161ovou, ktor\u00e1 bola zvedav\u00e1, ako n\u00e1\u0161 projekt Vnu\u010dka.sk funguje. V priestoroch slovensk\u00e9ho rozhlasu sa nach\u00e1dza nieko\u013eko klav\u00edrov, Elenka zn\u00e1ma svojou milou posadnutos\u0165ou klav\u00edrmi a podmaniv\u00fdm spevom ich okam\u017eite v\u0161etky skonfi\u0161kovala, skontrolovala \u010di s\u00fa dobre naladen\u00e9 a \u00fatrobami Rozhlasu sa za\u010dali \u0161\u00edri\u0165 n\u00e1dhern\u00e9 t\u00f3ny &#8230; na to, \u010do stv\u00e1rame v z\u00e1kulis\u00ed, sa pri\u0161la pozrie\u0165 aj samotn\u00e1 Adela! <br>Ve\u010f pozrite kr\u00e1tke z\u00e1kulisn\u00e9 videjko pod fotkou &#8230;<br>To, \u010do sa dialo pred kamerami ofici\u00e1lne, uvid\u00edte v sobotu 21.9.2019 o 20.10 na STV2 <br>z\u00e1znam rel\u00e1cie >>  <a rel=\"noreferrer noopener\" href=\"https:\/\/l.facebook.com\/l.php?u=https%3A%2F%2Fwww.rtvs.sk%2Ftelevizia%2Farchiv%2F14115%2F198779%3Ffbclid%3DIwAR3hKZWXErO7hrhiF_95oLzrk8tKASZXVoWScr90V4qAlHlLcNboejx08q8&amp;h=AT0uDVpPQw5ABZt7_s3k06jQxxVw5zRN1E64V8xXIhUp0q-Gose6HC5aUBLw238uytiTBZXMEl0aZOUnguLYUaXdtvgTpp3-vdLvuJxfU6mSBY4DuTQRVvLifhhoR_Z63Z6rYOZklwz_r5alrYOUYjtt4-TBkr2zyaAg_DV1BPJtw-dHLs_at6hDQEb9C3SVLa6n6fNhzj_3w1FongF6Jd5iu1dHOQgkl78dLBiDWX6dNRxhREQhP1EcY_Jb7s4AEKlVkV2virw791QvTwme-s1BDpbxyc0p6UBXw8d4dLw4oT6rLGVFSg0RXZ2sfbyu6BLkdOvCL_WdTl9S3S8Kht9rPVs-r6Wh62v31kzbedARdWgM7SbG0Q5arvYbApnx7yiXOKDjQYjy0Yf7y6M2IDm0pUOtifHVbo6eIrQw5kh0kBUpa_9uzJKolTa7DpbmYBA7Opk2b_fufgM6o4Wa5CfkTGkLGU4k2It9dYwf1EEUWsFSYTxHbQbHna9wShF-CTyLj5yOeJ8PswIyaNEUnJOn3Olc4x1DjkTiq-LKxXs0B5Sax7LrSFlIGw\" target=\"_blank\">https:\/\/www.rtvs.sk\/televizia\/archiv\/14115\/198779<\/a> <\/p>\n\n\n\n<figure class=\"wp-block-image\"><img data-attachment-id=\"1923\" data-permalink=\"https:\/\/www.vnucka.sk\/index.php\/2019\/09\/17\/vikend-trochu-inak\/trochuinaktitulka\/\" data-orig-file=\"https:\/\/www.vnucka.sk\/wp-content\/uploads\/2019\/09\/trochuinaktitulka.jpg\" data-orig-size=\"960,679\" data-comments-opened=\"0\" data-image-meta=\"{&quot;aperture&quot;:&quot;0&quot;,&quot;credit&quot;:&quot;TOM PICKA HD-PRODUCTION.CZ&quot;,&quot;camera&quot;:&quot;&quot;,&quot;caption&quot;:&quot;&quot;,&quot;created_timestamp&quot;:&quot;0&quot;,&quot;copyright&quot;:&quot;www.hd-production.cz&quot;,&quot;focal_length&quot;:&quot;0&quot;,&quot;iso&quot;:&quot;0&quot;,&quot;shutter_speed&quot;:&quot;0&quot;,&quot;title&quot;:&quot;&quot;,&quot;orientation&quot;:&quot;0&quot;}\" data-image-title=\"trochuinaktitulka\" data-image-description=\"\" data-image-caption=\"\" data-medium-file=\"https:\/\/www.vnucka.sk\/wp-content\/uploads\/2019\/09\/trochuinaktitulka-300x212.jpg\" data-large-file=\"https:\/\/www.vnucka.sk\/wp-content\/uploads\/2019\/09\/trochuinaktitulka.jpg\" loading=\"lazy\" width=\"960\" height=\"679\" src=\"http:\/\/www.vnucka.sk\/wp-content\/uploads\/2019\/09\/trochuinaktitulka.jpg\" alt=\"\" class=\"wp-image-1923\" srcset=\"https:\/\/www.vnucka.sk\/wp-content\/uploads\/2019\/09\/trochuinaktitulka.jpg 960w, https:\/\/www.vnucka.sk\/wp-content\/uploads\/2019\/09\/trochuinaktitulka-300x212.jpg 300w, https:\/\/www.vnucka.sk\/wp-content\/uploads\/2019\/09\/trochuinaktitulka-768x543.jpg 768w, https:\/\/www.vnucka.sk\/wp-content\/uploads\/2019\/09\/trochuinaktitulka-100x71.jpg 100w, https:\/\/www.vnucka.sk\/wp-content\/uploads\/2019\/09\/trochuinaktitulka-150x106.jpg 150w, https:\/\/www.vnucka.sk\/wp-content\/uploads\/2019\/09\/trochuinaktitulka-200x141.jpg 200w, https:\/\/www.vnucka.sk\/wp-content\/uploads\/2019\/09\/trochuinaktitulka-450x318.jpg 450w, https:\/\/www.vnucka.sk\/wp-content\/uploads\/2019\/09\/trochuinaktitulka-600x424.jpg 600w, https:\/\/www.vnucka.sk\/wp-content\/uploads\/2019\/09\/trochuinaktitulka-900x637.jpg 900w\" sizes=\"(max-width: 960px) 100vw, 960px\" \/><\/figure>\n\n\n\n<p><\/p>\n\n\n\n<figure class=\"wp-block-embed-youtube wp-block-embed is-type-video is-provider-youtube wp-embed-aspect-16-9 wp-has-aspect-ratio\"><div class=\"wp-block-embed__wrapper\">\n<span class=\"embed-youtube\" style=\"text-align:center; display: block;\"><iframe loading=\"lazy\" class=\"youtube-player\" width=\"605\" height=\"341\" src=\"https:\/\/www.youtube.com\/embed\/TVXqKDgpyys?version=3&#038;rel=1&#038;showsearch=0&#038;showinfo=1&#038;iv_load_policy=1&#038;fs=1&#038;hl=sk-SK&#038;autohide=2&#038;wmode=transparent\" allowfullscreen=\"true\" style=\"border:0;\" sandbox=\"allow-scripts allow-same-origin allow-popups allow-presentation\"><\/iframe><\/span>\n<\/div><\/figure>\n\n\n\n<div id=\"polls-52\" class=\"wp-polls\">\n\t<form id=\"polls_form_52\" class=\"wp-polls-form\" action=\"\/index.php\" method=\"post\">\n\t\t<p style=\"display: none;\"><input type=\"hidden\" id=\"poll_52_nonce\" name=\"wp-polls-nonce\" value=\"817214a251\" \/><\/p>\n\t\t<p style=\"display: none;\"><input type=\"hidden\" name=\"poll_id\" value=\"52\" \/><\/p>\n\t\t<p style=\"text-align: center\"><strong>Hodnotenie pr\u00edspevku :<\/strong><\/p><div id=\"polls-52-ans\" class=\"wp-polls-ans\"><ul class=\"wp-polls-ul\">\n\t\t<li><input type=\"radio\" id=\"poll-answer-158\" name=\"poll_52\" value=\"158\" \/> <label for=\"poll-answer-158\">\u00da\u017easn\u00fd obsah, pros\u00edm viac tak\u00fdch<\/label><\/li>\n\t\t<li><input type=\"radio\" id=\"poll-answer-159\" name=\"poll_52\" value=\"159\" \/> <label for=\"poll-answer-159\">V pohode ako relax na odreagovanie<\/label><\/li>\n\t\t<li><input type=\"radio\" id=\"poll-answer-160\" name=\"poll_52\" value=\"160\" \/> <label for=\"poll-answer-160\">Pr\u00edjemn\u00fd \u0161tandard, mo\u017eno trochu o\u017eivi\u0165<\/label><\/li>\n\t\t<\/ul>\r\n<p style=\"text-align: center\"><input type=\"button\" name=\"Hlasova\u0165\/Vote\" value=\"   Hlasova\u0165\/Vote   \" class=\"Buttons\" onclick=\"poll_vote(52);\" \/><\/p>\r\n<p style=\"text-align: center\"><a href=\"#ViewPollResults\" onclick=\"poll_result(52); return false;\" title=\"View Results Of This Poll\">Zobrazi\u0165 v\u00fdsledky\/Results<\/a><\/p>\r\n<\/div>\n\t<\/form>\n<\/div>\n<div id=\"polls-52-loading\" class=\"wp-polls-loading\"><img src=\"https:\/\/www.vnucka.sk\/wp-content\/plugins\/wp-polls\/images\/loading.gif\" width=\"16\" height=\"16\" alt=\"Loading ...\" title=\"Loading ...\" class=\"wp-polls-image\" \/>&nbsp;Loading ...<\/div>\n\n","protected":false},"excerpt":{"rendered":"<p>sme str\u00e1vili so seniorkou Elenkou viac ako &#8222;trochu inak&#8220;. V spolo\u010dnosti &#8222;trochu in\u00fdch&#8220; in\u0161pirat\u00edvnych \u013eud\u00ed, na nat\u00e1\u010dan\u00ed rel\u00e1cie s top moder\u00e1torkou Adelou Vinczeovou Ban\u00e1\u0161ovou, ktor\u00e1 bola zvedav\u00e1, ako n\u00e1\u0161 projekt Vnu\u010dka.sk funguje. V priestoroch slovensk\u00e9ho rozhlasu sa nach\u00e1dza nieko\u013eko klav\u00edrov, &hellip;<\/p>\n<p class=\"read-more\"> <a class=\"\" href=\"https:\/\/www.vnucka.sk\/index.php\/2019\/09\/17\/vikend-trochu-inak\/\"> <span class=\"screen-reader-text\">V\u00edkend &#8222;trochu inak&#8220;<\/span> Read More &raquo;<\/a><\/p>\n","protected":false},"author":1,"featured_media":0,"comment_status":"closed","ping_status":"open","sticky":false,"template":"","format":"standard","meta":{"jetpack_publicize_message":"","jetpack_is_tweetstorm":false,"jetpack_publicize_feature_enabled":true},"categories":[5],"tags":[],"jetpack_publicize_connections":[],"jetpack_featured_media_url":"","jetpack_sharing_enabled":true,"jetpack_shortlink":"https:\/\/wp.me\/p9gi65-v0","jetpack-related-posts":[{"id":1880,"url":"https:\/\/www.vnucka.sk\/index.php\/2019\/06\/12\/na-moravske-palave-se-nestarne\/","url_meta":{"origin":1922,"position":0},"title":"Na moravsk\u00e9 P\u00e1lav\u011b se nest\u00e1rne","date":"12. j\u00fana 2019","format":false,"excerpt":"Pod d\u00edv\u010d\u00edm hradem na Moravsk\u00e9 P\u00e1lav\u011b se nest\u00e1rne. In\u0161pirat\u00edvnych \u013eud\u00ed m\u00f4\u017eete stretn\u00fa\u0165 kdeko\u013evek. Tento sympatick\u00fd 81 ro\u010dn\u00fd senior s usmiatou tv\u00e1rou, inak origin\u00e1lny Pra\u017e\u00e1k, mi natrvalo utkvie v pam\u00e4ti a je pre m\u0148a ve\u013ekou in\u0161pir\u00e1ciou ako \u017ei\u0165. Pred p\u00e1r d\u0148ami som sa vybrala zrelaxova\u0165 a dobi\u0165 baterky na Moravu mojou\u2026","rel":"","context":"V &quot;be\u017en\u00fd \u017eivot&quot;","img":{"alt_text":"","src":"https:\/\/i0.wp.com\/www.vnucka.sk\/wp-content\/uploads\/2019\/06\/dedo2.jpg?resize=350%2C200&ssl=1","width":350,"height":200},"classes":[]},{"id":2370,"url":"https:\/\/www.vnucka.sk\/index.php\/2021\/08\/02\/tichy-cudak\/","url_meta":{"origin":1922,"position":1},"title":"Tich\u00fd \u010dud\u00e1k","date":"2. augusta 2021","format":false,"excerpt":"V\u00fdzorom ako hlavn\u00fd hrdina z kultov\u00e9ho filmu Tis\u00edcro\u010dn\u00e1 v\u010dela. Takto vraj vn\u00edmali v\u0161etci m\u013akveho dedka, ktor\u00e9ho som na podnet jeho susedy nav\u0161t\u00edvila aj s jednou mojou ob\u013e\u00fabenou seniorkou. Cel\u00e9 dni tr\u00e1vil na konci z\u00e1hrady, storo\u010dn\u00fd hlinen\u00fd dom sa mu rozpadal pod rukami a jemu to bolo jedno. Jedin\u00e9 \u010do ho\u2026","rel":"","context":"V &quot;be\u017en\u00fd \u017eivot&quot;","img":{"alt_text":"","src":"https:\/\/i0.wp.com\/www.vnucka.sk\/wp-content\/uploads\/2021\/10\/beeframe.jpg?resize=350%2C200&ssl=1","width":350,"height":200},"classes":[]},{"id":1024,"url":"https:\/\/www.vnucka.sk\/index.php\/2018\/04\/21\/opat-spojena-nit-rodiny\/","url_meta":{"origin":1922,"position":2},"title":"(Op\u00e4\u0165) spojen\u00e1 ni\u0165 rodiny","date":"21. apr\u00edla 2018","format":false,"excerpt":"Jedn\u00e9ho d\u0148a ma moja ob\u013e\u00faben\u00e1 babi\u010dka Helenka z Ko\u0161\u00edc - inak ve\u013emi akt\u00edvna aj v zrelom veku na internete, prekvapila ot\u00e1zkou, \u010di n\u00e1hodou nepozn\u00e1m jedno priezvisko z mesta odkia\u013e poch\u00e1dzam. H\u013eadala svoju rodinu, s ktorou na ve\u013emi dlh\u00fd \u010das stratila kontakt ... Rozhodila som siete ... A ... chv\u00ed\u013eu sa\u2026","rel":"","context":"V &quot;be\u017en\u00fd \u017eivot&quot;","img":{"alt_text":"","src":"https:\/\/i0.wp.com\/www.vnucka.sk\/wp-content\/uploads\/2018\/04\/evapisovasmekalovspolocna.jpg?resize=350%2C200","width":350,"height":200},"classes":[]},{"id":2373,"url":"https:\/\/www.vnucka.sk\/index.php\/2021\/09\/13\/burat-ci-neburat\/","url_meta":{"origin":1922,"position":3},"title":"B\u00fara\u0165 \u010di neb\u00fara\u0165","date":"13. septembra 2021","format":false,"excerpt":"Ke\u010f sa baba nud\u00ed, star\u00fd veche\u0165 ob\u0161\u00edva. T\u00fdmito slovami ma priv\u00edtal sedemdestiatnik dedu\u0161ko Jozef, ne\u0161\u0165astne ukazuj\u00fac na mohutn\u00fd kamenn\u00fd krb, ktor\u00fd bol dominantou miestnosti nieko\u013eko desa\u0165ro\u010d\u00ed. Staval ho jeho otec so svojim otcom. U\u017e sa v \u0148om dobr\u00fdch 10 rokov nezak\u00farilo a z dolniakov od Lev\u00edc ide vzdialen\u00e1 rodina k\u2026","rel":"","context":"V &quot;be\u017en\u00fd \u017eivot&quot;","img":{"alt_text":"","src":"https:\/\/i0.wp.com\/www.vnucka.sk\/wp-content\/uploads\/2021\/10\/krb.jpg?resize=350%2C200&ssl=1","width":350,"height":200},"classes":[]},{"id":2277,"url":"https:\/\/www.vnucka.sk\/index.php\/2020\/10\/19\/dobrozdanie\/","url_meta":{"origin":1922,"position":4},"title":"Dobrozdanie ku knihe","date":"19. okt\u00f3bra 2020","format":false,"excerpt":"NIELEN MEDZI MLAD\u00ddMI, ALE MEDZI V\u0160ETK\u00ddMI VEKOV\u00ddMI GENER\u00c1CIAMI JE VE\u013dA \u013dUDSK\u00ddCH POKLADOVDobrozdanie knihy, ktor\u00e1 \u0165a prenesie do sveta bez pozl\u00e1tkyNap\u00edsal : PaedDr. \u013dubo\u0161 \u010eurdiak, PhD., AFIAPautor a konzultant v oblasti psychol\u00f3gie a osobnostn\u00e9ho rozvojawww.DiscoveryTrend.eu dobrozdanievnuckaStiahnu\u0165 O \u010dom sa d\u00e1 m\u00e1lokde do\u010d\u00edta\u0165, m\u00f4\u017ee\u0161 n\u00e1js\u0165 v kni\u017eke od Janky Dani\u0161ovej. T\u00e9ma, ktor\u00e1\u2026","rel":"","context":"V &quot;be\u017en\u00fd \u017eivot&quot;","img":{"alt_text":"","src":"https:\/\/i0.wp.com\/www.vnucka.sk\/wp-content\/uploads\/2019\/11\/74687728_1705243299610736_7918785921242103808_o.jpg?resize=350%2C200&ssl=1","width":350,"height":200},"classes":[]},{"id":2088,"url":"https:\/\/www.vnucka.sk\/index.php\/2019\/12\/17\/skvele-rano-v-telerano\/","url_meta":{"origin":1922,"position":5},"title":"Skvel\u00e9 r\u00e1no v TELER\u00c1NO","date":"17. decembra 2019","format":false,"excerpt":"Rovnako skvel\u00e9 ako kni\u017eka Profesion\u00e1lna vnu\u010dka, v ktorej n\u00e1jdete ve\u013ea \u017eivotnej pravdy, my\u0161lienky nad ktor\u00fdmi budete dlho prem\u00fd\u0161\u013ea\u0165, vesel\u00e9 pr\u00edbehy ale aj n\u00e1vody na to, ako neuviaznu\u0165 v PASCI OSAMELOSTI... Nikto z n\u00e1s predsa net\u00fa\u017ei \u017ei\u0165, ani zostarn\u00fa\u0165 s\u00e1m...\ud83d\udc94\ud83d\udc94\ud83d\udc94 Anka s Elenkou si n\u00e1v\u0161tevu popul\u00e1rnej telev\u00edzie Mark\u00edza u\u017eili, spoznali na\u017eivo\u2026","rel":"","context":"V &quot;be\u017en\u00fd \u017eivot&quot;","img":{"alt_text":"","src":"https:\/\/i0.wp.com\/www.vnucka.sk\/wp-content\/uploads\/2019\/12\/IMG_6643-1.jpg?resize=350%2C200&ssl=1","width":350,"height":200},"classes":[]}],"jetpack_likes_enabled":false,"_links":{"self":[{"href":"https:\/\/www.vnucka.sk\/index.php\/wp-json\/wp\/v2\/posts\/1922"}],"collection":[{"href":"https:\/\/www.vnucka.sk\/index.php\/wp-json\/wp\/v2\/posts"}],"about":[{"href":"https:\/\/www.vnucka.sk\/index.php\/wp-json\/wp\/v2\/types\/post"}],"author":[{"embeddable":true,"href":"https:\/\/www.vnucka.sk\/index.php\/wp-json\/wp\/v2\/users\/1"}],"replies":[{"embeddable":true,"href":"https:\/\/www.vnucka.sk\/index.php\/wp-json\/wp\/v2\/comments?post=1922"}],"version-history":[{"count":4,"href":"https:\/\/www.vnucka.sk\/index.php\/wp-json\/wp\/v2\/posts\/1922\/revisions"}],"predecessor-version":[{"id":1932,"href":"https:\/\/www.vnucka.sk\/index.php\/wp-json\/wp\/v2\/posts\/1922\/revisions\/1932"}],"wp:attachment":[{"href":"https:\/\/www.vnucka.sk\/index.php\/wp-json\/wp\/v2\/media?parent=1922"}],"wp:term":[{"taxonomy":"category","embeddable":true,"href":"https:\/\/www.vnucka.sk\/index.php\/wp-json\/wp\/v2\/categories?post=1922"},{"taxonomy":"post_tag","embeddable":true,"href":"https:\/\/www.vnucka.sk\/index.php\/wp-json\/wp\/v2\/tags?post=1922"}],"curies":[{"name":"wp","href":"https:\/\/api.w.org\/{rel}","templated":true}]}}