{"id":1997,"date":"2019-11-09T13:06:01","date_gmt":"2019-11-09T12:06:01","guid":{"rendered":"http:\/\/www.vnucka.sk\/?p=1997"},"modified":"2019-11-28T16:30:25","modified_gmt":"2019-11-28T15:30:25","slug":"25-rokov-uplynuteho-casu","status":"publish","type":"post","link":"https:\/\/www.vnucka.sk\/index.php\/2019\/11\/09\/25-rokov-uplynuteho-casu\/","title":{"rendered":"25 rokov uplynut\u00e9ho \u010dasu"},"content":{"rendered":"\n<p> 25 rokov uplynulo, k\u00fdm som sa op\u00e4\u0165 stretla s mojim prv\u00fdm p\u00e1nom u\u010dite\u013eom  zo Z\u00e1kladnej \u0161koly. Dnes je sympatick\u00fd 77 ro\u010dn\u00fd senior, ktor\u00fd r\u00e1d ma\u013euje  a dokonca mi pon\u00fakol darom nieko\u013eko obrazov pre Domovy pre seniorov,  ktor\u00e9 nav\u0161tevujem, aby si rovesn\u00edci okr\u00e1\u0161lili miesto, kde \u017eij\u00fa \u2026Z jeho  obrazov \u017eiari podmaniv\u00e1 energia a ve\u013ek\u00fd cit.&#x2764;&#xfe0f;&#x2764;&#xfe0f;&#x2764;&#xfe0f;<br> Pam\u00e4t\u00e1m si ho ako pr\u00edsneho a z\u00e1sadov\u00e9ho pedag\u00f3ga s ve\u013ek\u00fdm re\u0161pektom u  \u017eiakov, dobr\u00e9 a spravodliv\u00e9 srdce mu zostalo. \u010eakujem p\u00e1n u\u010dite\u013e za  v\u0161etko, obrazy rada odovzd\u00e1m a te\u0161\u00edm sa na na\u0161e stretnutia!.<br> Apropo \u2013 spozn\u00e1te poh\u013ead a ulicu na poslednom z\u00e1bere vo videjku ? &#x1f609; <br> T\u00e1to aktivita sa uskuto\u010dnila aj v\u010faka podpore nad\u00e1cie Henkel Slovensko. <\/p>\n\n\n\n<figure class=\"wp-block-image\"><img data-attachment-id=\"1998\" data-permalink=\"https:\/\/www.vnucka.sk\/index.php\/2019\/11\/09\/25-rokov-uplynuteho-casu\/20190930_180402\/\" data-orig-file=\"https:\/\/www.vnucka.sk\/wp-content\/uploads\/2019\/11\/20190930_180402.jpg\" data-orig-size=\"1280,720\" data-comments-opened=\"0\" data-image-meta=\"{&quot;aperture&quot;:&quot;2.4&quot;,&quot;credit&quot;:&quot;&quot;,&quot;camera&quot;:&quot;SM-G800F&quot;,&quot;caption&quot;:&quot;&quot;,&quot;created_timestamp&quot;:&quot;1569866642&quot;,&quot;copyright&quot;:&quot;&quot;,&quot;focal_length&quot;:&quot;3.3&quot;,&quot;iso&quot;:&quot;160&quot;,&quot;shutter_speed&quot;:&quot;0.058823529411765&quot;,&quot;title&quot;:&quot;&quot;,&quot;orientation&quot;:&quot;1&quot;}\" data-image-title=\"20190930_180402\" data-image-description=\"\" data-image-caption=\"\" data-medium-file=\"https:\/\/www.vnucka.sk\/wp-content\/uploads\/2019\/11\/20190930_180402-300x169.jpg\" data-large-file=\"https:\/\/www.vnucka.sk\/wp-content\/uploads\/2019\/11\/20190930_180402-1024x576.jpg\" loading=\"lazy\" width=\"1024\" height=\"576\" src=\"http:\/\/www.vnucka.sk\/wp-content\/uploads\/2019\/11\/20190930_180402-1024x576.jpg\" alt=\"\" class=\"wp-image-1998\" srcset=\"https:\/\/www.vnucka.sk\/wp-content\/uploads\/2019\/11\/20190930_180402-1024x576.jpg 1024w, https:\/\/www.vnucka.sk\/wp-content\/uploads\/2019\/11\/20190930_180402-300x169.jpg 300w, https:\/\/www.vnucka.sk\/wp-content\/uploads\/2019\/11\/20190930_180402-768x432.jpg 768w, https:\/\/www.vnucka.sk\/wp-content\/uploads\/2019\/11\/20190930_180402-100x56.jpg 100w, https:\/\/www.vnucka.sk\/wp-content\/uploads\/2019\/11\/20190930_180402-150x84.jpg 150w, https:\/\/www.vnucka.sk\/wp-content\/uploads\/2019\/11\/20190930_180402-200x113.jpg 200w, https:\/\/www.vnucka.sk\/wp-content\/uploads\/2019\/11\/20190930_180402-450x253.jpg 450w, https:\/\/www.vnucka.sk\/wp-content\/uploads\/2019\/11\/20190930_180402-600x338.jpg 600w, https:\/\/www.vnucka.sk\/wp-content\/uploads\/2019\/11\/20190930_180402-900x506.jpg 900w, https:\/\/www.vnucka.sk\/wp-content\/uploads\/2019\/11\/20190930_180402.jpg 1280w\" sizes=\"(max-width: 1024px) 100vw, 1024px\" \/><\/figure>\n\n\n\n<figure class=\"wp-block-embed-youtube wp-block-embed is-type-video is-provider-youtube wp-embed-aspect-16-9 wp-has-aspect-ratio\"><div class=\"wp-block-embed__wrapper\">\n<span class=\"embed-youtube\" style=\"text-align:center; display: block;\"><iframe loading=\"lazy\" class=\"youtube-player\" width=\"605\" height=\"341\" src=\"https:\/\/www.youtube.com\/embed\/QFWyQtcetBE?version=3&#038;rel=1&#038;showsearch=0&#038;showinfo=1&#038;iv_load_policy=1&#038;fs=1&#038;hl=sk-SK&#038;autohide=2&#038;wmode=transparent\" allowfullscreen=\"true\" style=\"border:0;\" sandbox=\"allow-scripts allow-same-origin allow-popups allow-presentation\"><\/iframe><\/span>\n<\/div><\/figure>\n\n\n\n<div id=\"polls-37\" class=\"wp-polls\">\n\t<form id=\"polls_form_37\" class=\"wp-polls-form\" action=\"\/index.php\" method=\"post\">\n\t\t<p style=\"display: none;\"><input type=\"hidden\" id=\"poll_37_nonce\" name=\"wp-polls-nonce\" value=\"a7440da6b7\" \/><\/p>\n\t\t<p style=\"display: none;\"><input type=\"hidden\" name=\"poll_id\" value=\"37\" \/><\/p>\n\t\t<p style=\"text-align: center\"><strong>Hodnotenie pr\u00edspevku :<\/strong><\/p><div id=\"polls-37-ans\" class=\"wp-polls-ans\"><ul class=\"wp-polls-ul\">\n\t\t<li><input type=\"radio\" id=\"poll-answer-113\" name=\"poll_37\" value=\"113\" \/> <label for=\"poll-answer-113\">\u00da\u017easn\u00fd obsah, pros\u00edm viac tak\u00fdch<\/label><\/li>\n\t\t<li><input type=\"radio\" id=\"poll-answer-114\" name=\"poll_37\" value=\"114\" \/> <label for=\"poll-answer-114\">V pohode ako relax na odreagovanie<\/label><\/li>\n\t\t<li><input type=\"radio\" id=\"poll-answer-115\" name=\"poll_37\" value=\"115\" \/> <label for=\"poll-answer-115\">Pr\u00edjemn\u00fd \u0161tandard, mo\u017eno trochu o\u017eivi\u0165<\/label><\/li>\n\t\t<\/ul>\r\n<p style=\"text-align: center\"><input type=\"button\" name=\"Hlasova\u0165\/Vote\" value=\"   Hlasova\u0165\/Vote   \" class=\"Buttons\" onclick=\"poll_vote(37);\" \/><\/p>\r\n<p style=\"text-align: center\"><a href=\"#ViewPollResults\" onclick=\"poll_result(37); return false;\" title=\"View Results Of This Poll\">Zobrazi\u0165 v\u00fdsledky\/Results<\/a><\/p>\r\n<\/div>\n\t<\/form>\n<\/div>\n<div id=\"polls-37-loading\" class=\"wp-polls-loading\"><img src=\"https:\/\/www.vnucka.sk\/wp-content\/plugins\/wp-polls\/images\/loading.gif\" width=\"16\" height=\"16\" alt=\"Loading ...\" title=\"Loading ...\" class=\"wp-polls-image\" \/>&nbsp;Loading ...<\/div>\n\n","protected":false},"excerpt":{"rendered":"<p>25 rokov uplynulo, k\u00fdm som sa op\u00e4\u0165 stretla s mojim prv\u00fdm p\u00e1nom u\u010dite\u013eom zo Z\u00e1kladnej \u0161koly. Dnes je sympatick\u00fd 77 ro\u010dn\u00fd senior, ktor\u00fd r\u00e1d ma\u013euje a dokonca mi pon\u00fakol darom nieko\u013eko obrazov pre Domovy pre seniorov, ktor\u00e9 nav\u0161tevujem, aby si &hellip;<\/p>\n<p class=\"read-more\"> <a class=\"\" href=\"https:\/\/www.vnucka.sk\/index.php\/2019\/11\/09\/25-rokov-uplynuteho-casu\/\"> <span class=\"screen-reader-text\">25 rokov uplynut\u00e9ho \u010dasu<\/span> Read More &raquo;<\/a><\/p>\n","protected":false},"author":1,"featured_media":0,"comment_status":"closed","ping_status":"open","sticky":false,"template":"","format":"standard","meta":{"jetpack_publicize_message":"","jetpack_is_tweetstorm":false,"jetpack_publicize_feature_enabled":true},"categories":[5],"tags":[],"jetpack_publicize_connections":[],"jetpack_featured_media_url":"","jetpack_sharing_enabled":true,"jetpack_shortlink":"https:\/\/wp.me\/p9gi65-wd","jetpack-related-posts":[{"id":2105,"url":"https:\/\/www.vnucka.sk\/index.php\/2019\/12\/27\/pre-lasku-moze-clovek-zomriet\/","url_meta":{"origin":1997,"position":0},"title":"Pre l\u00e1sku m\u00f4\u017ee \u010dlovek zomrie\u0165","date":"27. decembra 2019","format":false,"excerpt":"Pre l\u00e1sku m\u00f4\u017ee \u010dlovek zomrie\u0165. V du\u0161i. K\u00fdm od\u00edde z tohoto sveta fyzicky, m\u00f4\u017ee prejs\u0165 ve\u013ea rokov. A predsa nemus\u00ed stihn\u00fa\u0165 napravi\u0165 v\u0161etko, \u010do by chcel. \u010co sa deje potom, nielen v \u017eivotoch potomkov? Smutn\u00fd fragment pr\u00edbehu zmaren\u00e9ho \u013eudsk\u00e9ho bytia a \u0161\u0165astia. Pr\u00edbeh bez konca, v ktorom prehrali v\u0161etci a\u2026","rel":"","context":"V &quot;be\u017en\u00fd \u017eivot&quot;","img":{"alt_text":"","src":"https:\/\/i0.wp.com\/img.youtube.com\/vi\/kyFHkrtG5Yc\/0.jpg?resize=350%2C200","width":350,"height":200},"classes":[]},{"id":2500,"url":"https:\/\/www.vnucka.sk\/index.php\/2026\/01\/05\/mama-a-jej-pribeh-ktory-skoncil-predcasne\/","url_meta":{"origin":1997,"position":1},"title":"Mama a jej pr\u00edbeh, ktor\u00fd skon\u010dil pred\u010dasne","date":"5. janu\u00e1ra 2026","format":false,"excerpt":"Pr\u00edbeh \u017eeny, ktor\u00e1 nezostarla, lebo nemala to \u0161\u0165astie. Nezostarla ani v spomienkach svojich det\u00ed od roku 1984. Hoci ja som pri\u0161la na svet o p\u00e1r rokov nesk\u00f4r, prenikla do m\u00f4jho srdca ve\u013emi hlboko, preto\u017ee prostredn\u00edctvom najmlad\u0161ieho syna je viac ako s\u00fa\u010das\u0165ou n\u00e1\u0161ho projektu pre seniorov. Dnes som ju v\u010faka modern\u00fdm\u2026","rel":"","context":"V &quot;be\u017en\u00fd \u017eivot&quot;","img":{"alt_text":"","src":"https:\/\/i0.wp.com\/img.youtube.com\/vi\/E7jxrmnMG2o\/0.jpg?resize=350%2C200","width":350,"height":200},"classes":[]},{"id":2428,"url":"https:\/\/www.vnucka.sk\/index.php\/2022\/05\/08\/den-matiek\/","url_meta":{"origin":1997,"position":2},"title":"De\u0148 matiek","date":"8. m\u00e1ja 2022","format":false,"excerpt":"My dnes mysl\u00edme obzvl\u00e1\u0161\u0165 na jednu mamu, ktor\u00e1 n\u00e1m je mimoriadne bl\u00edzka. V\u00a0tomto roku by mala 83 rokov, mo\u017eno by sa te\u0161ila zo \u017eivota svojich dvoch synov a\u00a0jednej dc\u00e9ry, dnes u\u017e takmer seniorov. Ur\u010dite by bola \u0161\u0165astn\u00e1 pri poh\u013eade na svoje vn\u00fa\u010dat\u00e1 \u010di dokonca pravn\u00fa\u010dat\u00e1. Od roku 1984 zostala u\u00a0svojich\u2026","rel":"","context":"V &quot;be\u017en\u00fd \u017eivot&quot;","img":{"alt_text":"","src":"https:\/\/i0.wp.com\/www.vnucka.sk\/wp-content\/uploads\/2022\/05\/mamaden-scaled.jpg?resize=350%2C200&ssl=1","width":350,"height":200},"classes":[]},{"id":2389,"url":"https:\/\/www.vnucka.sk\/index.php\/2021\/11\/29\/prines-oblubeny-predmet\/","url_meta":{"origin":1997,"position":3},"title":"Prines ob\u013e\u00faben\u00fd predmet","date":"29. novembra 2021","format":false,"excerpt":"Zima je ve\u013emi ponur\u00e9 obdobie v \u017eivote ka\u017ed\u00e9ho seniora. Vonku je chladno, \u0161myk\u013eavo, skoro prich\u00e1dza tma. Nie je v\u00f4bec jednoduch\u00e9 sa niekam presun\u00fa\u0165 pre zdrav\u00e9ho \u010dloveka, nieto e\u0161te pre seniora s pr\u00edpadn\u00fdm pohybov\u00fdm handicapom. Seniori sa aj medzi sebou nav\u0161tevuj\u00fa pomenej, viac si telefonuj\u00fa, t\u00ed sk\u00fasenej\u0161\u00ed skypuj\u00fa, facebookuj\u00fa ale ni\u010d\u2026","rel":"","context":"V &quot;be\u017en\u00fd \u017eivot&quot;","img":{"alt_text":"","src":"https:\/\/i0.wp.com\/www.vnucka.sk\/wp-content\/uploads\/2021\/12\/prinespredmet.jpg?resize=350%2C200&ssl=1","width":350,"height":200},"classes":[]},{"id":888,"url":"https:\/\/www.vnucka.sk\/index.php\/2018\/02\/16\/100-rokov-poctiveho-pomocnika\/","url_meta":{"origin":1997,"position":4},"title":"100 rokov poctiv\u00e9ho pomocn\u00edka","date":"16. febru\u00e1ra 2018","format":false,"excerpt":"Ani po 100 rokoch zvuk poctiv\u00e9ho odliatku kovu nestratil na svojej kr\u00e1se a intenzite. Takmer ka\u017ed\u00e1 babi\u010dka a dedu\u0161ko opatruje tento vz\u00e1cny k\u00fasok dom\u00e1ceho pomocn\u00edka, bez ktor\u00e9ho sa v minulosti nezaobi\u0161la \u017eiadna dom\u00e1cnos\u0165.\u00a0 Dotyk s chladn\u00fdm mas\u00edvnym poctivo odliatym kovom na moje po\u010dudovanie a rados\u0165 rozohrial na\u0161e srdcia a vy\u010daril\u2026","rel":"","context":"V &quot;be\u017en\u00fd \u017eivot&quot;","img":{"alt_text":"","src":"https:\/\/i0.wp.com\/www.vnucka.sk\/wp-content\/uploads\/2018\/02\/20180214_160214-1.jpg?resize=350%2C200","width":350,"height":200},"classes":[]},{"id":1880,"url":"https:\/\/www.vnucka.sk\/index.php\/2019\/06\/12\/na-moravske-palave-se-nestarne\/","url_meta":{"origin":1997,"position":5},"title":"Na moravsk\u00e9 P\u00e1lav\u011b se nest\u00e1rne","date":"12. j\u00fana 2019","format":false,"excerpt":"Pod d\u00edv\u010d\u00edm hradem na Moravsk\u00e9 P\u00e1lav\u011b se nest\u00e1rne. In\u0161pirat\u00edvnych \u013eud\u00ed m\u00f4\u017eete stretn\u00fa\u0165 kdeko\u013evek. Tento sympatick\u00fd 81 ro\u010dn\u00fd senior s usmiatou tv\u00e1rou, inak origin\u00e1lny Pra\u017e\u00e1k, mi natrvalo utkvie v pam\u00e4ti a je pre m\u0148a ve\u013ekou in\u0161pir\u00e1ciou ako \u017ei\u0165. Pred p\u00e1r d\u0148ami som sa vybrala zrelaxova\u0165 a dobi\u0165 baterky na Moravu mojou\u2026","rel":"","context":"V &quot;be\u017en\u00fd \u017eivot&quot;","img":{"alt_text":"","src":"https:\/\/i0.wp.com\/www.vnucka.sk\/wp-content\/uploads\/2019\/06\/dedo2.jpg?resize=350%2C200&ssl=1","width":350,"height":200},"classes":[]}],"jetpack_likes_enabled":false,"_links":{"self":[{"href":"https:\/\/www.vnucka.sk\/index.php\/wp-json\/wp\/v2\/posts\/1997"}],"collection":[{"href":"https:\/\/www.vnucka.sk\/index.php\/wp-json\/wp\/v2\/posts"}],"about":[{"href":"https:\/\/www.vnucka.sk\/index.php\/wp-json\/wp\/v2\/types\/post"}],"author":[{"embeddable":true,"href":"https:\/\/www.vnucka.sk\/index.php\/wp-json\/wp\/v2\/users\/1"}],"replies":[{"embeddable":true,"href":"https:\/\/www.vnucka.sk\/index.php\/wp-json\/wp\/v2\/comments?post=1997"}],"version-history":[{"count":4,"href":"https:\/\/www.vnucka.sk\/index.php\/wp-json\/wp\/v2\/posts\/1997\/revisions"}],"predecessor-version":[{"id":2055,"href":"https:\/\/www.vnucka.sk\/index.php\/wp-json\/wp\/v2\/posts\/1997\/revisions\/2055"}],"wp:attachment":[{"href":"https:\/\/www.vnucka.sk\/index.php\/wp-json\/wp\/v2\/media?parent=1997"}],"wp:term":[{"taxonomy":"category","embeddable":true,"href":"https:\/\/www.vnucka.sk\/index.php\/wp-json\/wp\/v2\/categories?post=1997"},{"taxonomy":"post_tag","embeddable":true,"href":"https:\/\/www.vnucka.sk\/index.php\/wp-json\/wp\/v2\/tags?post=1997"}],"curies":[{"name":"wp","href":"https:\/\/api.w.org\/{rel}","templated":true}]}}