{"id":2102,"date":"2019-12-22T09:52:30","date_gmt":"2019-12-22T08:52:30","guid":{"rendered":"http:\/\/www.vnucka.sk\/?p=2102"},"modified":"2019-12-22T09:52:38","modified_gmt":"2019-12-22T08:52:38","slug":"vianocny-posol-radosti","status":"publish","type":"post","link":"https:\/\/www.vnucka.sk\/index.php\/2019\/12\/22\/vianocny-posol-radosti\/","title":{"rendered":"Viano\u010dn\u00fd posol radosti"},"content":{"rendered":"\n<figure class=\"wp-block-image\"><img data-attachment-id=\"2103\" data-permalink=\"https:\/\/www.vnucka.sk\/index.php\/2019\/12\/22\/vianocny-posol-radosti\/20191220_121601\/\" data-orig-file=\"https:\/\/www.vnucka.sk\/wp-content\/uploads\/2019\/12\/20191220_121601.jpg\" data-orig-size=\"3264,2448\" data-comments-opened=\"0\" data-image-meta=\"{&quot;aperture&quot;:&quot;2.4&quot;,&quot;credit&quot;:&quot;&quot;,&quot;camera&quot;:&quot;SM-G800F&quot;,&quot;caption&quot;:&quot;&quot;,&quot;created_timestamp&quot;:&quot;1576844161&quot;,&quot;copyright&quot;:&quot;&quot;,&quot;focal_length&quot;:&quot;3.3&quot;,&quot;iso&quot;:&quot;160&quot;,&quot;shutter_speed&quot;:&quot;0.03030303030303&quot;,&quot;title&quot;:&quot;&quot;,&quot;orientation&quot;:&quot;1&quot;}\" data-image-title=\"20191220_121601\" data-image-description=\"\" data-image-caption=\"\" data-medium-file=\"https:\/\/www.vnucka.sk\/wp-content\/uploads\/2019\/12\/20191220_121601-300x225.jpg\" data-large-file=\"https:\/\/www.vnucka.sk\/wp-content\/uploads\/2019\/12\/20191220_121601-1024x768.jpg\" loading=\"lazy\" width=\"1024\" height=\"768\" src=\"http:\/\/www.vnucka.sk\/wp-content\/uploads\/2019\/12\/20191220_121601-1024x768.jpg\" alt=\"\" class=\"wp-image-2103\" srcset=\"https:\/\/www.vnucka.sk\/wp-content\/uploads\/2019\/12\/20191220_121601-1024x768.jpg 1024w, https:\/\/www.vnucka.sk\/wp-content\/uploads\/2019\/12\/20191220_121601-300x225.jpg 300w, https:\/\/www.vnucka.sk\/wp-content\/uploads\/2019\/12\/20191220_121601-768x576.jpg 768w, https:\/\/www.vnucka.sk\/wp-content\/uploads\/2019\/12\/20191220_121601-100x75.jpg 100w, https:\/\/www.vnucka.sk\/wp-content\/uploads\/2019\/12\/20191220_121601-150x113.jpg 150w, https:\/\/www.vnucka.sk\/wp-content\/uploads\/2019\/12\/20191220_121601-200x150.jpg 200w, https:\/\/www.vnucka.sk\/wp-content\/uploads\/2019\/12\/20191220_121601-450x338.jpg 450w, https:\/\/www.vnucka.sk\/wp-content\/uploads\/2019\/12\/20191220_121601-600x450.jpg 600w, https:\/\/www.vnucka.sk\/wp-content\/uploads\/2019\/12\/20191220_121601-900x675.jpg 900w\" sizes=\"(max-width: 1024px) 100vw, 1024px\" \/><\/figure>\n\n\n\n<figure class=\"wp-block-embed-youtube wp-block-embed is-type-video is-provider-youtube wp-embed-aspect-16-9 wp-has-aspect-ratio\"><div class=\"wp-block-embed__wrapper\">\n<span class=\"embed-youtube\" style=\"text-align:center; display: block;\"><iframe loading=\"lazy\" class=\"youtube-player\" width=\"605\" height=\"341\" src=\"https:\/\/www.youtube.com\/embed\/zEUC-C-FAbg?version=3&#038;rel=1&#038;showsearch=0&#038;showinfo=1&#038;iv_load_policy=1&#038;fs=1&#038;hl=sk-SK&#038;autohide=2&#038;wmode=transparent\" allowfullscreen=\"true\" style=\"border:0;\" sandbox=\"allow-scripts allow-same-origin allow-popups allow-presentation\"><\/iframe><\/span>\n<\/div><\/figure>\n\n\n\n<p> Em\u00f3cie, \u0161oky radosti, aj slzi\u010dky dojatia sprev\u00e1dzali moje cesty od  Mikul\u00e1\u0161a do Vianoc &#8230; v\u010faka \u00fa\u017easn\u00fdm zamestnancom Ministerstva vn\u00fatra,  ktor\u00e9 podporilo Vnu\u010dku &#x1f607; dar\u010dekmi pre seniorov. &#x2764;&#xfe0f;&#x2764;&#xfe0f;&#x2764;&#xfe0f;  V\u010faka p\u00e1n u\u010dite\u013e Mot\u00fas, za n\u00e1dhern\u00e9 obrazy pre skr\u00e1\u0161lenie pr\u00edbytkov  seniorov. V\u010faka pani riadite\u013eka Martu\u0161ka s Veronikou za pr\u00edkladn\u00fa a  obetav\u00fa starostlivos\u0165 o stark\u00fdch. V\u010faka seniorky Anka, Elenka, Martu\u0161ka  &#8230; za Va\u0161u pomoc v projekte Vnu\u010dka &#x1f31e;<br>  By\u0165 poslom radosti a dobr\u00e9ho srdca, ktor\u00e9ho k\u00fasok ste mnoh\u00ed darovali  nielen na Vianoce, je neopisate\u013en\u00fd pocit, za ktor\u00fd som nesmierne v\u010fa\u010dn\u00e1.  Tak teda kr\u00e1sne Vianoce a e\u0161te kraj\u0161\u00ed Nov\u00fd rok! &#x1f642; <br>  <div id=\"polls-92\" class=\"wp-polls\">\n\t<form id=\"polls_form_92\" class=\"wp-polls-form\" action=\"\/index.php\" method=\"post\">\n\t\t<p style=\"display: none;\"><input type=\"hidden\" id=\"poll_92_nonce\" name=\"wp-polls-nonce\" value=\"fd379c3241\" \/><\/p>\n\t\t<p style=\"display: none;\"><input type=\"hidden\" name=\"poll_id\" value=\"92\" \/><\/p>\n\t\t<p style=\"text-align: center\"><strong>Hodnotenie pr\u00edspevku :<\/strong><\/p><div id=\"polls-92-ans\" class=\"wp-polls-ans\"><ul class=\"wp-polls-ul\">\n\t\t<li><input type=\"radio\" id=\"poll-answer-279\" name=\"poll_92\" value=\"279\" \/> <label for=\"poll-answer-279\">\u00da\u017easn\u00fd obsah, pros\u00edm viac tak\u00fdch<\/label><\/li>\n\t\t<li><input type=\"radio\" id=\"poll-answer-280\" name=\"poll_92\" value=\"280\" \/> <label for=\"poll-answer-280\">V pohode ako relax na odreagovanie<\/label><\/li>\n\t\t<li><input type=\"radio\" id=\"poll-answer-281\" name=\"poll_92\" value=\"281\" \/> <label for=\"poll-answer-281\">Pr\u00edjemn\u00fd \u0161tandard, mo\u017eno trochu o\u017eivi\u0165<\/label><\/li>\n\t\t<\/ul>\r\n<p style=\"text-align: center\"><input type=\"button\" name=\"Hlasova\u0165\/Vote\" value=\"   Hlasova\u0165\/Vote   \" class=\"Buttons\" onclick=\"poll_vote(92);\" \/><\/p>\r\n<p style=\"text-align: center\"><a href=\"#ViewPollResults\" onclick=\"poll_result(92); return false;\" title=\"View Results Of This Poll\">Zobrazi\u0165 v\u00fdsledky\/Results<\/a><\/p>\r\n<\/div>\n\t<\/form>\n<\/div>\n<div id=\"polls-92-loading\" class=\"wp-polls-loading\"><img src=\"https:\/\/www.vnucka.sk\/wp-content\/plugins\/wp-polls\/images\/loading.gif\" width=\"16\" height=\"16\" alt=\"Loading ...\" title=\"Loading ...\" class=\"wp-polls-image\" \/>&nbsp;Loading ...<\/div>\n <\/p>\n","protected":false},"excerpt":{"rendered":"<p>Em\u00f3cie, \u0161oky radosti, aj slzi\u010dky dojatia sprev\u00e1dzali moje cesty od Mikul\u00e1\u0161a do Vianoc &#8230; v\u010faka \u00fa\u017easn\u00fdm zamestnancom Ministerstva vn\u00fatra, ktor\u00e9 podporilo Vnu\u010dku &#x1f607; dar\u010dekmi pre seniorov. &#x2764;&#xfe0f;&#x2764;&#xfe0f;&#x2764;&#xfe0f; V\u010faka p\u00e1n u\u010dite\u013e Mot\u00fas, za n\u00e1dhern\u00e9 obrazy pre skr\u00e1\u0161lenie pr\u00edbytkov seniorov. V\u010faka pani &hellip;<\/p>\n<p class=\"read-more\"> <a class=\"\" href=\"https:\/\/www.vnucka.sk\/index.php\/2019\/12\/22\/vianocny-posol-radosti\/\"> <span class=\"screen-reader-text\">Viano\u010dn\u00fd posol radosti<\/span> Read More &raquo;<\/a><\/p>\n","protected":false},"author":1,"featured_media":0,"comment_status":"closed","ping_status":"open","sticky":false,"template":"","format":"standard","meta":{"jetpack_publicize_message":"","jetpack_is_tweetstorm":false,"jetpack_publicize_feature_enabled":true},"categories":[5],"tags":[],"jetpack_publicize_connections":[],"jetpack_featured_media_url":"","jetpack_sharing_enabled":true,"jetpack_shortlink":"https:\/\/wp.me\/p9gi65-xU","jetpack-related-posts":[{"id":1959,"url":"https:\/\/www.vnucka.sk\/index.php\/2019\/10\/13\/tam-kde-sa-dobre-zije\/","url_meta":{"origin":2102,"position":0},"title":"Tam, kde sa dobre \u017eije","date":"13. okt\u00f3bra 2019","format":false,"excerpt":"\u010eakujeme za n\u00e1dherne str\u00e1ven\u00fd \u010das v domove pre seniorov K\u0161inn\u00e1, kde sme boli s mojou ob\u013e\u00fabenou seniorkou Elenkou nielen zahra\u0165 a zaspieva\u0165 babi\u010dk\u00e1m a dedu\u0161kovi. Obetav\u00e1 starostlivos\u0165 o seniorov pod veden\u00edm pani riadite\u013eky Mgr. Marty Hrubej a z\u00e1stupkyne Mgr. Veroniky Hudecovej je v tomto domove absol\u00fatne TOP! \u2764\ufe0f\u2764\ufe0f\u2764\ufe0f U\u017e sa\u2026","rel":"","context":"V &quot;be\u017en\u00fd \u017eivot&quot;","img":{"alt_text":"","src":"https:\/\/i0.wp.com\/www.vnucka.sk\/wp-content\/uploads\/2019\/10\/20190902_120718.jpg?resize=350%2C200&ssl=1","width":350,"height":200},"classes":[]},{"id":2306,"url":"https:\/\/www.vnucka.sk\/index.php\/2020\/12\/23\/vianocny-naklad-radosti\/","url_meta":{"origin":2102,"position":1},"title":"Viano\u010dn\u00fd n\u00e1klad radosti","date":"23. decembra 2020","format":false,"excerpt":"Rados\u0165 z obdarovania osamel\u00fdch seniorov je neop\u00edsate\u013en\u00e1. Mnoh\u00ed nedostali dlh\u00fd \u010das ani poh\u013eadnicu, nieto e\u0161te dar\u010dek. Bez slzi\u010diek dojatia to v t\u00fdchto chv\u00ed\u013each nejde. Tento rok nie jedno ako minul\u00fd rok, ale DVE pln\u00e9 aut\u00e1 pri\u0161li s n\u00e1kladom viano\u010dn\u00fdch dar\u010dekov. Jedno od Ministerstva vn\u00fatra SR, kde zamestnanci pre n\u00e1\u0161 projekt\u2026","rel":"","context":"V &quot;be\u017en\u00fd \u017eivot&quot;","img":{"alt_text":"","src":"https:\/\/i0.wp.com\/www.vnucka.sk\/wp-content\/uploads\/2020\/12\/20201223_135947-scaled.jpg?resize=350%2C200&ssl=1","width":350,"height":200},"classes":[]},{"id":1630,"url":"https:\/\/www.vnucka.sk\/index.php\/2018\/12\/20\/balime-spievame-dobru-naladu-sirime\/","url_meta":{"origin":2102,"position":2},"title":"Bal\u00edme, spievame, dobr\u00fa n\u00e1ladu \u0161\u00edrime","date":"20. decembra 2018","format":false,"excerpt":"Dar\u010dek\u00fd zabalen\u00e9, pesni\u010dky zaspievan\u00e9, kol\u00e1\u010diky rozdan\u00e9 - to je skvel\u00e9 popoludnie s babi\u010dkami, ktor\u00e9 balili dar\u010deky pre z\u00e1kazn\u00edkov TESCO B\u00e1novce n\/B \u2764\ufe0f\u2764\ufe0f\u2764\ufe0f Seniori s\u00fa \u0161\u0165astn\u00ed, ak m\u00f4\u017eu by\u0165 u\u017eito\u010dn\u00ed ... Ve\u013ek\u00e1 V\u010eAKA za pozvanie TESCO, aj takto sa d\u00e1 pom\u00f4c\u0165 projektu, ktor\u00fd vytv\u00e1ra RODINU pre osamel\u00fdch seniorov. Ak sa V\u00e1m\u2026","rel":"","context":"V &quot;be\u017en\u00fd \u017eivot&quot;","img":{"alt_text":"","src":"https:\/\/i0.wp.com\/img.youtube.com\/vi\/XEVXme0smX4\/0.jpg?resize=350%2C200","width":350,"height":200},"classes":[]},{"id":1997,"url":"https:\/\/www.vnucka.sk\/index.php\/2019\/11\/09\/25-rokov-uplynuteho-casu\/","url_meta":{"origin":2102,"position":3},"title":"25 rokov uplynut\u00e9ho \u010dasu","date":"9. novembra 2019","format":false,"excerpt":"25 rokov uplynulo, k\u00fdm som sa op\u00e4\u0165 stretla s mojim prv\u00fdm p\u00e1nom u\u010dite\u013eom zo Z\u00e1kladnej \u0161koly. Dnes je sympatick\u00fd 77 ro\u010dn\u00fd senior, ktor\u00fd r\u00e1d ma\u013euje a dokonca mi pon\u00fakol darom nieko\u013eko obrazov pre Domovy pre seniorov, ktor\u00e9 nav\u0161tevujem, aby si rovesn\u00edci okr\u00e1\u0161lili miesto, kde \u017eij\u00fa \u2026Z jeho obrazov \u017eiari podmaniv\u00e1\u2026","rel":"","context":"V &quot;be\u017en\u00fd \u017eivot&quot;","img":{"alt_text":"","src":"https:\/\/i0.wp.com\/www.vnucka.sk\/wp-content\/uploads\/2019\/11\/20190930_180402.jpg?resize=350%2C200&ssl=1","width":350,"height":200},"classes":[]},{"id":1987,"url":"https:\/\/www.vnucka.sk\/index.php\/2019\/11\/04\/radost-pritomneho-okamihu\/","url_meta":{"origin":2102,"position":4},"title":"Rados\u0165 pr\u00edtomn\u00e9ho okamihu","date":"4. novembra 2019","format":false,"excerpt":"Prv\u00fdkr\u00e1t v 85 rokoch babi\u010dka Majka na v\u00fdlete do modern\u00e9ho n\u00e1kupn\u00e9ho centra \ud83d\ude09 a \u017ee sme si to u\u017eili! Nov\u00fa z\u00e1steru sme s\u00edce nek\u00fapili, ale vychutnali sme si parfum\u00e9rie, mas\u00e1\u017ee a nakukli do v\u0161etk\u00fdch obchodov\ud83d\udc4d Ve\u013ek\u00fd z\u00e1\u017eitok a super n\u00e1lada n\u00e1s odvtedy dr\u017e\u00ed st\u00e1le, u\u017e dlho som nevidela to\u013eko radosti\u2026","rel":"","context":"V &quot;be\u017en\u00fd \u017eivot&quot;","img":{"alt_text":"","src":"https:\/\/i0.wp.com\/img.youtube.com\/vi\/TSf8k1vdrBo\/0.jpg?resize=350%2C200","width":350,"height":200},"classes":[]},{"id":1747,"url":"https:\/\/www.vnucka.sk\/index.php\/2019\/01\/29\/kristalove-kridlo-2018\/","url_meta":{"origin":2102,"position":5},"title":"Kri\u0161t\u00e1\u013eov\u00e9 kr\u00eddlo 2018","date":"29. janu\u00e1ra 2019","format":false,"excerpt":"Prest\u00ed\u017ene ocenenie ude\u013eovan\u00e9 osobnostiam Slovenska u\u017e od roku 1997. V nede\u013eu 27. janu\u00e1ra 2019 som zrazu st\u00e1la na podiu v Slovenskom n\u00e1rodnom divadle a dr\u017eala t\u00fa krehk\u00fa sklenen\u00fa kr\u00e1su Kri\u0161t\u00e1lov\u00e9ho kr\u00eddla v ruke ako laure\u00e1tka Filantropie za rok 2018. Ke\u010f som za\u010dula svoje meno, myslela som, \u017ee to je sen.\u2026","rel":"","context":"V &quot;be\u017en\u00fd \u017eivot&quot;","img":{"alt_text":"","src":"https:\/\/i0.wp.com\/www.vnucka.sk\/wp-content\/uploads\/2019\/01\/laureati.jpg?resize=350%2C200","width":350,"height":200},"classes":[]}],"jetpack_likes_enabled":false,"_links":{"self":[{"href":"https:\/\/www.vnucka.sk\/index.php\/wp-json\/wp\/v2\/posts\/2102"}],"collection":[{"href":"https:\/\/www.vnucka.sk\/index.php\/wp-json\/wp\/v2\/posts"}],"about":[{"href":"https:\/\/www.vnucka.sk\/index.php\/wp-json\/wp\/v2\/types\/post"}],"author":[{"embeddable":true,"href":"https:\/\/www.vnucka.sk\/index.php\/wp-json\/wp\/v2\/users\/1"}],"replies":[{"embeddable":true,"href":"https:\/\/www.vnucka.sk\/index.php\/wp-json\/wp\/v2\/comments?post=2102"}],"version-history":[{"count":1,"href":"https:\/\/www.vnucka.sk\/index.php\/wp-json\/wp\/v2\/posts\/2102\/revisions"}],"predecessor-version":[{"id":2104,"href":"https:\/\/www.vnucka.sk\/index.php\/wp-json\/wp\/v2\/posts\/2102\/revisions\/2104"}],"wp:attachment":[{"href":"https:\/\/www.vnucka.sk\/index.php\/wp-json\/wp\/v2\/media?parent=2102"}],"wp:term":[{"taxonomy":"category","embeddable":true,"href":"https:\/\/www.vnucka.sk\/index.php\/wp-json\/wp\/v2\/categories?post=2102"},{"taxonomy":"post_tag","embeddable":true,"href":"https:\/\/www.vnucka.sk\/index.php\/wp-json\/wp\/v2\/tags?post=2102"}],"curies":[{"name":"wp","href":"https:\/\/api.w.org\/{rel}","templated":true}]}}