{"id":2386,"date":"2021-11-11T18:32:00","date_gmt":"2021-11-11T17:32:00","guid":{"rendered":"http:\/\/www.vnucka.sk\/?p=2386"},"modified":"2021-12-01T18:35:12","modified_gmt":"2021-12-01T17:35:12","slug":"tajny-recept","status":"publish","type":"post","link":"https:\/\/www.vnucka.sk\/index.php\/2021\/11\/11\/tajny-recept\/","title":{"rendered":"Tajn\u00fd recept"},"content":{"rendered":"\n<p>Jedli ste u\u017e niekedy podom\u00e1cky vyroben\u00fd syr? Aj v\u010faka m\u00f4jmu vnu\u010dkovaniu sa mi po\u0161\u0165astilo nielen tak\u00fdto syr jes\u0165, ale v\u010faka babi\u010dke Alenke aj vlastnoru\u010dne vyrobi\u0165 a bol to ve\u013ek\u00fd z\u00e1\u017eitok. Alenka je vidiecka seniorka, \u017eij\u00faca na lazoch, kde v relat\u00edvne dobrom zdrav\u00ed \u017eije u\u017e 79 rok. Bli\u017e\u0161ie ur\u010denie miesta neuv\u00e1dzam, re\u0161pektuj\u00fac Alenkino \u017eelanie. U lek\u00e1ra vraj nebola dobr\u00fdch 30 rokov. Pr\u00edroda tu m\u00e1 svoje \u010daro a silu. Pri ka\u017edej n\u00e1v\u0161teve rada po\u010d\u00favam jej pr\u00edbehy, ako tr\u00e1vili zimu, nie raz sa stalo, \u017ee snehov\u00e1 n\u00e1dielka ich doslova oddelila od civiliz\u00e1cie. V\u00f4bec sa ne\u010dudujem, aj v letn\u00fdch mesiacoch sem nie je jednoduch\u00fd pr\u00edstup autom, lep\u0161ie je \u00eds\u0165 off roadom alebo autom s pohonom v\u0161etk\u00fdch \u0161tyroch kolies. V ka\u017edom hospod\u00e1rstve t\u00fdch p\u00e1r domov okolo v minulosti chovali kravku, prasiatka, kozi\u010dky, aj ove\u010dky sa pritrafili, hydina, zajace, za domom pr\u00edrodn\u00fd zelovoc. Lep\u0161ie slivky a hru\u0161ky som nikdy nejedla, ako pr\u00e1ve tie len tak divoko rast\u00face okolo domu Alenky. Do dediny sa chodilo iba raz za \u010das a do okresn\u00e9ho mesta vzdialen\u00e9ho nieko\u013eko desiatok kilometrov iba vtedy, ak sa \u201ed\u00e1ky \u00farad\u201c ohl\u00e1sil, \u017ee treba sa dostavi\u0165. Aj sem prenikli zvesti o modernom v\u00fdvoji sveta a takmer nikto tu u\u017e ni\u010d nechov\u00e1, miesto \u010dak\u00e1 k\u00fdm od\u00edde posledn\u00fd obyvate\u013e aby sa k\u00fasok hist\u00f3rie doslova zakonzervoval do nemennej podoby na dlh\u00e9 desa\u0165rocia. Na dobr\u00fd syr treba dobr\u00e9 mlieko. To je \u00fapln\u00fd z\u00e1klad. Alenka u\u017e kravku, kozi\u010dky \u010di ove\u010dky nechov\u00e1, tak sme spolu zbehli do susediacej dediny, kde nevesta pracuje na dru\u017estve a d\u00e1 jej poctiv\u00e9ho mlieka. Zbehli znamen\u00e1 pe\u0161o cez pole s kanvicou. Autom ani za svet, vraj \u010do budeme podaromnici \u201emotor p\u00e1li\u0165\u201c. Neviem ak\u00fd je obsah tej kanvice, som \u0161portovo zalo\u017een\u00e1, ale naplnen\u00e1 kanvica mliekom bola dos\u0165 slu\u0161n\u00e1 posilov\u0148a pre m\u0148a. To som musela Alenku presvied\u010da\u0165, \u017ee kanvicu budem nies\u0165 ja.<\/p>\n\n\n\n<p>Tu je Alenkin tajn\u00fd recept na najlep\u0161\u00ed syr, ak\u00fd som kedy v \u017eivote jedla a hlavne sama sa podie\u013eala na jeho v\u00fdrobe :<\/p>\n\n\n\n<ul><li>Dievka moja, mlieka si d\u00e1\u0161 hrnca tak zo 3 litre, vy\u0161e ned\u00e1vaj, zle sa s t\u00fdm rob\u00ed doma<\/li><li>Od kravy vy\u0161e syra dostane\u0161 jak od kozy, aj raz to\u013eko<\/li><li>Do \u0161porhelta moc nenakladaj, iba tak aby mlieko pre mal\u00e9 decko bolo dobr\u00e9 \/ preklad \u2013 mlieko zohrej aby malo teplotu \u013eudsk\u00e9ho tela \/<\/li><li>Mie\u0161aj zakr\u00e1tko, aby rovnako sa hrialo &#8211; Ke\u010f je hotovo, dole daj a vyd\u00fdcha\u0165 mlieko nechaj tak na jeden Zdravas M\u00e1ria<\/li><li>Najlep\u0161ie od ba\u010du d\u00e1keho syridla tak za ly\u017eicu ve\u013ek\u00fa daj<\/li><li>\u0160atku na hrniec daj a prikry hoci aj malou latou<\/li><li>Ni\u010d nerob, iba \u010dakaj teraz, skoro slab\u00fa hodinu<\/li><li>Latu aj \u0161atku daj pre\u010d a hrniec podvihni, mus\u00ed sa zrazen\u00e9 mlieko v hrnci odlepi\u0165 jak ka\u0161a prehust\u00e1<\/li><li>Dobr\u00fdm \u010dist\u00fdm no\u017eom pokr\u00e1jaj v hrnci na kocky<\/li><li>Zasa \u010dakaj zakr\u00e1tko, dokia\u013e na dno hrnca nepad\u00e1 syrina, hore srv\u00e1tka vypl\u00e1va<\/li><li>Dobre si umy ruky a zbieraj to \u010do na dno hrnca padlo, to u\u017e je ten syr<\/li><li>Do ced\u00e1ka daj za dve hrste \u010do si nazbierala z hrnca dole<\/li><li>Ke\u010f \u013e\u00fabi\u0161, m\u00f4\u017ee\u0161 v\u010dil bylinky da\u0165, jak\u00e9 m\u00e1\u0161 rada aj dobr\u00e9ho korenia<\/li><li>V ced\u00e1ku rukou potla\u010d, aby srv\u00e1tka vy\u0161la<\/li><li>Gr\u00edfom mus\u00ed\u0161 tla\u010di\u0165, lebo ke\u010f ve\u013ea tla\u010d\u00ed\u0161, such\u00fd bude. Nau\u010d\u00ed\u0161 sa.<\/li><li>Zober boch\u00e1n syra takto natla\u010den\u00fd a na such\u00e9 drevo daj<\/li><li>Do tmy na noc v komore nechaj do r\u00e1na. Dobr\u00fd bude, neboj sa.<br>Dobr\u00fd ?<br>Excelentn\u00fd, famozny a hlavne m\u00f4j prv\u00fd vlastnoru\u010dne vyroben\u00fd syr! T\u00e1 rados\u0165 z v\u00fdroby prv\u00e9ho vlastn\u00e9ho syra sa ned\u00e1 pop\u00edsa\u0165 a t\u00e1 chu\u0165 je nazamenite\u013en\u00e1. Alenke som v\u010fa\u010dn\u00e1 za t\u00fato sk\u00fasenos\u0165! Ve\u010f vysk\u00fa\u0161ajte! Je to naozaj tak\u00e9 jednoduch\u00e9. Tie najlep\u0161ie veci v \u017eivote a nielen veci, b\u00fdvaj\u00fa tie najjednoduch\u0161ie. Ochutnali sme spolu a vraj je \u201einak\u0161\u00ed\u201c ako ona rob\u00ed, lebo ja som robila a ona \u201ekibicovala\u201c. Tak veru. Alenku nav\u0161tevujem \u010falej. Neviem, kedy stihnem v\u0161etky jej recepty vysk\u00fa\u0161a\u0165. U\u017e viem vyr\u00e1ba\u0165 aj maslo, teoreticky klob\u00e1sy a dojila som aj kravku u Alenkinej kamar\u00e1tky. Ni\u010d pre netr\u00e9novan\u00e9 ruky. \u017divot star\u00fdch mater\u00ed na lazoch mal svoje origin\u00e1lne \u010daro \u2026<br><\/li><\/ul>\n\n\n\n<figure class=\"wp-block-image size-large\"><img data-attachment-id=\"2387\" data-permalink=\"https:\/\/www.vnucka.sk\/index.php\/2021\/11\/11\/tajny-recept\/syrpriroda\/\" data-orig-file=\"https:\/\/www.vnucka.sk\/wp-content\/uploads\/2021\/12\/syrpriroda.jpg\" data-orig-size=\"984,522\" data-comments-opened=\"0\" data-image-meta=\"{&quot;aperture&quot;:&quot;0&quot;,&quot;credit&quot;:&quot;&quot;,&quot;camera&quot;:&quot;&quot;,&quot;caption&quot;:&quot;&quot;,&quot;created_timestamp&quot;:&quot;0&quot;,&quot;copyright&quot;:&quot;&quot;,&quot;focal_length&quot;:&quot;0&quot;,&quot;iso&quot;:&quot;0&quot;,&quot;shutter_speed&quot;:&quot;0&quot;,&quot;title&quot;:&quot;&quot;,&quot;orientation&quot;:&quot;0&quot;}\" data-image-title=\"syrpriroda\" data-image-description=\"\" data-image-caption=\"\" data-medium-file=\"https:\/\/www.vnucka.sk\/wp-content\/uploads\/2021\/12\/syrpriroda-300x159.jpg\" data-large-file=\"https:\/\/www.vnucka.sk\/wp-content\/uploads\/2021\/12\/syrpriroda.jpg\" loading=\"lazy\" width=\"984\" height=\"522\" src=\"http:\/\/www.vnucka.sk\/wp-content\/uploads\/2021\/12\/syrpriroda.jpg\" alt=\"\" class=\"wp-image-2387\" srcset=\"https:\/\/www.vnucka.sk\/wp-content\/uploads\/2021\/12\/syrpriroda.jpg 984w, https:\/\/www.vnucka.sk\/wp-content\/uploads\/2021\/12\/syrpriroda-300x159.jpg 300w, https:\/\/www.vnucka.sk\/wp-content\/uploads\/2021\/12\/syrpriroda-768x407.jpg 768w, https:\/\/www.vnucka.sk\/wp-content\/uploads\/2021\/12\/syrpriroda-100x53.jpg 100w, https:\/\/www.vnucka.sk\/wp-content\/uploads\/2021\/12\/syrpriroda-150x80.jpg 150w, https:\/\/www.vnucka.sk\/wp-content\/uploads\/2021\/12\/syrpriroda-200x106.jpg 200w, https:\/\/www.vnucka.sk\/wp-content\/uploads\/2021\/12\/syrpriroda-450x239.jpg 450w, https:\/\/www.vnucka.sk\/wp-content\/uploads\/2021\/12\/syrpriroda-600x318.jpg 600w, https:\/\/www.vnucka.sk\/wp-content\/uploads\/2021\/12\/syrpriroda-900x477.jpg 900w\" sizes=\"(max-width: 984px) 100vw, 984px\" \/><\/figure>\n","protected":false},"excerpt":{"rendered":"<p>Jedli ste u\u017e niekedy podom\u00e1cky vyroben\u00fd syr? Aj v\u010faka m\u00f4jmu vnu\u010dkovaniu sa mi po\u0161\u0165astilo nielen tak\u00fdto syr jes\u0165, ale v\u010faka babi\u010dke Alenke aj vlastnoru\u010dne vyrobi\u0165 a bol to ve\u013ek\u00fd z\u00e1\u017eitok. Alenka je vidiecka seniorka, \u017eij\u00faca na lazoch, kde v relat\u00edvne &hellip;<\/p>\n<p class=\"read-more\"> <a class=\"\" href=\"https:\/\/www.vnucka.sk\/index.php\/2021\/11\/11\/tajny-recept\/\"> <span class=\"screen-reader-text\">Tajn\u00fd recept<\/span> Read More &raquo;<\/a><\/p>\n","protected":false},"author":1,"featured_media":0,"comment_status":"closed","ping_status":"open","sticky":false,"template":"","format":"standard","meta":{"jetpack_publicize_message":"","jetpack_is_tweetstorm":false,"jetpack_publicize_feature_enabled":true},"categories":[5],"tags":[],"jetpack_publicize_connections":[],"jetpack_featured_media_url":"","jetpack_sharing_enabled":true,"jetpack_shortlink":"https:\/\/wp.me\/p9gi65-Cu","jetpack-related-posts":[{"id":2373,"url":"https:\/\/www.vnucka.sk\/index.php\/2021\/09\/13\/burat-ci-neburat\/","url_meta":{"origin":2386,"position":0},"title":"B\u00fara\u0165 \u010di neb\u00fara\u0165","date":"13. septembra 2021","format":false,"excerpt":"Ke\u010f sa baba nud\u00ed, star\u00fd veche\u0165 ob\u0161\u00edva. T\u00fdmito slovami ma priv\u00edtal sedemdestiatnik dedu\u0161ko Jozef, ne\u0161\u0165astne ukazuj\u00fac na mohutn\u00fd kamenn\u00fd krb, ktor\u00fd bol dominantou miestnosti nieko\u013eko desa\u0165ro\u010d\u00ed. Staval ho jeho otec so svojim otcom. U\u017e sa v \u0148om dobr\u00fdch 10 rokov nezak\u00farilo a z dolniakov od Lev\u00edc ide vzdialen\u00e1 rodina k\u2026","rel":"","context":"V &quot;be\u017en\u00fd \u017eivot&quot;","img":{"alt_text":"","src":"https:\/\/i0.wp.com\/www.vnucka.sk\/wp-content\/uploads\/2021\/10\/krb.jpg?resize=350%2C200&ssl=1","width":350,"height":200},"classes":[]},{"id":2234,"url":"https:\/\/www.vnucka.sk\/index.php\/2020\/08\/27\/este-su-medzi-nami\/","url_meta":{"origin":2386,"position":1},"title":"E\u0161te s\u00fa medzi nami","date":"27. augusta 2020","format":false,"excerpt":"E\u0161te s\u00fa medzi nami. Na\u0161\u0165astie. Je ich m\u00e1lo, ale s\u00fa \u2026 \u013dudia s l\u00e1skav\u00fdm srdcom, ochotn\u00ed nezi\u0161tne pom\u00f4c\u0165 v\u010faka svojmu vlastn\u00e9mu \u00faspechu. Pred \u010dasom sa n\u00e1m neopravite\u013ene pokazil po\u010d\u00edta\u010d, ktor\u00fd sme pou\u017e\u00edvali aj na zasv\u00e4covanie seniorov do tajov internetu, soci\u00e1lnych siet\u00ed a odvracali tak od nich desiv\u00fa osamelos\u0165, nech s\u00fa\u2026","rel":"","context":"V &quot;be\u017en\u00fd \u017eivot&quot;","img":{"alt_text":"","src":"https:\/\/i0.wp.com\/www.vnucka.sk\/wp-content\/uploads\/2020\/08\/tpddakovacka.jpg?resize=350%2C200&ssl=1","width":350,"height":200},"classes":[]},{"id":1959,"url":"https:\/\/www.vnucka.sk\/index.php\/2019\/10\/13\/tam-kde-sa-dobre-zije\/","url_meta":{"origin":2386,"position":2},"title":"Tam, kde sa dobre \u017eije","date":"13. okt\u00f3bra 2019","format":false,"excerpt":"\u010eakujeme za n\u00e1dherne str\u00e1ven\u00fd \u010das v domove pre seniorov K\u0161inn\u00e1, kde sme boli s mojou ob\u013e\u00fabenou seniorkou Elenkou nielen zahra\u0165 a zaspieva\u0165 babi\u010dk\u00e1m a dedu\u0161kovi. Obetav\u00e1 starostlivos\u0165 o seniorov pod veden\u00edm pani riadite\u013eky Mgr. Marty Hrubej a z\u00e1stupkyne Mgr. Veroniky Hudecovej je v tomto domove absol\u00fatne TOP! \u2764\ufe0f\u2764\ufe0f\u2764\ufe0f U\u017e sa\u2026","rel":"","context":"V &quot;be\u017en\u00fd \u017eivot&quot;","img":{"alt_text":"","src":"https:\/\/i0.wp.com\/www.vnucka.sk\/wp-content\/uploads\/2019\/10\/20190902_120718.jpg?resize=350%2C200&ssl=1","width":350,"height":200},"classes":[]},{"id":2277,"url":"https:\/\/www.vnucka.sk\/index.php\/2020\/10\/19\/dobrozdanie\/","url_meta":{"origin":2386,"position":3},"title":"Dobrozdanie ku knihe","date":"19. okt\u00f3bra 2020","format":false,"excerpt":"NIELEN MEDZI MLAD\u00ddMI, ALE MEDZI V\u0160ETK\u00ddMI VEKOV\u00ddMI GENER\u00c1CIAMI JE VE\u013dA \u013dUDSK\u00ddCH POKLADOVDobrozdanie knihy, ktor\u00e1 \u0165a prenesie do sveta bez pozl\u00e1tkyNap\u00edsal : PaedDr. \u013dubo\u0161 \u010eurdiak, PhD., AFIAPautor a konzultant v oblasti psychol\u00f3gie a osobnostn\u00e9ho rozvojawww.DiscoveryTrend.eu dobrozdanievnuckaStiahnu\u0165 O \u010dom sa d\u00e1 m\u00e1lokde do\u010d\u00edta\u0165, m\u00f4\u017ee\u0161 n\u00e1js\u0165 v kni\u017eke od Janky Dani\u0161ovej. T\u00e9ma, ktor\u00e1\u2026","rel":"","context":"V &quot;be\u017en\u00fd \u017eivot&quot;","img":{"alt_text":"","src":"https:\/\/i0.wp.com\/www.vnucka.sk\/wp-content\/uploads\/2019\/11\/74687728_1705243299610736_7918785921242103808_o.jpg?resize=350%2C200&ssl=1","width":350,"height":200},"classes":[]},{"id":2436,"url":"https:\/\/www.vnucka.sk\/index.php\/2022\/08\/26\/davat-je-viac-ako-brat\/","url_meta":{"origin":2386,"position":4},"title":"D\u00e1va\u0165 je viac ako bra\u0165","date":"26. augusta 2022","format":false,"excerpt":"Rann\u00e9 prebudenie so silne \u0161kriabaj\u00facim hrdlom, slabos\u0165ou v svaloch a hor\u00fa\u010dkou signalizovalo, \u017ee najbli\u0161ie dni str\u00e1vim v\u00e1\u013ean\u00edm sa v posteli s pr\u00edjemne neodolate\u013enou spolo\u010dnos\u0165ou chr\u00edpkov\u00fdch bacilov. A to ma dnes \u010dakali lango\u0161e u babi\u010dky Moniky, ktor\u00e1 sa za desa\u0165ro\u010dia pr\u00edprav tohto jedla vypracovalana experta, hodn\u00e9ho robi\u0165 rozhodcu v gastronomick\u00fdch s\u00fa\u0165a\u017eiach\u2026","rel":"","context":"V &quot;be\u017en\u00fd \u017eivot&quot;","img":{"alt_text":"","src":"","width":0,"height":0},"classes":[]},{"id":2389,"url":"https:\/\/www.vnucka.sk\/index.php\/2021\/11\/29\/prines-oblubeny-predmet\/","url_meta":{"origin":2386,"position":5},"title":"Prines ob\u013e\u00faben\u00fd predmet","date":"29. novembra 2021","format":false,"excerpt":"Zima je ve\u013emi ponur\u00e9 obdobie v \u017eivote ka\u017ed\u00e9ho seniora. Vonku je chladno, \u0161myk\u013eavo, skoro prich\u00e1dza tma. Nie je v\u00f4bec jednoduch\u00e9 sa niekam presun\u00fa\u0165 pre zdrav\u00e9ho \u010dloveka, nieto e\u0161te pre seniora s pr\u00edpadn\u00fdm pohybov\u00fdm handicapom. Seniori sa aj medzi sebou nav\u0161tevuj\u00fa pomenej, viac si telefonuj\u00fa, t\u00ed sk\u00fasenej\u0161\u00ed skypuj\u00fa, facebookuj\u00fa ale ni\u010d\u2026","rel":"","context":"V &quot;be\u017en\u00fd \u017eivot&quot;","img":{"alt_text":"","src":"https:\/\/i0.wp.com\/www.vnucka.sk\/wp-content\/uploads\/2021\/12\/prinespredmet.jpg?resize=350%2C200&ssl=1","width":350,"height":200},"classes":[]}],"jetpack_likes_enabled":false,"_links":{"self":[{"href":"https:\/\/www.vnucka.sk\/index.php\/wp-json\/wp\/v2\/posts\/2386"}],"collection":[{"href":"https:\/\/www.vnucka.sk\/index.php\/wp-json\/wp\/v2\/posts"}],"about":[{"href":"https:\/\/www.vnucka.sk\/index.php\/wp-json\/wp\/v2\/types\/post"}],"author":[{"embeddable":true,"href":"https:\/\/www.vnucka.sk\/index.php\/wp-json\/wp\/v2\/users\/1"}],"replies":[{"embeddable":true,"href":"https:\/\/www.vnucka.sk\/index.php\/wp-json\/wp\/v2\/comments?post=2386"}],"version-history":[{"count":1,"href":"https:\/\/www.vnucka.sk\/index.php\/wp-json\/wp\/v2\/posts\/2386\/revisions"}],"predecessor-version":[{"id":2388,"href":"https:\/\/www.vnucka.sk\/index.php\/wp-json\/wp\/v2\/posts\/2386\/revisions\/2388"}],"wp:attachment":[{"href":"https:\/\/www.vnucka.sk\/index.php\/wp-json\/wp\/v2\/media?parent=2386"}],"wp:term":[{"taxonomy":"category","embeddable":true,"href":"https:\/\/www.vnucka.sk\/index.php\/wp-json\/wp\/v2\/categories?post=2386"},{"taxonomy":"post_tag","embeddable":true,"href":"https:\/\/www.vnucka.sk\/index.php\/wp-json\/wp\/v2\/tags?post=2386"}],"curies":[{"name":"wp","href":"https:\/\/api.w.org\/{rel}","templated":true}]}}