{"id":2389,"date":"2021-11-29T19:07:00","date_gmt":"2021-11-29T18:07:00","guid":{"rendered":"http:\/\/www.vnucka.sk\/?p=2389"},"modified":"2021-12-04T19:12:06","modified_gmt":"2021-12-04T18:12:06","slug":"prines-oblubeny-predmet","status":"publish","type":"post","link":"https:\/\/www.vnucka.sk\/index.php\/2021\/11\/29\/prines-oblubeny-predmet\/","title":{"rendered":"Prines ob\u013e\u00faben\u00fd predmet"},"content":{"rendered":"\n<p>Zima je ve\u013emi ponur\u00e9 obdobie v \u017eivote ka\u017ed\u00e9ho seniora. Vonku je chladno, \u0161myk\u013eavo, skoro prich\u00e1dza tma. Nie je v\u00f4bec jednoduch\u00e9 sa niekam presun\u00fa\u0165 pre zdrav\u00e9ho \u010dloveka, nieto e\u0161te pre seniora s pr\u00edpadn\u00fdm pohybov\u00fdm handicapom. Seniori sa aj medzi sebou nav\u0161tevuj\u00fa pomenej, viac si telefonuj\u00fa, t\u00ed sk\u00fasenej\u0161\u00ed skypuj\u00fa, facebookuj\u00fa ale ni\u010d z toho nenahrad\u00ed fyzick\u00fa pr\u00edtomnos\u0165. Iba t\u00e1 toti\u017e vz\u00e1jomne ovplyv\u0148uje energetick\u00fd potenci\u00e1l priestoru \u013eud\u00ed v \u0148om. V tomto obdob\u00ed hr\u00e1me hru Prines ob\u013e\u00faben\u00fd predmet a je to jedna z na\u0161ich ob\u013e\u00faben\u00fdch \u010dinnost\u00ed, ktor\u00e9 s\u00fa ve\u013emi popul\u00e1rne po\u010das zimn\u00fdch dlh\u00fdch ve\u010derov. Pravidl\u00e1 s\u00fa jednoduch\u00e9. Ka\u017ed\u00fd senior, alebo seniorka, ktor\u00fd m\u00e1 z\u00e1ujem sa z\u00fa\u010dastni\u0165 hry, mus\u00ed prinies\u0165 na stretnutie malej skupinky \u0161tyroch \u2013 piatich seniorov nejak\u00fd predmet, o ktorom porozpr\u00e1va p\u00fatav\u00fd pr\u00edbeh. M\u00f4\u017ee to by\u0165 \u010doko\u013evek, \u010do m\u00e1 pre dan\u00e9ho \u010dloveka hodnotu, alebo sa s t\u00fdm sp\u00e1ja nejak\u00fd jeho osobn\u00fd z\u00e1\u017eitok. Po za\u010diato\u010dn\u00fdch h\u00f3kusoch p\u00f3kusoch s mno\u017estvom os\u00f4b, sme sa dohodli na tak\u00fdchto mal\u00fdch skupink\u00e1ch, jednak z d\u00f4vodu praktickosti dovozu autom max 4 seniorov na n\u00e1v\u0161tevu k hostite\u013eke \u010di hostite\u013eovi, jednak z d\u00f4vodu efekt\u00edvnosti stretnutia, pohostenia a \u010dasovej n\u00e1ro\u010dnosti. U\u017e pri takejto malej skupine, b\u00fdvaj\u00fa z toho stretnutia na 4-5 hod\u00edn, \u010do je ide\u00e1lny \u010das. Vypo\u010dula som si pr\u00edbehy o 40 ro\u010dn\u00fdch patri\u010dk\u00e1ch z Nemecka, 120 ro\u010dnej \u0161\u00e1lke na k\u00e1vu, vodi\u010d\u00e1ku z 1973 roku ale aj kravsk\u00e9ho zvonca, ma\u017eiarika, \u010di obojku milovan\u00e9ho ps\u00edka. Utkveli mi v pam\u00e4ti aj star\u00e9 mince \u010di po\u0161tov\u00e9 zn\u00e1mky a kus pokriven\u00e9ho plechu z mopedu. <br><br>Sk\u00faste si t\u00fato hru zahra\u0165 so seniormi, neuverite\u013ene im za\u010dne pracova\u0165 hlava, bud\u00fa sa dokonca pr\u00edjemne \u0161kriepi\u0165 o dobov\u00e9 udalosti, aby ich pr\u00edbeh bol \u010do najviac verne pop\u00edsan\u00fd. Ja som vypozorovala, \u017ee sa im v\u00fdrazne po ka\u017edej hre zlep\u0161\u00ed komunik\u00e1cia, r\u00e9torick\u00e9 schopnosti a s\u00fa \u0161\u0165astnej\u0161\u00ed. Stretnutie sta\u010d\u00ed raz za dva t\u00fd\u017edne, aby mali \u010das sa pripravi\u0165. Po\u010das rozpr\u00e1vania sa vyplavia samozrejme aj em\u00f3cie, na desiatky rokov zatla\u010den\u00e9 hlboko, najm\u00e4, ak s predmetom boli spojen\u00e9 aj in\u00e9 osoby v \u017eivote dan\u00e9ho seniora. Zvy\u010dajne po takomto z\u00e1\u017eitku pr\u00edde obrovsk\u00e1 \u00fa\u013eava. Ve\u010f koho dnes zauj\u00edmaj\u00fa spomienky seniorov a ich desiatky rokov star\u00e9 pr\u00edbehy ?<br><br> Po roku tak\u00fdchto stretnut\u00ed v roku 2018 mi jedna z babi\u010diek, 84 ro\u010dn\u00e1 s \u0165a\u017ekou chorobou, povedala vetu. \u201eJanka, keby si ty bola pri mne \u010dastej\u0161ie, \u017eila by som dlh\u0161ie. Za to \u010do rob\u00ed\u0161 pre n\u00e1s, sa ti v\u0161etko raz vr\u00e1ti a bude\u0161 odmenen\u00e1. \u017dehn\u00e1m ti!\u201c Rozplakala som sa. Cudz\u00ed \u010dlovek, ktor\u00e9ho vypo\u010dujete, V\u00e1m d\u00e1 \u010dasto viac uznania ako bl\u00edzki, ktor\u00fdm pom\u00f4\u017eete.<\/p>\n\n\n\n<figure class=\"wp-block-image size-large\"><img data-attachment-id=\"2390\" data-permalink=\"https:\/\/www.vnucka.sk\/index.php\/2021\/11\/29\/prines-oblubeny-predmet\/prinespredmet\/\" data-orig-file=\"https:\/\/www.vnucka.sk\/wp-content\/uploads\/2021\/12\/prinespredmet.jpg\" data-orig-size=\"993,559\" data-comments-opened=\"0\" data-image-meta=\"{&quot;aperture&quot;:&quot;0&quot;,&quot;credit&quot;:&quot;&quot;,&quot;camera&quot;:&quot;&quot;,&quot;caption&quot;:&quot;&quot;,&quot;created_timestamp&quot;:&quot;0&quot;,&quot;copyright&quot;:&quot;&quot;,&quot;focal_length&quot;:&quot;0&quot;,&quot;iso&quot;:&quot;0&quot;,&quot;shutter_speed&quot;:&quot;0&quot;,&quot;title&quot;:&quot;&quot;,&quot;orientation&quot;:&quot;0&quot;}\" data-image-title=\"prinespredmet\" data-image-description=\"\" data-image-caption=\"\" data-medium-file=\"https:\/\/www.vnucka.sk\/wp-content\/uploads\/2021\/12\/prinespredmet-300x169.jpg\" data-large-file=\"https:\/\/www.vnucka.sk\/wp-content\/uploads\/2021\/12\/prinespredmet.jpg\" loading=\"lazy\" width=\"993\" height=\"559\" src=\"http:\/\/www.vnucka.sk\/wp-content\/uploads\/2021\/12\/prinespredmet.jpg\" alt=\"\" class=\"wp-image-2390\" srcset=\"https:\/\/www.vnucka.sk\/wp-content\/uploads\/2021\/12\/prinespredmet.jpg 993w, https:\/\/www.vnucka.sk\/wp-content\/uploads\/2021\/12\/prinespredmet-300x169.jpg 300w, https:\/\/www.vnucka.sk\/wp-content\/uploads\/2021\/12\/prinespredmet-768x432.jpg 768w, https:\/\/www.vnucka.sk\/wp-content\/uploads\/2021\/12\/prinespredmet-100x56.jpg 100w, https:\/\/www.vnucka.sk\/wp-content\/uploads\/2021\/12\/prinespredmet-150x84.jpg 150w, https:\/\/www.vnucka.sk\/wp-content\/uploads\/2021\/12\/prinespredmet-200x113.jpg 200w, https:\/\/www.vnucka.sk\/wp-content\/uploads\/2021\/12\/prinespredmet-450x253.jpg 450w, https:\/\/www.vnucka.sk\/wp-content\/uploads\/2021\/12\/prinespredmet-600x338.jpg 600w, https:\/\/www.vnucka.sk\/wp-content\/uploads\/2021\/12\/prinespredmet-900x507.jpg 900w\" sizes=\"(max-width: 993px) 100vw, 993px\" \/><\/figure>\n","protected":false},"excerpt":{"rendered":"<p>Zima je ve\u013emi ponur\u00e9 obdobie v \u017eivote ka\u017ed\u00e9ho seniora. Vonku je chladno, \u0161myk\u013eavo, skoro prich\u00e1dza tma. Nie je v\u00f4bec jednoduch\u00e9 sa niekam presun\u00fa\u0165 pre zdrav\u00e9ho \u010dloveka, nieto e\u0161te pre seniora s pr\u00edpadn\u00fdm pohybov\u00fdm handicapom. Seniori sa aj medzi sebou nav\u0161tevuj\u00fa &hellip;<\/p>\n<p class=\"read-more\"> <a class=\"\" href=\"https:\/\/www.vnucka.sk\/index.php\/2021\/11\/29\/prines-oblubeny-predmet\/\"> <span class=\"screen-reader-text\">Prines ob\u013e\u00faben\u00fd predmet<\/span> Read More &raquo;<\/a><\/p>\n","protected":false},"author":1,"featured_media":0,"comment_status":"closed","ping_status":"open","sticky":false,"template":"","format":"standard","meta":{"jetpack_publicize_message":"","jetpack_is_tweetstorm":false,"jetpack_publicize_feature_enabled":true},"categories":[5],"tags":[],"jetpack_publicize_connections":[],"jetpack_featured_media_url":"","jetpack_sharing_enabled":true,"jetpack_shortlink":"https:\/\/wp.me\/p9gi65-Cx","jetpack-related-posts":[{"id":2378,"url":"https:\/\/www.vnucka.sk\/index.php\/2021\/10\/22\/neporazitelny-senior\/","url_meta":{"origin":2389,"position":0},"title":"Neporazite\u013en\u00fd senior","date":"22. okt\u00f3bra 2021","format":false,"excerpt":"\"Mlad\u00edk\" po 60ke, ktor\u00fd hravo poraz\u00ed fyzickou kond\u00edciou ktor\u00e9hoko\u013evek 20nika. Zozn\u00e1mili smesa pri \u0161portovej t\u00e9matike v\u010faka spolo\u010dn\u00e9mu zn\u00e1memu a z \u010dasu na \u010das si pri dobrej k\u00e1vi\u010dkepohovor\u00edme o \u0161porte. Jeho pr\u00edbeh je obdivuhodn\u00fd. Do 40ky viedol norm\u00e1lny \u017eivot. Pr\u00e1ca,rodina, takmer \u017eiadny pohyb, nevhodn\u00e9 klasick\u00e9 stravovanie, nadv\u00e1ha. Jedn\u00e9ho r\u00e1na sapozrel do\u2026","rel":"","context":"V &quot;be\u017en\u00fd \u017eivot&quot;","img":{"alt_text":"","src":"https:\/\/i0.wp.com\/www.vnucka.sk\/wp-content\/uploads\/2021\/10\/runman.jpg?resize=350%2C200&ssl=1","width":350,"height":200},"classes":[]},{"id":2456,"url":"https:\/\/www.vnucka.sk\/index.php\/2022\/11\/15\/spomienky-bolia-ak-nezostarnu\/","url_meta":{"origin":2389,"position":1},"title":"Spomienky bolia, ak nezostarn\u00fa","date":"15. novembra 2022","format":false,"excerpt":"S prv\u00fdmi dotykmi jesene pri\u0161la netradi\u010dn\u00e1 po\u017eiadavka od jednej z babi\u010diek. Man\u017eela pochovala po kr\u00e1snych 50 rokoch spolu\u017eitia, deti \u017eij\u00fa \u010faleko, klasick\u00e1 sch\u00e9ma, ktor\u00e1 zasahuje najhlb\u0161ie z\u00e1kutia psychiky \u010dloveka. Akoby niekto postupne zastieral mohutn\u00fd z\u00e1ves na okn\u00e1ch, za ktor\u00fdmi naviac zapad\u00e1 slnko a vy viete, \u017ee na druh\u00fd de\u0148 bude\u2026","rel":"","context":"V &quot;be\u017en\u00fd \u017eivot&quot;","img":{"alt_text":"","src":"https:\/\/i0.wp.com\/www.vnucka.sk\/wp-content\/uploads\/2022\/11\/pexels-kat-smith-551588-scaled.jpg?resize=350%2C200&ssl=1","width":350,"height":200},"classes":[]},{"id":2277,"url":"https:\/\/www.vnucka.sk\/index.php\/2020\/10\/19\/dobrozdanie\/","url_meta":{"origin":2389,"position":2},"title":"Dobrozdanie ku knihe","date":"19. okt\u00f3bra 2020","format":false,"excerpt":"NIELEN MEDZI MLAD\u00ddMI, ALE MEDZI V\u0160ETK\u00ddMI VEKOV\u00ddMI GENER\u00c1CIAMI JE VE\u013dA \u013dUDSK\u00ddCH POKLADOVDobrozdanie knihy, ktor\u00e1 \u0165a prenesie do sveta bez pozl\u00e1tkyNap\u00edsal : PaedDr. \u013dubo\u0161 \u010eurdiak, PhD., AFIAPautor a konzultant v oblasti psychol\u00f3gie a osobnostn\u00e9ho rozvojawww.DiscoveryTrend.eu dobrozdanievnuckaStiahnu\u0165 O \u010dom sa d\u00e1 m\u00e1lokde do\u010d\u00edta\u0165, m\u00f4\u017ee\u0161 n\u00e1js\u0165 v kni\u017eke od Janky Dani\u0161ovej. T\u00e9ma, ktor\u00e1\u2026","rel":"","context":"V &quot;be\u017en\u00fd \u017eivot&quot;","img":{"alt_text":"","src":"https:\/\/i0.wp.com\/www.vnucka.sk\/wp-content\/uploads\/2019\/11\/74687728_1705243299610736_7918785921242103808_o.jpg?resize=350%2C200&ssl=1","width":350,"height":200},"classes":[]},{"id":2373,"url":"https:\/\/www.vnucka.sk\/index.php\/2021\/09\/13\/burat-ci-neburat\/","url_meta":{"origin":2389,"position":3},"title":"B\u00fara\u0165 \u010di neb\u00fara\u0165","date":"13. septembra 2021","format":false,"excerpt":"Ke\u010f sa baba nud\u00ed, star\u00fd veche\u0165 ob\u0161\u00edva. T\u00fdmito slovami ma priv\u00edtal sedemdestiatnik dedu\u0161ko Jozef, ne\u0161\u0165astne ukazuj\u00fac na mohutn\u00fd kamenn\u00fd krb, ktor\u00fd bol dominantou miestnosti nieko\u013eko desa\u0165ro\u010d\u00ed. Staval ho jeho otec so svojim otcom. U\u017e sa v \u0148om dobr\u00fdch 10 rokov nezak\u00farilo a z dolniakov od Lev\u00edc ide vzdialen\u00e1 rodina k\u2026","rel":"","context":"V &quot;be\u017en\u00fd \u017eivot&quot;","img":{"alt_text":"","src":"https:\/\/i0.wp.com\/www.vnucka.sk\/wp-content\/uploads\/2021\/10\/krb.jpg?resize=350%2C200&ssl=1","width":350,"height":200},"classes":[]},{"id":1024,"url":"https:\/\/www.vnucka.sk\/index.php\/2018\/04\/21\/opat-spojena-nit-rodiny\/","url_meta":{"origin":2389,"position":4},"title":"(Op\u00e4\u0165) spojen\u00e1 ni\u0165 rodiny","date":"21. apr\u00edla 2018","format":false,"excerpt":"Jedn\u00e9ho d\u0148a ma moja ob\u013e\u00faben\u00e1 babi\u010dka Helenka z Ko\u0161\u00edc - inak ve\u013emi akt\u00edvna aj v zrelom veku na internete, prekvapila ot\u00e1zkou, \u010di n\u00e1hodou nepozn\u00e1m jedno priezvisko z mesta odkia\u013e poch\u00e1dzam. H\u013eadala svoju rodinu, s ktorou na ve\u013emi dlh\u00fd \u010das stratila kontakt ... Rozhodila som siete ... A ... chv\u00ed\u013eu sa\u2026","rel":"","context":"V &quot;be\u017en\u00fd \u017eivot&quot;","img":{"alt_text":"","src":"https:\/\/i0.wp.com\/www.vnucka.sk\/wp-content\/uploads\/2018\/04\/evapisovasmekalovspolocna.jpg?resize=350%2C200","width":350,"height":200},"classes":[]},{"id":2360,"url":"https:\/\/www.vnucka.sk\/index.php\/2021\/06\/07\/jahodove-intermezzo\/","url_meta":{"origin":2389,"position":5},"title":"Jahodov\u00e9 Intermezzo","date":"7. j\u00fana 2021","format":false,"excerpt":"Za\u010d\u00ednaj\u00face leto sa v\u017edy ohl\u00e1si r\u00f4znymi v\u00f4\u0148ami. Jednou z nich je aj opojn\u00e1 v\u00f4\u0148a jah\u00f4d. M\u00e1vaj\u00fac let\u00e1\u010dikom mi babi\u010dka Danka oznamuje, \u017ee u\u017e sa zbiera. To s\u00fa t\u00ed \u013eu\u010fia na poliach, ktor\u00ed na slnku od r\u00e1na do ve\u010dera ohnut\u00ed prehr\u0148aj\u00fa jahodov\u00e9 sadenice a zbieraj\u00fa postupne dozrievaj\u00face plody. Samozber za prijate\u013en\u00fa\u2026","rel":"","context":"V &quot;be\u017en\u00fd \u017eivot&quot;","img":{"alt_text":"","src":"https:\/\/i0.wp.com\/www.vnucka.sk\/wp-content\/uploads\/2021\/10\/jahody.jpg?resize=350%2C200&ssl=1","width":350,"height":200},"classes":[]}],"jetpack_likes_enabled":false,"_links":{"self":[{"href":"https:\/\/www.vnucka.sk\/index.php\/wp-json\/wp\/v2\/posts\/2389"}],"collection":[{"href":"https:\/\/www.vnucka.sk\/index.php\/wp-json\/wp\/v2\/posts"}],"about":[{"href":"https:\/\/www.vnucka.sk\/index.php\/wp-json\/wp\/v2\/types\/post"}],"author":[{"embeddable":true,"href":"https:\/\/www.vnucka.sk\/index.php\/wp-json\/wp\/v2\/users\/1"}],"replies":[{"embeddable":true,"href":"https:\/\/www.vnucka.sk\/index.php\/wp-json\/wp\/v2\/comments?post=2389"}],"version-history":[{"count":2,"href":"https:\/\/www.vnucka.sk\/index.php\/wp-json\/wp\/v2\/posts\/2389\/revisions"}],"predecessor-version":[{"id":2392,"href":"https:\/\/www.vnucka.sk\/index.php\/wp-json\/wp\/v2\/posts\/2389\/revisions\/2392"}],"wp:attachment":[{"href":"https:\/\/www.vnucka.sk\/index.php\/wp-json\/wp\/v2\/media?parent=2389"}],"wp:term":[{"taxonomy":"category","embeddable":true,"href":"https:\/\/www.vnucka.sk\/index.php\/wp-json\/wp\/v2\/categories?post=2389"},{"taxonomy":"post_tag","embeddable":true,"href":"https:\/\/www.vnucka.sk\/index.php\/wp-json\/wp\/v2\/tags?post=2389"}],"curies":[{"name":"wp","href":"https:\/\/api.w.org\/{rel}","templated":true}]}}