{"id":2500,"date":"2026-01-05T15:21:08","date_gmt":"2026-01-05T14:21:08","guid":{"rendered":"https:\/\/www.vnucka.sk\/?p=2500"},"modified":"2026-02-16T10:47:57","modified_gmt":"2026-02-16T09:47:57","slug":"mama-a-jej-pribeh-ktory-skoncil-predcasne","status":"publish","type":"post","link":"https:\/\/www.vnucka.sk\/index.php\/2026\/01\/05\/mama-a-jej-pribeh-ktory-skoncil-predcasne\/","title":{"rendered":"Mama a jej pr\u00edbeh, ktor\u00fd skon\u010dil pred\u010dasne"},"content":{"rendered":"\n<p>Pr\u00edbeh \u017eeny, ktor\u00e1 nezostarla, lebo nemala to \u0161\u0165astie. Nezostarla ani v spomienkach svojich det\u00ed od roku 1984. Hoci ja som pri\u0161la na svet o p\u00e1r rokov nesk\u00f4r, prenikla do m\u00f4jho srdca ve\u013emi hlboko, preto\u017ee prostredn\u00edctvom najmlad\u0161ieho syna je viac ako s\u00fa\u010das\u0165ou n\u00e1\u0161ho projektu pre seniorov. Dnes som ju v\u010faka modern\u00fdm technol\u00f3giam AI videla prv\u00fdkr\u00e1t &#8222;na\u017eivo&#8220; a nielen na fotografi\u00e1ch. Viem, \u017ee bola v\u00fdnimo\u010dn\u00e1 a ver\u00edm, \u017ee moje zo srdca \u010eAKUJEM sa k nej dostalo &#8230; <img loading=\"lazy\" height=\"16\" width=\"16\" src=\"https:\/\/static.xx.fbcdn.net\/images\/emoji.php\/v9\/t6c\/1\/16\/2764.png\" alt=\"&#x2764;\"><img loading=\"lazy\" height=\"16\" width=\"16\" src=\"https:\/\/static.xx.fbcdn.net\/images\/emoji.php\/v9\/t6c\/1\/16\/2764.png\" alt=\"&#x2764;\"><img loading=\"lazy\" height=\"16\" width=\"16\" src=\"https:\/\/static.xx.fbcdn.net\/images\/emoji.php\/v9\/t6c\/1\/16\/2764.png\" alt=\"&#x2764;\"> <\/p>\n\n\n\n<figure class=\"wp-block-embed is-type-video is-provider-youtube wp-block-embed-youtube wp-embed-aspect-16-9 wp-has-aspect-ratio\"><div class=\"wp-block-embed__wrapper\">\n<span class=\"embed-youtube\" style=\"text-align:center; display: block;\"><iframe loading=\"lazy\" class=\"youtube-player\" width=\"605\" height=\"341\" src=\"https:\/\/www.youtube.com\/embed\/E7jxrmnMG2o?version=3&#038;rel=1&#038;showsearch=0&#038;showinfo=1&#038;iv_load_policy=1&#038;fs=1&#038;hl=sk-SK&#038;autohide=2&#038;wmode=transparent\" allowfullscreen=\"true\" style=\"border:0;\" sandbox=\"allow-scripts allow-same-origin allow-popups allow-presentation\"><\/iframe><\/span>\n<\/div><\/figure>\n","protected":false},"excerpt":{"rendered":"<p>Pr\u00edbeh \u017eeny, ktor\u00e1 nezostarla, lebo nemala to \u0161\u0165astie. Nezostarla ani v spomienkach svojich det\u00ed od roku 1984. Hoci ja som pri\u0161la na svet o p\u00e1r rokov nesk\u00f4r, prenikla do m\u00f4jho srdca ve\u013emi hlboko, preto\u017ee prostredn\u00edctvom najmlad\u0161ieho syna je viac ako &hellip;<\/p>\n<p class=\"read-more\"> <a class=\"\" href=\"https:\/\/www.vnucka.sk\/index.php\/2026\/01\/05\/mama-a-jej-pribeh-ktory-skoncil-predcasne\/\"> <span class=\"screen-reader-text\">Mama a jej pr\u00edbeh, ktor\u00fd skon\u010dil pred\u010dasne<\/span> Read More &raquo;<\/a><\/p>\n","protected":false},"author":1,"featured_media":0,"comment_status":"closed","ping_status":"closed","sticky":false,"template":"","format":"standard","meta":{"jetpack_publicize_message":"","jetpack_is_tweetstorm":false,"jetpack_publicize_feature_enabled":true},"categories":[5],"tags":[],"jetpack_publicize_connections":[],"jetpack_featured_media_url":"","jetpack_sharing_enabled":true,"jetpack_shortlink":"https:\/\/wp.me\/p9gi65-Ek","jetpack-related-posts":[{"id":2393,"url":"https:\/\/www.vnucka.sk\/index.php\/2021\/12\/02\/navsteva-na-ktorej-som-nebola\/","url_meta":{"origin":2500,"position":0},"title":"N\u00e1v\u0161teva, na ktorej som nebola","date":"2. decembra 2021","format":false,"excerpt":"Man\u017eelsk\u00fd p\u00e1rik po 80ke \u017eije v ne\u010falekej obci pri okresnom meste. V zime od cesty 10min\u00fat prech\u00e1dzka, oplat\u00ed sa dobre obliec\u0165 a obu\u0165. Dedu\u0161ko sa znenazdajky ocitol v nemocnici a babi\u010dka takmer nechodiaca a nevl\u00e1dna, vyslala SOS svojim kamar\u00e1tkam. \u201e Janka, ideme na dedinu tuto, po\u010f s nami, aj \u0165a\u2026","rel":"","context":"V &quot;be\u017en\u00fd \u017eivot&quot;","img":{"alt_text":"","src":"https:\/\/i0.wp.com\/www.vnucka.sk\/wp-content\/uploads\/2021\/12\/navstevakdesomnebola.jpg?resize=350%2C200&ssl=1","width":350,"height":200},"classes":[]},{"id":1747,"url":"https:\/\/www.vnucka.sk\/index.php\/2019\/01\/29\/kristalove-kridlo-2018\/","url_meta":{"origin":2500,"position":1},"title":"Kri\u0161t\u00e1\u013eov\u00e9 kr\u00eddlo 2018","date":"29. janu\u00e1ra 2019","format":false,"excerpt":"Prest\u00ed\u017ene ocenenie ude\u013eovan\u00e9 osobnostiam Slovenska u\u017e od roku 1997. V nede\u013eu 27. janu\u00e1ra 2019 som zrazu st\u00e1la na podiu v Slovenskom n\u00e1rodnom divadle a dr\u017eala t\u00fa krehk\u00fa sklenen\u00fa kr\u00e1su Kri\u0161t\u00e1lov\u00e9ho kr\u00eddla v ruke ako laure\u00e1tka Filantropie za rok 2018. Ke\u010f som za\u010dula svoje meno, myslela som, \u017ee to je sen.\u2026","rel":"","context":"V &quot;be\u017en\u00fd \u017eivot&quot;","img":{"alt_text":"","src":"https:\/\/i0.wp.com\/www.vnucka.sk\/wp-content\/uploads\/2019\/01\/laureati.jpg?resize=350%2C200","width":350,"height":200},"classes":[]},{"id":2428,"url":"https:\/\/www.vnucka.sk\/index.php\/2022\/05\/08\/den-matiek\/","url_meta":{"origin":2500,"position":2},"title":"De\u0148 matiek","date":"8. m\u00e1ja 2022","format":false,"excerpt":"My dnes mysl\u00edme obzvl\u00e1\u0161\u0165 na jednu mamu, ktor\u00e1 n\u00e1m je mimoriadne bl\u00edzka. V\u00a0tomto roku by mala 83 rokov, mo\u017eno by sa te\u0161ila zo \u017eivota svojich dvoch synov a\u00a0jednej dc\u00e9ry, dnes u\u017e takmer seniorov. Ur\u010dite by bola \u0161\u0165astn\u00e1 pri poh\u013eade na svoje vn\u00fa\u010dat\u00e1 \u010di dokonca pravn\u00fa\u010dat\u00e1. Od roku 1984 zostala u\u00a0svojich\u2026","rel":"","context":"V &quot;be\u017en\u00fd \u017eivot&quot;","img":{"alt_text":"","src":"https:\/\/i0.wp.com\/www.vnucka.sk\/wp-content\/uploads\/2022\/05\/mamaden-scaled.jpg?resize=350%2C200&ssl=1","width":350,"height":200},"classes":[]},{"id":1024,"url":"https:\/\/www.vnucka.sk\/index.php\/2018\/04\/21\/opat-spojena-nit-rodiny\/","url_meta":{"origin":2500,"position":3},"title":"(Op\u00e4\u0165) spojen\u00e1 ni\u0165 rodiny","date":"21. apr\u00edla 2018","format":false,"excerpt":"Jedn\u00e9ho d\u0148a ma moja ob\u013e\u00faben\u00e1 babi\u010dka Helenka z Ko\u0161\u00edc - inak ve\u013emi akt\u00edvna aj v zrelom veku na internete, prekvapila ot\u00e1zkou, \u010di n\u00e1hodou nepozn\u00e1m jedno priezvisko z mesta odkia\u013e poch\u00e1dzam. H\u013eadala svoju rodinu, s ktorou na ve\u013emi dlh\u00fd \u010das stratila kontakt ... Rozhodila som siete ... A ... chv\u00ed\u013eu sa\u2026","rel":"","context":"V &quot;be\u017en\u00fd \u017eivot&quot;","img":{"alt_text":"","src":"https:\/\/i0.wp.com\/www.vnucka.sk\/wp-content\/uploads\/2018\/04\/evapisovasmekalovspolocna.jpg?resize=350%2C200","width":350,"height":200},"classes":[]},{"id":2389,"url":"https:\/\/www.vnucka.sk\/index.php\/2021\/11\/29\/prines-oblubeny-predmet\/","url_meta":{"origin":2500,"position":4},"title":"Prines ob\u013e\u00faben\u00fd predmet","date":"29. novembra 2021","format":false,"excerpt":"Zima je ve\u013emi ponur\u00e9 obdobie v \u017eivote ka\u017ed\u00e9ho seniora. Vonku je chladno, \u0161myk\u013eavo, skoro prich\u00e1dza tma. Nie je v\u00f4bec jednoduch\u00e9 sa niekam presun\u00fa\u0165 pre zdrav\u00e9ho \u010dloveka, nieto e\u0161te pre seniora s pr\u00edpadn\u00fdm pohybov\u00fdm handicapom. Seniori sa aj medzi sebou nav\u0161tevuj\u00fa pomenej, viac si telefonuj\u00fa, t\u00ed sk\u00fasenej\u0161\u00ed skypuj\u00fa, facebookuj\u00fa ale ni\u010d\u2026","rel":"","context":"V &quot;be\u017en\u00fd \u017eivot&quot;","img":{"alt_text":"","src":"https:\/\/i0.wp.com\/www.vnucka.sk\/wp-content\/uploads\/2021\/12\/prinespredmet.jpg?resize=350%2C200&ssl=1","width":350,"height":200},"classes":[]},{"id":2378,"url":"https:\/\/www.vnucka.sk\/index.php\/2021\/10\/22\/neporazitelny-senior\/","url_meta":{"origin":2500,"position":5},"title":"Neporazite\u013en\u00fd senior","date":"22. okt\u00f3bra 2021","format":false,"excerpt":"\"Mlad\u00edk\" po 60ke, ktor\u00fd hravo poraz\u00ed fyzickou kond\u00edciou ktor\u00e9hoko\u013evek 20nika. Zozn\u00e1mili smesa pri \u0161portovej t\u00e9matike v\u010faka spolo\u010dn\u00e9mu zn\u00e1memu a z \u010dasu na \u010das si pri dobrej k\u00e1vi\u010dkepohovor\u00edme o \u0161porte. Jeho pr\u00edbeh je obdivuhodn\u00fd. Do 40ky viedol norm\u00e1lny \u017eivot. Pr\u00e1ca,rodina, takmer \u017eiadny pohyb, nevhodn\u00e9 klasick\u00e9 stravovanie, nadv\u00e1ha. Jedn\u00e9ho r\u00e1na sapozrel do\u2026","rel":"","context":"V &quot;be\u017en\u00fd \u017eivot&quot;","img":{"alt_text":"","src":"https:\/\/i0.wp.com\/www.vnucka.sk\/wp-content\/uploads\/2021\/10\/runman.jpg?resize=350%2C200&ssl=1","width":350,"height":200},"classes":[]}],"jetpack_likes_enabled":false,"_links":{"self":[{"href":"https:\/\/www.vnucka.sk\/index.php\/wp-json\/wp\/v2\/posts\/2500"}],"collection":[{"href":"https:\/\/www.vnucka.sk\/index.php\/wp-json\/wp\/v2\/posts"}],"about":[{"href":"https:\/\/www.vnucka.sk\/index.php\/wp-json\/wp\/v2\/types\/post"}],"author":[{"embeddable":true,"href":"https:\/\/www.vnucka.sk\/index.php\/wp-json\/wp\/v2\/users\/1"}],"replies":[{"embeddable":true,"href":"https:\/\/www.vnucka.sk\/index.php\/wp-json\/wp\/v2\/comments?post=2500"}],"version-history":[{"count":2,"href":"https:\/\/www.vnucka.sk\/index.php\/wp-json\/wp\/v2\/posts\/2500\/revisions"}],"predecessor-version":[{"id":2503,"href":"https:\/\/www.vnucka.sk\/index.php\/wp-json\/wp\/v2\/posts\/2500\/revisions\/2503"}],"wp:attachment":[{"href":"https:\/\/www.vnucka.sk\/index.php\/wp-json\/wp\/v2\/media?parent=2500"}],"wp:term":[{"taxonomy":"category","embeddable":true,"href":"https:\/\/www.vnucka.sk\/index.php\/wp-json\/wp\/v2\/categories?post=2500"},{"taxonomy":"post_tag","embeddable":true,"href":"https:\/\/www.vnucka.sk\/index.php\/wp-json\/wp\/v2\/tags?post=2500"}],"curies":[{"name":"wp","href":"https:\/\/api.w.org\/{rel}","templated":true}]}}