{"id":691,"date":"2017-12-01T18:57:04","date_gmt":"2017-12-01T17:57:04","guid":{"rendered":"http:\/\/www.vnucka.sk\/?p=691"},"modified":"2018-11-28T21:07:51","modified_gmt":"2018-11-28T20:07:51","slug":"predvianocna-radost","status":"publish","type":"post","link":"https:\/\/www.vnucka.sk\/index.php\/2017\/12\/01\/predvianocna-radost\/","title":{"rendered":"Predviano\u010dn\u00e1 rados\u0165"},"content":{"rendered":"<p>Prv\u00fd decembrov\u00fd de\u0148 za\u010dal pre m\u0148a ve\u013ek\u00fdm poznan\u00edm oby\u010dajnej nezi\u0161tnej \u013eudskej pomoci, kedy ma moje babi\u010dky pozvali na n\u00e1v\u0161tevu miestnej Charity \u010cerven\u00e9ho kr\u00ed\u017ea v B\u00e1novciach nad Bebravou, kde sme spolu pripravovali pomoc a oble\u010denie pre t\u00fdch najskromnej\u0161\u00edch. Poznanie \u010di doslova pre\u017eitie hlb\u0161ieho v\u00fdznamu slov ako \u00facta, pokora, l\u00e1ska k bl\u00ed\u017enemu v t\u00fdchto okamihoch dostali priam magick\u00fa moc. Slovko \u010eAKUJEM, ktor\u00e9 som dnes po\u010dula, malo pre m\u0148a omnoho hlb\u0161\u00ed v\u00fdznam, ako kedyko\u013evek predt\u00fdm &#8230;\u00a0 \u010eakujem ja, BABI\u010cKY moje.<\/p>\n<p><img data-attachment-id=\"694\" data-permalink=\"https:\/\/www.vnucka.sk\/index.php\/2017\/12\/01\/predvianocna-radost\/predvianocna_radost\/\" data-orig-file=\"https:\/\/www.vnucka.sk\/wp-content\/uploads\/2017\/12\/predvianocna_radost.jpg\" data-orig-size=\"948,513\" data-comments-opened=\"1\" data-image-meta=\"{&quot;aperture&quot;:&quot;0&quot;,&quot;credit&quot;:&quot;&quot;,&quot;camera&quot;:&quot;&quot;,&quot;caption&quot;:&quot;&quot;,&quot;created_timestamp&quot;:&quot;0&quot;,&quot;copyright&quot;:&quot;&quot;,&quot;focal_length&quot;:&quot;0&quot;,&quot;iso&quot;:&quot;0&quot;,&quot;shutter_speed&quot;:&quot;0&quot;,&quot;title&quot;:&quot;&quot;,&quot;orientation&quot;:&quot;0&quot;}\" data-image-title=\"predvianocna_radost\" data-image-description=\"\" data-image-caption=\"\" data-medium-file=\"https:\/\/www.vnucka.sk\/wp-content\/uploads\/2017\/12\/predvianocna_radost-300x162.jpg\" data-large-file=\"https:\/\/www.vnucka.sk\/wp-content\/uploads\/2017\/12\/predvianocna_radost.jpg\" loading=\"lazy\" class=\"size-full wp-image-694 aligncenter\" src=\"http:\/\/www.vnucka.sk\/wp-content\/uploads\/2017\/12\/predvianocna_radost.jpg\" alt=\"\" width=\"948\" height=\"513\" srcset=\"https:\/\/www.vnucka.sk\/wp-content\/uploads\/2017\/12\/predvianocna_radost.jpg 948w, https:\/\/www.vnucka.sk\/wp-content\/uploads\/2017\/12\/predvianocna_radost-300x162.jpg 300w, https:\/\/www.vnucka.sk\/wp-content\/uploads\/2017\/12\/predvianocna_radost-768x416.jpg 768w, https:\/\/www.vnucka.sk\/wp-content\/uploads\/2017\/12\/predvianocna_radost-100x54.jpg 100w, https:\/\/www.vnucka.sk\/wp-content\/uploads\/2017\/12\/predvianocna_radost-150x81.jpg 150w, https:\/\/www.vnucka.sk\/wp-content\/uploads\/2017\/12\/predvianocna_radost-200x108.jpg 200w, https:\/\/www.vnucka.sk\/wp-content\/uploads\/2017\/12\/predvianocna_radost-450x244.jpg 450w, https:\/\/www.vnucka.sk\/wp-content\/uploads\/2017\/12\/predvianocna_radost-600x325.jpg 600w, https:\/\/www.vnucka.sk\/wp-content\/uploads\/2017\/12\/predvianocna_radost-900x487.jpg 900w\" sizes=\"(max-width: 948px) 100vw, 948px\" \/><br \/>\n<div id=\"my_video_gallery_wrapper_8\" class=\"clearfix gallery-video-content\"\r\n     data-gallery-video-id=\"8\" data-gallery-video-perpage=\"5\">\r\n\t<div id=\"my_video_gallery_8\"\r\n\t     class=\"clearfix my_video_gallery view-justified\">\r\n\t\t<input type=\"hidden\" id=\"total\" value=\"1\"\/>\r\n\t\t\t\t\t\t<a class=\"vyoutube huge_it_videogallery_item group8\"\r\n\t\t\t\t   href=\"\/\/www.youtube.com\/embed\/GrCymO2WV4A\"\r\n                   data-description=\"\"\r\n                   title=\"Predviano\u010dn\u00e1 rados\u0165\" data-id=\"16\">\r\n\t\t\t\t\t<img src=\"\/\/img.youtube.com\/vi\/GrCymO2WV4A\/mqdefault.jpg\"\r\n\t\t\t\t\t     alt=\"Predviano\u010dn\u00e1 rados\u0165\"\/>\r\n\t\t\t\t\t<div class=\"play-icon youtube-icon\"><\/div>\r\n\t\t\t\t<\/a>\r\n\t\t\t\t<input type=\"hidden\" class=\"pagenum\" value=\"1\"\/>\r\n\t\t\t\t<\/div>\r\n\t<\/div><style>\r\n.justified-gallery {\r\n\twidth: 100%;\r\n\tposition: relative;\r\n\toverflow: hidden;\r\n}\r\n.justified-gallery > a,\r\n.justified-gallery > div {\r\n\tposition: absolute;\r\n\tdisplay: inline-block;\r\n\topacity: 0;\r\n\toverflow:hidden;\r\n\tfilter: alpha(opacity=0);\r\n\t\/* IE8 or Earlier *\/\r\n}\r\n.justified-gallery > a > img,\r\n.justified-gallery > div > img {\r\n\tposition: absolute;\r\n\ttop: 50%;\r\n\tleft: 50%;\r\n\tpadding: 0;\r\n}\r\n.justified-gallery > a > .caption,\r\n.justified-gallery > div > .caption {\r\n\twidth: 100%;\r\n\tdisplay: none;\r\n\tposition: absolute;\r\n\tbottom: 0;\r\n\tpadding: 5px;\r\n\tleft: 0;\r\n\tright: 0;\r\n\tmargin: 0;\r\n\tcolor: #3AD6FC;\r\n\tfont-size: 13px;\r\n\tfont-weight: 300;\r\n\tfont-family: sans-serif;\r\n\tbackground:rgba(255,28,28,0.9)  !important;\r\n\r\n\toverflow: hidden;\r\n\ttext-overflow: ellipsis;\r\n\twhite-space:nowrap;\r\n}\r\n.justified-gallery > a > .caption.caption-visible,\r\n.justified-gallery > div > .caption.caption-visible {\r\n\tdisplay: initial;\r\n\topacity: 0.7;\r\n\tfilter: \"alpha(opacity=70)\";\r\n\t\/* IE8 or Earlier *\/\r\n\t-webkit-animation: justified-gallery-show-caption-animation 500ms 0 ease;\r\n\t-moz-animation: justified-gallery-show-caption-animation 500ms 0 ease;\r\n\t-ms-animation: justified-gallery-show-caption-animation 500ms 0 ease;\r\n}\r\n.justified-gallery > .entry-visible {\r\n\topacity: 1.0;\r\n\tfilter: alpha(opacity=100);\r\n\t\/* IE8 or Earlier *\/\r\n\t-webkit-animation: justified-gallery-show-entry-animation 300ms 0 ease;\r\n\t-moz-animation: justified-gallery-show-entry-animation 300ms 0 ease;\r\n\t-ms-animation: justified-gallery-show-entry-animation 300ms 0 ease;\r\n\tborder: none !important;\r\n}\r\n.justified-gallery > .spinner {\r\n\tposition: absolute;\r\n\tbottom: 0;\r\n\tmargin-left: -24px;\r\n\tpadding: 10px 0 10px 0;\r\n\tleft: 50%;\r\n\topacity: initial;\r\n\tfilter: initial;\r\n\toverflow: initial;\r\n}\r\n.justified-gallery > .spinner > span {\r\n\tdisplay: inline-block;\r\n\topacity: 0;\r\n\tfilter: alpha(opacity=0);\r\n\t\/* IE8 or Earlier *\/\r\n\twidth: 8px;\r\n\theight: 8px;\r\n\tmargin: 0 4px 0 4px;\r\n\tbackground-color: #000;\r\n\tborder-top-left-radius: 6px;\r\n\tborder-top-right-radius: 6px;\r\n\tborder-bottom-right-radius: 6px;\r\n\tborder-bottom-left-radius: 6px;\r\n}\r\n.load_more2 {\r\n\tmargin: 10px 0;\r\n\tposition:relative;\r\n\ttext-align:center;\r\n\twidth:100%;\r\n}\r\n\r\n.load_more_button2 {\r\n\tborder-radius: 10px;\r\n\tdisplay:inline-block;\r\n\tpadding:5px 15px;\r\n\tfont-size:14px !important;;\r\n\tcolor:#FF1C1C !important;;\r\n\tbackground:#26A6FC !important;\r\n\tcursor:pointer;\r\n\r\n}\r\n.load_more_button2:hover{\r\n\tcolor:#FF4242 !important;\r\n\tbackground:#0FEFFF !important;\r\n}\r\n\r\n.loading2 {\r\n\tdisplay:none;\r\n}\r\n.paginate2{\r\n\tfont-size:18px !important;\r\n\tcolor:#26A6FC !important;\r\n\ttext-align: center;\r\n\tmargin-top: 25px;\r\n}\r\n.paginate2 a{\r\n\tborder-bottom: none !important;\r\n\tbox-shadow: none !important;\r\n}\r\n.icon-style2{\r\n\tfont-size: 18px !important;\r\n\tcolor:#26A6FC !important;\r\n}\r\n.clear{\r\n\tclear:both;\r\n}\r\n.play-icon {\r\n\tposition:absolute;\r\n\ttop:0;\r\n\tleft:0;\r\n\twidth:100%;\r\n\theight:100%;\r\n}\r\n\r\n.play-icon.youtube-icon {background:url(https:\/\/www.vnucka.sk\/wp-content\/plugins\/gallery-video\/assets\/images\/admin_images\/play.youtube.png) center center no-repeat;background-size:20%;}\r\n.play-icon.vimeo-icon {background:url(https:\/\/www.vnucka.sk\/wp-content\/plugins\/gallery-video\/assets\/images\/admin_images\/play.vimeo.png) center center no-repeat;background-size:20%;}\r\n\r\n<\/style><br \/>\n<div id=\"polls-11\" class=\"wp-polls\">\n\t<form id=\"polls_form_11\" class=\"wp-polls-form\" action=\"\/index.php\" method=\"post\">\n\t\t<p style=\"display: none;\"><input type=\"hidden\" id=\"poll_11_nonce\" name=\"wp-polls-nonce\" value=\"d458e3e324\" \/><\/p>\n\t\t<p style=\"display: none;\"><input type=\"hidden\" name=\"poll_id\" value=\"11\" \/><\/p>\n\t\t<p style=\"text-align: center\"><strong>Hodnotenie pr\u00edspevku :<\/strong><\/p><div id=\"polls-11-ans\" class=\"wp-polls-ans\"><ul class=\"wp-polls-ul\">\n\t\t<li><input type=\"radio\" id=\"poll-answer-35\" name=\"poll_11\" value=\"35\" \/> <label for=\"poll-answer-35\">\u00da\u017easn\u00fd obsah, pros\u00edm viac tak\u00fdch<\/label><\/li>\n\t\t<li><input type=\"radio\" id=\"poll-answer-36\" name=\"poll_11\" value=\"36\" \/> <label for=\"poll-answer-36\">V pohode, ako relax na odreagovanie<\/label><\/li>\n\t\t<li><input type=\"radio\" id=\"poll-answer-37\" name=\"poll_11\" value=\"37\" \/> <label for=\"poll-answer-37\">Pr\u00edjemn\u00fd \u0161tandard, mo\u017eno trochu o\u017eivi\u0165<\/label><\/li>\n\t\t<\/ul>\r\n<p style=\"text-align: center\"><input type=\"button\" name=\"Hlasova\u0165\/Vote\" value=\"   Hlasova\u0165\/Vote   \" class=\"Buttons\" onclick=\"poll_vote(11);\" \/><\/p>\r\n<p style=\"text-align: center\"><a href=\"#ViewPollResults\" onclick=\"poll_result(11); return false;\" title=\"View Results Of This Poll\">Zobrazi\u0165 v\u00fdsledky\/Results<\/a><\/p>\r\n<\/div>\n\t<\/form>\n<\/div>\n<div id=\"polls-11-loading\" class=\"wp-polls-loading\"><img src=\"https:\/\/www.vnucka.sk\/wp-content\/plugins\/wp-polls\/images\/loading.gif\" width=\"16\" height=\"16\" alt=\"Loading ...\" title=\"Loading ...\" class=\"wp-polls-image\" \/>&nbsp;Loading ...<\/div>\n<\/p>\n","protected":false},"excerpt":{"rendered":"<p>Prv\u00fd decembrov\u00fd de\u0148 za\u010dal pre m\u0148a ve\u013ek\u00fdm poznan\u00edm oby\u010dajnej nezi\u0161tnej \u013eudskej pomoci, kedy ma moje babi\u010dky pozvali na n\u00e1v\u0161tevu miestnej Charity \u010cerven\u00e9ho kr\u00ed\u017ea v B\u00e1novciach nad Bebravou, kde sme spolu pripravovali pomoc a oble\u010denie pre t\u00fdch najskromnej\u0161\u00edch. Poznanie \u010di doslova &hellip;<\/p>\n<p class=\"read-more\"> <a class=\"\" href=\"https:\/\/www.vnucka.sk\/index.php\/2017\/12\/01\/predvianocna-radost\/\"> <span class=\"screen-reader-text\">Predviano\u010dn\u00e1 rados\u0165<\/span> Read More &raquo;<\/a><\/p>\n","protected":false},"author":1,"featured_media":0,"comment_status":"closed","ping_status":"open","sticky":false,"template":"","format":"standard","meta":{"jetpack_publicize_message":"","jetpack_is_tweetstorm":false,"jetpack_publicize_feature_enabled":true},"categories":[5],"tags":[],"jetpack_publicize_connections":[],"jetpack_featured_media_url":"","jetpack_sharing_enabled":true,"jetpack_shortlink":"https:\/\/wp.me\/p9gi65-b9","jetpack-related-posts":[{"id":562,"url":"https:\/\/www.vnucka.sk\/index.php\/2017\/11\/15\/4-seniors-beauty-day\/","url_meta":{"origin":691,"position":0},"title":"De\u0148 kr\u00e1sy pre babi\u010dky","date":"15. novembra 2017","format":false,"excerpt":"Jeden kr\u00e1sny novembrov\u00fd de\u0148 sa moje babi\u010dky zi\u0161li na\u00a0 \"d\u00e1mskom\" dejch\u00e1nku u babky Anky, kde ich \u010dakali \u00fa\u017easn\u00e9 kozmeti\u010dky \u013dubka a Danielka, ktor\u00e9 ich cel\u00e9 doobedie rozmazn\u00e1vali ako kr\u00e1\u013eovn\u00e9. Nech\u00fdbala mas\u00e1\u017ena podlo\u017eka na kresle, v\u0161akovak\u00e9 dobroty, skvel\u00e1 n\u00e1lada ... a \u017ee sa veru d\u00e1my odviazali a zabavili ! Tak dobre\u2026","rel":"","context":"V &quot;be\u017en\u00fd \u017eivot&quot;","img":{"alt_text":"","src":"https:\/\/i0.wp.com\/www.vnucka.sk\/wp-content\/uploads\/2017\/11\/20171113_110129-1024x576.jpg?resize=350%2C200","width":350,"height":200},"classes":[]},{"id":1747,"url":"https:\/\/www.vnucka.sk\/index.php\/2019\/01\/29\/kristalove-kridlo-2018\/","url_meta":{"origin":691,"position":1},"title":"Kri\u0161t\u00e1\u013eov\u00e9 kr\u00eddlo 2018","date":"29. janu\u00e1ra 2019","format":false,"excerpt":"Prest\u00ed\u017ene ocenenie ude\u013eovan\u00e9 osobnostiam Slovenska u\u017e od roku 1997. V nede\u013eu 27. janu\u00e1ra 2019 som zrazu st\u00e1la na podiu v Slovenskom n\u00e1rodnom divadle a dr\u017eala t\u00fa krehk\u00fa sklenen\u00fa kr\u00e1su Kri\u0161t\u00e1lov\u00e9ho kr\u00eddla v ruke ako laure\u00e1tka Filantropie za rok 2018. Ke\u010f som za\u010dula svoje meno, myslela som, \u017ee to je sen.\u2026","rel":"","context":"V &quot;be\u017en\u00fd \u017eivot&quot;","img":{"alt_text":"","src":"https:\/\/i0.wp.com\/www.vnucka.sk\/wp-content\/uploads\/2019\/01\/laureati.jpg?resize=350%2C200","width":350,"height":200},"classes":[]},{"id":609,"url":"https:\/\/www.vnucka.sk\/index.php\/2017\/11\/21\/navstevna-nedela-v-dss\/","url_meta":{"origin":691,"position":2},"title":"N\u00e1v\u0161tevn\u00e1 nede\u013ea v DSS","date":"21. novembra 2017","format":false,"excerpt":"Slne\u010dn\u00e1 novembrov\u00e1 nede\u013ea priam l\u00e1kala urobi\u0165 si pekn\u00fd v\u00fdlet. So slne\u010dn\u00fdmi l\u00fa\u010dmi ma pote\u0161il rann\u00fd telefon\u00e1t mojej st\u00e1lice babi\u010dky Martu\u0161ky, ktor\u00e1 zorganizovala v\u00fdlet za osamel\u00fdmi seniormi. O hodinu sme u\u017e boli na ceste po Topo\u013e\u010dianskom okrese v Sol\u010danoch a Nitrianskej Strede. Dne\u0161n\u00fd de\u0148 zanechal vo mne siln\u00e9 em\u00f3cie a motivoval\u2026","rel":"","context":"V &quot;be\u017en\u00fd \u017eivot&quot;","img":{"alt_text":"","src":"https:\/\/i0.wp.com\/www.vnucka.sk\/wp-content\/uploads\/2017\/11\/fotkkadss-1024x710.jpg?resize=350%2C200","width":350,"height":200},"classes":[]},{"id":1311,"url":"https:\/\/www.vnucka.sk\/index.php\/2018\/11\/19\/ministerska-navsteva-u-seniorov\/","url_meta":{"origin":691,"position":3},"title":"Ministersk\u00e1 n\u00e1v\u0161teva u seniorov","date":"19. novembra 2018","format":false,"excerpt":"V mene rast\u00facej \" seniorskej rodinky vnu\u010dky Janky \" \u010eAKUJEM za dne\u0161n\u00fa n\u00e1v\u0161tevu v B\u00e1novciach nad Bebravou \u0161t\u00e1tnemu tajomn\u00edkovi Ministerstva pr\u00e1ce soci\u00e1lnych vec\u00ed a rodiny - p\u00e1novi Ivanovi \u0160vejnovi, ktor\u00fd sa pri\u0161iel osobne pozrie\u0165, ako funguje projekt VNU\u010cKA.sk vytv\u00e1raj\u00faci RODINU pre osamel\u00fdch seniorov. \u2764\ufe0f\u2764\ufe0f\u2764\ufe0f Babi\u010dky Martu\u0161ka, Darinka, Ani\u010dka, Terka a\u2026","rel":"","context":"V &quot;be\u017en\u00fd \u017eivot&quot;","img":{"alt_text":"","src":"https:\/\/i0.wp.com\/www.vnucka.sk\/wp-content\/uploads\/2018\/11\/20181120_113545.jpg?resize=350%2C200","width":350,"height":200},"classes":[]},{"id":2393,"url":"https:\/\/www.vnucka.sk\/index.php\/2021\/12\/02\/navsteva-na-ktorej-som-nebola\/","url_meta":{"origin":691,"position":4},"title":"N\u00e1v\u0161teva, na ktorej som nebola","date":"2. decembra 2021","format":false,"excerpt":"Man\u017eelsk\u00fd p\u00e1rik po 80ke \u017eije v ne\u010falekej obci pri okresnom meste. V zime od cesty 10min\u00fat prech\u00e1dzka, oplat\u00ed sa dobre obliec\u0165 a obu\u0165. Dedu\u0161ko sa znenazdajky ocitol v nemocnici a babi\u010dka takmer nechodiaca a nevl\u00e1dna, vyslala SOS svojim kamar\u00e1tkam. \u201e Janka, ideme na dedinu tuto, po\u010f s nami, aj \u0165a\u2026","rel":"","context":"V &quot;be\u017en\u00fd \u017eivot&quot;","img":{"alt_text":"","src":"https:\/\/i0.wp.com\/www.vnucka.sk\/wp-content\/uploads\/2021\/12\/navstevakdesomnebola.jpg?resize=350%2C200&ssl=1","width":350,"height":200},"classes":[]},{"id":2500,"url":"https:\/\/www.vnucka.sk\/index.php\/2026\/01\/05\/mama-a-jej-pribeh-ktory-skoncil-predcasne\/","url_meta":{"origin":691,"position":5},"title":"Mama a jej pr\u00edbeh, ktor\u00fd skon\u010dil pred\u010dasne","date":"5. janu\u00e1ra 2026","format":false,"excerpt":"Pr\u00edbeh \u017eeny, ktor\u00e1 nezostarla, lebo nemala to \u0161\u0165astie. Nezostarla ani v spomienkach svojich det\u00ed od roku 1984. Hoci ja som pri\u0161la na svet o p\u00e1r rokov nesk\u00f4r, prenikla do m\u00f4jho srdca ve\u013emi hlboko, preto\u017ee prostredn\u00edctvom najmlad\u0161ieho syna je viac ako s\u00fa\u010das\u0165ou n\u00e1\u0161ho projektu pre seniorov. Dnes som ju v\u010faka modern\u00fdm\u2026","rel":"","context":"V &quot;be\u017en\u00fd \u017eivot&quot;","img":{"alt_text":"","src":"https:\/\/i0.wp.com\/img.youtube.com\/vi\/E7jxrmnMG2o\/0.jpg?resize=350%2C200","width":350,"height":200},"classes":[]}],"jetpack_likes_enabled":false,"_links":{"self":[{"href":"https:\/\/www.vnucka.sk\/index.php\/wp-json\/wp\/v2\/posts\/691"}],"collection":[{"href":"https:\/\/www.vnucka.sk\/index.php\/wp-json\/wp\/v2\/posts"}],"about":[{"href":"https:\/\/www.vnucka.sk\/index.php\/wp-json\/wp\/v2\/types\/post"}],"author":[{"embeddable":true,"href":"https:\/\/www.vnucka.sk\/index.php\/wp-json\/wp\/v2\/users\/1"}],"replies":[{"embeddable":true,"href":"https:\/\/www.vnucka.sk\/index.php\/wp-json\/wp\/v2\/comments?post=691"}],"version-history":[{"count":5,"href":"https:\/\/www.vnucka.sk\/index.php\/wp-json\/wp\/v2\/posts\/691\/revisions"}],"predecessor-version":[{"id":697,"href":"https:\/\/www.vnucka.sk\/index.php\/wp-json\/wp\/v2\/posts\/691\/revisions\/697"}],"wp:attachment":[{"href":"https:\/\/www.vnucka.sk\/index.php\/wp-json\/wp\/v2\/media?parent=691"}],"wp:term":[{"taxonomy":"category","embeddable":true,"href":"https:\/\/www.vnucka.sk\/index.php\/wp-json\/wp\/v2\/categories?post=691"},{"taxonomy":"post_tag","embeddable":true,"href":"https:\/\/www.vnucka.sk\/index.php\/wp-json\/wp\/v2\/tags?post=691"}],"curies":[{"name":"wp","href":"https:\/\/api.w.org\/{rel}","templated":true}]}}