{"id":711,"date":"2017-12-06T17:56:42","date_gmt":"2017-12-06T16:56:42","guid":{"rendered":"http:\/\/www.vnucka.sk\/?p=711"},"modified":"2018-11-28T21:07:27","modified_gmt":"2018-11-28T20:07:27","slug":"predmikulasske-posedenie","status":"publish","type":"post","link":"https:\/\/www.vnucka.sk\/index.php\/2017\/12\/06\/predmikulasske-posedenie\/","title":{"rendered":"Predmikul\u00e1\u0161ske posedenie"},"content":{"rendered":"<p>De\u0148 pred Mikul\u00e1\u0161om sme zav\u00edtali v mene Slovensk\u00e9ho \u010derven\u00e9ho kr\u00ed\u017ea spolu s predsedn\u00ed\u010dkou miestnej organiz\u00e1cie MUDr. Hoffmannovou do Archy n.o v B\u00e1novciach nad Bebravou, kde sme spolu str\u00e1vili pekn\u00e9 chv\u00edle s &#8222;Arch\u00e1kmi&#8220;. N\u00e1dhern\u00e9 pripraven\u00e9 sc\u00e9nky Arch\u00e1kov sme ocenili rozdan\u00edm dar\u010dekov od n\u00e1\u0161ho Mikul\u00e1\u0161a.<\/p>\n<p>Ej veru par\u00e1dna z\u00e1bava a rados\u0165 to bola!<\/p>\n<p><img data-attachment-id=\"712\" data-permalink=\"https:\/\/www.vnucka.sk\/index.php\/2017\/12\/06\/predmikulasske-posedenie\/img_20171204_103701\/\" data-orig-file=\"https:\/\/www.vnucka.sk\/wp-content\/uploads\/2017\/12\/IMG_20171204_103701.jpg\" data-orig-size=\"4160,3120\" data-comments-opened=\"1\" data-image-meta=\"{&quot;aperture&quot;:&quot;2.8&quot;,&quot;credit&quot;:&quot;&quot;,&quot;camera&quot;:&quot;Lenovo PHAB2 Plus&quot;,&quot;caption&quot;:&quot;&quot;,&quot;created_timestamp&quot;:&quot;1512383821&quot;,&quot;copyright&quot;:&quot;&quot;,&quot;focal_length&quot;:&quot;3.5&quot;,&quot;iso&quot;:&quot;437&quot;,&quot;shutter_speed&quot;:&quot;0.059&quot;,&quot;title&quot;:&quot;&quot;,&quot;orientation&quot;:&quot;1&quot;}\" data-image-title=\"IMG_20171204_103701\" data-image-description=\"\" data-image-caption=\"\" data-medium-file=\"https:\/\/www.vnucka.sk\/wp-content\/uploads\/2017\/12\/IMG_20171204_103701-300x225.jpg\" data-large-file=\"https:\/\/www.vnucka.sk\/wp-content\/uploads\/2017\/12\/IMG_20171204_103701-1024x768.jpg\" loading=\"lazy\" class=\"size-large wp-image-712 aligncenter\" src=\"http:\/\/www.vnucka.sk\/wp-content\/uploads\/2017\/12\/IMG_20171204_103701-1024x768.jpg\" alt=\"\" width=\"605\" height=\"454\" srcset=\"https:\/\/www.vnucka.sk\/wp-content\/uploads\/2017\/12\/IMG_20171204_103701-1024x768.jpg 1024w, https:\/\/www.vnucka.sk\/wp-content\/uploads\/2017\/12\/IMG_20171204_103701-300x225.jpg 300w, https:\/\/www.vnucka.sk\/wp-content\/uploads\/2017\/12\/IMG_20171204_103701-768x576.jpg 768w, https:\/\/www.vnucka.sk\/wp-content\/uploads\/2017\/12\/IMG_20171204_103701-100x75.jpg 100w, https:\/\/www.vnucka.sk\/wp-content\/uploads\/2017\/12\/IMG_20171204_103701-150x113.jpg 150w, https:\/\/www.vnucka.sk\/wp-content\/uploads\/2017\/12\/IMG_20171204_103701-200x150.jpg 200w, https:\/\/www.vnucka.sk\/wp-content\/uploads\/2017\/12\/IMG_20171204_103701-450x338.jpg 450w, https:\/\/www.vnucka.sk\/wp-content\/uploads\/2017\/12\/IMG_20171204_103701-600x450.jpg 600w, https:\/\/www.vnucka.sk\/wp-content\/uploads\/2017\/12\/IMG_20171204_103701-900x675.jpg 900w\" sizes=\"(max-width: 605px) 100vw, 605px\" \/><div id=\"my_video_gallery_wrapper_10\" class=\"clearfix gallery-video-content\"\r\n     data-gallery-video-id=\"10\" data-gallery-video-perpage=\"5\">\r\n\t<div id=\"my_video_gallery_10\"\r\n\t     class=\"clearfix my_video_gallery view-justified\">\r\n\t\t<input type=\"hidden\" id=\"total\" value=\"1\"\/>\r\n\t\t\t\t\t\t<a class=\"vyoutube huge_it_videogallery_item group10\"\r\n\t\t\t\t   href=\"\/\/www.youtube.com\/embed\/9IUlOYmZyuk\"\r\n                   data-description=\"\"\r\n                   title=\"Predmikul\u00e1\u0161ske posedenie\" data-id=\"18\">\r\n\t\t\t\t\t<img src=\"\/\/img.youtube.com\/vi\/9IUlOYmZyuk\/mqdefault.jpg\"\r\n\t\t\t\t\t     alt=\"Predmikul\u00e1\u0161ske posedenie\"\/>\r\n\t\t\t\t\t<div class=\"play-icon youtube-icon\"><\/div>\r\n\t\t\t\t<\/a>\r\n\t\t\t\t<input type=\"hidden\" class=\"pagenum\" value=\"1\"\/>\r\n\t\t\t\t<\/div>\r\n\t<\/div><style>\r\n.justified-gallery {\r\n\twidth: 100%;\r\n\tposition: relative;\r\n\toverflow: hidden;\r\n}\r\n.justified-gallery > a,\r\n.justified-gallery > div {\r\n\tposition: absolute;\r\n\tdisplay: inline-block;\r\n\topacity: 0;\r\n\toverflow:hidden;\r\n\tfilter: alpha(opacity=0);\r\n\t\/* IE8 or Earlier *\/\r\n}\r\n.justified-gallery > a > img,\r\n.justified-gallery > div > img {\r\n\tposition: absolute;\r\n\ttop: 50%;\r\n\tleft: 50%;\r\n\tpadding: 0;\r\n}\r\n.justified-gallery > a > .caption,\r\n.justified-gallery > div > .caption {\r\n\twidth: 100%;\r\n\tdisplay: none;\r\n\tposition: absolute;\r\n\tbottom: 0;\r\n\tpadding: 5px;\r\n\tleft: 0;\r\n\tright: 0;\r\n\tmargin: 0;\r\n\tcolor: #3AD6FC;\r\n\tfont-size: 13px;\r\n\tfont-weight: 300;\r\n\tfont-family: sans-serif;\r\n\tbackground:rgba(255,28,28,0.9)  !important;\r\n\r\n\toverflow: hidden;\r\n\ttext-overflow: ellipsis;\r\n\twhite-space:nowrap;\r\n}\r\n.justified-gallery > a > .caption.caption-visible,\r\n.justified-gallery > div > .caption.caption-visible {\r\n\tdisplay: initial;\r\n\topacity: 0.7;\r\n\tfilter: \"alpha(opacity=70)\";\r\n\t\/* IE8 or Earlier *\/\r\n\t-webkit-animation: justified-gallery-show-caption-animation 500ms 0 ease;\r\n\t-moz-animation: justified-gallery-show-caption-animation 500ms 0 ease;\r\n\t-ms-animation: justified-gallery-show-caption-animation 500ms 0 ease;\r\n}\r\n.justified-gallery > .entry-visible {\r\n\topacity: 1.0;\r\n\tfilter: alpha(opacity=100);\r\n\t\/* IE8 or Earlier *\/\r\n\t-webkit-animation: justified-gallery-show-entry-animation 300ms 0 ease;\r\n\t-moz-animation: justified-gallery-show-entry-animation 300ms 0 ease;\r\n\t-ms-animation: justified-gallery-show-entry-animation 300ms 0 ease;\r\n\tborder: none !important;\r\n}\r\n.justified-gallery > .spinner {\r\n\tposition: absolute;\r\n\tbottom: 0;\r\n\tmargin-left: -24px;\r\n\tpadding: 10px 0 10px 0;\r\n\tleft: 50%;\r\n\topacity: initial;\r\n\tfilter: initial;\r\n\toverflow: initial;\r\n}\r\n.justified-gallery > .spinner > span {\r\n\tdisplay: inline-block;\r\n\topacity: 0;\r\n\tfilter: alpha(opacity=0);\r\n\t\/* IE8 or Earlier *\/\r\n\twidth: 8px;\r\n\theight: 8px;\r\n\tmargin: 0 4px 0 4px;\r\n\tbackground-color: #000;\r\n\tborder-top-left-radius: 6px;\r\n\tborder-top-right-radius: 6px;\r\n\tborder-bottom-right-radius: 6px;\r\n\tborder-bottom-left-radius: 6px;\r\n}\r\n.load_more2 {\r\n\tmargin: 10px 0;\r\n\tposition:relative;\r\n\ttext-align:center;\r\n\twidth:100%;\r\n}\r\n\r\n.load_more_button2 {\r\n\tborder-radius: 10px;\r\n\tdisplay:inline-block;\r\n\tpadding:5px 15px;\r\n\tfont-size:14px !important;;\r\n\tcolor:#FF1C1C !important;;\r\n\tbackground:#26A6FC !important;\r\n\tcursor:pointer;\r\n\r\n}\r\n.load_more_button2:hover{\r\n\tcolor:#FF4242 !important;\r\n\tbackground:#0FEFFF !important;\r\n}\r\n\r\n.loading2 {\r\n\tdisplay:none;\r\n}\r\n.paginate2{\r\n\tfont-size:18px !important;\r\n\tcolor:#26A6FC !important;\r\n\ttext-align: center;\r\n\tmargin-top: 25px;\r\n}\r\n.paginate2 a{\r\n\tborder-bottom: none !important;\r\n\tbox-shadow: none !important;\r\n}\r\n.icon-style2{\r\n\tfont-size: 18px !important;\r\n\tcolor:#26A6FC !important;\r\n}\r\n.clear{\r\n\tclear:both;\r\n}\r\n.play-icon {\r\n\tposition:absolute;\r\n\ttop:0;\r\n\tleft:0;\r\n\twidth:100%;\r\n\theight:100%;\r\n}\r\n\r\n.play-icon.youtube-icon {background:url(https:\/\/www.vnucka.sk\/wp-content\/plugins\/gallery-video\/assets\/images\/admin_images\/play.youtube.png) center center no-repeat;background-size:20%;}\r\n.play-icon.vimeo-icon {background:url(https:\/\/www.vnucka.sk\/wp-content\/plugins\/gallery-video\/assets\/images\/admin_images\/play.vimeo.png) center center no-repeat;background-size:20%;}\r\n\r\n<\/style><br \/>\n<div id=\"polls-13\" class=\"wp-polls\">\n\t<form id=\"polls_form_13\" class=\"wp-polls-form\" action=\"\/index.php\" method=\"post\">\n\t\t<p style=\"display: none;\"><input type=\"hidden\" id=\"poll_13_nonce\" name=\"wp-polls-nonce\" value=\"4e57f6cee8\" \/><\/p>\n\t\t<p style=\"display: none;\"><input type=\"hidden\" name=\"poll_id\" value=\"13\" \/><\/p>\n\t\t<p style=\"text-align: center\"><strong>Hodnotenie pr\u00edspevku :<\/strong><\/p><div id=\"polls-13-ans\" class=\"wp-polls-ans\"><ul class=\"wp-polls-ul\">\n\t\t<li><input type=\"radio\" id=\"poll-answer-41\" name=\"poll_13\" value=\"41\" \/> <label for=\"poll-answer-41\">\u00da\u017easn\u00fd obsah, pros\u00edm viac tak\u00fdch<\/label><\/li>\n\t\t<li><input type=\"radio\" id=\"poll-answer-42\" name=\"poll_13\" value=\"42\" \/> <label for=\"poll-answer-42\">V pohode, ako relax na odreagovanie<\/label><\/li>\n\t\t<li><input type=\"radio\" id=\"poll-answer-43\" name=\"poll_13\" value=\"43\" \/> <label for=\"poll-answer-43\">Pr\u00edjemn\u00fd \u0161tandard, mo\u017eno trochu o\u017eivi\u0165<\/label><\/li>\n\t\t<\/ul>\r\n<p style=\"text-align: center\"><input type=\"button\" name=\"Hlasova\u0165\/Vote\" value=\"   Hlasova\u0165\/Vote   \" class=\"Buttons\" onclick=\"poll_vote(13);\" \/><\/p>\r\n<p style=\"text-align: center\"><a href=\"#ViewPollResults\" onclick=\"poll_result(13); return false;\" title=\"View Results Of This Poll\">Zobrazi\u0165 v\u00fdsledky\/Results<\/a><\/p>\r\n<\/div>\n\t<\/form>\n<\/div>\n<div id=\"polls-13-loading\" class=\"wp-polls-loading\"><img src=\"https:\/\/www.vnucka.sk\/wp-content\/plugins\/wp-polls\/images\/loading.gif\" width=\"16\" height=\"16\" alt=\"Loading ...\" title=\"Loading ...\" class=\"wp-polls-image\" \/>&nbsp;Loading ...<\/div>\n<\/p>\n","protected":false},"excerpt":{"rendered":"<p>De\u0148 pred Mikul\u00e1\u0161om sme zav\u00edtali v mene Slovensk\u00e9ho \u010derven\u00e9ho kr\u00ed\u017ea spolu s predsedn\u00ed\u010dkou miestnej organiz\u00e1cie MUDr. Hoffmannovou do Archy n.o v B\u00e1novciach nad Bebravou, kde sme spolu str\u00e1vili pekn\u00e9 chv\u00edle s &#8222;Arch\u00e1kmi&#8220;. N\u00e1dhern\u00e9 pripraven\u00e9 sc\u00e9nky Arch\u00e1kov sme ocenili rozdan\u00edm dar\u010dekov &hellip;<\/p>\n<p class=\"read-more\"> <a class=\"\" href=\"https:\/\/www.vnucka.sk\/index.php\/2017\/12\/06\/predmikulasske-posedenie\/\"> <span class=\"screen-reader-text\">Predmikul\u00e1\u0161ske posedenie<\/span> Read More &raquo;<\/a><\/p>\n","protected":false},"author":1,"featured_media":0,"comment_status":"closed","ping_status":"open","sticky":false,"template":"","format":"standard","meta":{"jetpack_publicize_message":"","jetpack_is_tweetstorm":false,"jetpack_publicize_feature_enabled":true},"categories":[5],"tags":[],"jetpack_publicize_connections":[],"jetpack_featured_media_url":"","jetpack_sharing_enabled":true,"jetpack_shortlink":"https:\/\/wp.me\/p9gi65-bt","jetpack-related-posts":[{"id":698,"url":"https:\/\/www.vnucka.sk\/index.php\/2017\/12\/04\/oriesok-skorica-advent\/","url_meta":{"origin":711,"position":0},"title":"Orie\u0161ok+\u0160korica=Advent","date":"4. decembra 2017","format":false,"excerpt":"Adventn\u00fd mot\u00edv bez \u0161korice a orie\u0161ku by nebol pod\u013ea babi\u010dky Milky adventn\u00fdm ven\u010dekom. \u010eakujem za prekr\u00e1sny prv\u00fd adventn\u00fd v\u00edkend, kedy sme vyrobili spolu zop\u00e1r kreat\u00edvnych Viano\u010dn\u00fdch ozd\u00f4b a zap\u00e1lili prv\u00fa adventn\u00fa svie\u010dku. S babi\u010dkou Milkou \u017eel\u00e1me v\u0161etk\u00fdm \u013eu\u010fom dobrej v\u00f4le, aby jedno z najkraj\u0161\u00edch obdob\u00ed roku, pre\u017eili v pokoji na\u2026","rel":"","context":"V &quot;be\u017en\u00fd \u017eivot&quot;","img":{"alt_text":"","src":"https:\/\/i0.wp.com\/www.vnucka.sk\/wp-content\/uploads\/2017\/12\/oriesokskoricaadvent.jpg?resize=350%2C200","width":350,"height":200},"classes":[]},{"id":1080,"url":"https:\/\/www.vnucka.sk\/index.php\/2018\/06\/22\/11254x-sme-najlepsi-socialny-projekt-regionu\/","url_meta":{"origin":711,"position":1},"title":"11 254 x sme najlep\u0161\u00ed soci\u00e1lny projekt regi\u00f3nu!","date":"22. j\u00fana 2018","format":false,"excerpt":"T\u00e1to spr\u00e1va n\u00e1m sp\u00f4sobila chv\u00ed\u013eu hlbok\u00e9 d\u00fdchanie ... VYHRALI SME 1.miesto v s\u00fa\u0165a\u017ei o najlep\u0161\u00ed soci\u00e1lny projekt regi\u00f3nu ! Ve\u013ek\u00e1 v\u010faka v\u0161etk\u00fdm, \u010do hlasovali za n\u00e1\u0161 vnu\u010dkovsko babi\u010dkovo dedkovsk\u00fd projekt, ktor\u00fd vytv\u00e1ra RODINU pre osamel\u00fdch seniorov. Spr\u00e1va z nad\u00e1cie Pontis : Dobr\u00fd de\u0148, s rados\u0165ou v\u00e1m oznamujem, \u017ee v\u00e1\u0161 projekt\u2026","rel":"","context":"V &quot;be\u017en\u00fd \u017eivot&quot;","img":{"alt_text":"","src":"https:\/\/i0.wp.com\/www.vnucka.sk\/wp-content\/uploads\/2018\/06\/vnucka_vyhra.jpg?resize=350%2C200","width":350,"height":200},"classes":[]},{"id":691,"url":"https:\/\/www.vnucka.sk\/index.php\/2017\/12\/01\/predvianocna-radost\/","url_meta":{"origin":711,"position":2},"title":"Predviano\u010dn\u00e1 rados\u0165","date":"1. decembra 2017","format":false,"excerpt":"Prv\u00fd decembrov\u00fd de\u0148 za\u010dal pre m\u0148a ve\u013ek\u00fdm poznan\u00edm oby\u010dajnej nezi\u0161tnej \u013eudskej pomoci, kedy ma moje babi\u010dky pozvali na n\u00e1v\u0161tevu miestnej Charity \u010cerven\u00e9ho kr\u00ed\u017ea v B\u00e1novciach nad Bebravou, kde sme spolu pripravovali pomoc a oble\u010denie pre t\u00fdch najskromnej\u0161\u00edch. Poznanie \u010di doslova pre\u017eitie hlb\u0161ieho v\u00fdznamu slov ako \u00facta, pokora, l\u00e1ska k bl\u00ed\u017enemu\u2026","rel":"","context":"V &quot;be\u017en\u00fd \u017eivot&quot;","img":{"alt_text":"","src":"https:\/\/i0.wp.com\/www.vnucka.sk\/wp-content\/uploads\/2017\/12\/predvianocna_radost.jpg?resize=350%2C200","width":350,"height":200},"classes":[]},{"id":1966,"url":"https:\/\/www.vnucka.sk\/index.php\/2019\/10\/15\/tam-kde-je-vzdy-veselo\/","url_meta":{"origin":711,"position":3},"title":"Tam, kde je v\u017edy veselo","date":"15. okt\u00f3bra 2019","format":false,"excerpt":"Ke\u010f sa stretn\u00fa nad\u0161en\u00ed \u013eudia dobrej v\u00f4le, ni\u010d ich nezastav\u00ed v pl\u00e1ne dopravi\u0165 sa na 3 aut\u00e1ch do domova pre seniorov Pokoj a Zdravie v Nitrianskej Strede a roztancova\u0165 v\u0161etk\u00fdch vr\u00e1tane person\u00e1lu \u010di seniorov na voz\u00edkoch! Ve\u013ek\u00e9 \u010eAKUJEM patr\u00ed dobrovo\u013en\u00ed\u010dkam \u010cerven\u00e9ho kr\u00ed\u017ea B\u00e1novce nad Bebravou pod veden\u00edm MUDr. Hoffmanovej a\u2026","rel":"","context":"V &quot;be\u017en\u00fd \u017eivot&quot;","img":{"alt_text":"","src":"https:\/\/i0.wp.com\/www.vnucka.sk\/wp-content\/uploads\/2019\/10\/20191003_082802.jpg?resize=350%2C200&ssl=1","width":350,"height":200},"classes":[]},{"id":1970,"url":"https:\/\/www.vnucka.sk\/index.php\/2019\/10\/17\/tam-kde-radi-chodime\/","url_meta":{"origin":711,"position":4},"title":"Tam, kde radi chod\u00edme","date":"17. okt\u00f3bra 2019","format":false,"excerpt":"Prep\u00e1janie gener\u00e1cii je ve\u013emi d\u00f4le\u017eit\u00e9. S hudobne nadanou babi\u010dkou Elenkou sme nav\u0161t\u00edvili zariadenie soci\u00e1lnych slu\u017eieb Archa, kde s\u00fa \u010dist\u00e9 du\u0161e, ktor\u00e9 nem\u00f4\u017eu lieta\u0165, ale o to viac \u00faprimnej\u0161ie vyjadruj\u00fa svoje city a pocity. Arch\u00e1ci spolu s person\u00e1lom, \u010fakujeme za n\u00e1dhern\u00fd de\u0148! T\u00e1to aktivita sa uskuto\u010dnila v\u010faka podpore nad\u00e1cii Henkel Slovensko\u2026","rel":"","context":"V &quot;be\u017en\u00fd \u017eivot&quot;","img":{"alt_text":"","src":"https:\/\/i0.wp.com\/www.vnucka.sk\/wp-content\/uploads\/2019\/10\/20190905_1108370.jpg?resize=350%2C200&ssl=1","width":350,"height":200},"classes":[]},{"id":2373,"url":"https:\/\/www.vnucka.sk\/index.php\/2021\/09\/13\/burat-ci-neburat\/","url_meta":{"origin":711,"position":5},"title":"B\u00fara\u0165 \u010di neb\u00fara\u0165","date":"13. septembra 2021","format":false,"excerpt":"Ke\u010f sa baba nud\u00ed, star\u00fd veche\u0165 ob\u0161\u00edva. T\u00fdmito slovami ma priv\u00edtal sedemdestiatnik dedu\u0161ko Jozef, ne\u0161\u0165astne ukazuj\u00fac na mohutn\u00fd kamenn\u00fd krb, ktor\u00fd bol dominantou miestnosti nieko\u013eko desa\u0165ro\u010d\u00ed. Staval ho jeho otec so svojim otcom. U\u017e sa v \u0148om dobr\u00fdch 10 rokov nezak\u00farilo a z dolniakov od Lev\u00edc ide vzdialen\u00e1 rodina k\u2026","rel":"","context":"V &quot;be\u017en\u00fd \u017eivot&quot;","img":{"alt_text":"","src":"https:\/\/i0.wp.com\/www.vnucka.sk\/wp-content\/uploads\/2021\/10\/krb.jpg?resize=350%2C200&ssl=1","width":350,"height":200},"classes":[]}],"jetpack_likes_enabled":false,"_links":{"self":[{"href":"https:\/\/www.vnucka.sk\/index.php\/wp-json\/wp\/v2\/posts\/711"}],"collection":[{"href":"https:\/\/www.vnucka.sk\/index.php\/wp-json\/wp\/v2\/posts"}],"about":[{"href":"https:\/\/www.vnucka.sk\/index.php\/wp-json\/wp\/v2\/types\/post"}],"author":[{"embeddable":true,"href":"https:\/\/www.vnucka.sk\/index.php\/wp-json\/wp\/v2\/users\/1"}],"replies":[{"embeddable":true,"href":"https:\/\/www.vnucka.sk\/index.php\/wp-json\/wp\/v2\/comments?post=711"}],"version-history":[{"count":3,"href":"https:\/\/www.vnucka.sk\/index.php\/wp-json\/wp\/v2\/posts\/711\/revisions"}],"predecessor-version":[{"id":903,"href":"https:\/\/www.vnucka.sk\/index.php\/wp-json\/wp\/v2\/posts\/711\/revisions\/903"}],"wp:attachment":[{"href":"https:\/\/www.vnucka.sk\/index.php\/wp-json\/wp\/v2\/media?parent=711"}],"wp:term":[{"taxonomy":"category","embeddable":true,"href":"https:\/\/www.vnucka.sk\/index.php\/wp-json\/wp\/v2\/categories?post=711"},{"taxonomy":"post_tag","embeddable":true,"href":"https:\/\/www.vnucka.sk\/index.php\/wp-json\/wp\/v2\/tags?post=711"}],"curies":[{"name":"wp","href":"https:\/\/api.w.org\/{rel}","templated":true}]}}