{"id":715,"date":"2017-12-08T12:11:04","date_gmt":"2017-12-08T11:11:04","guid":{"rendered":"http:\/\/www.vnucka.sk\/?p=715"},"modified":"2018-11-28T21:07:20","modified_gmt":"2018-11-28T20:07:20","slug":"velka-rodina","status":"publish","type":"post","link":"https:\/\/www.vnucka.sk\/index.php\/2017\/12\/08\/velka-rodina\/","title":{"rendered":"Ve\u013ek\u00e1 RODINA"},"content":{"rendered":"<p>Ka\u017ed\u00e9mu dobre padne, ke\u010f m\u00e1 pri sebe niekoho bl\u00edzkeho, na koho sa m\u00f4\u017ee spo\u013eahn\u00fa\u0165.\u00a0 Ked\u017ee t\u00e1 moja \u0161peci\u00e1lna <em>&#8222;vnu\u010dkovo babi\u010dkovo dedkovsk\u00e1<\/em>&#8220; rodina sa st\u00e1le rozrast\u00e1 a de\u0148 m\u00e1 iba 24 hod\u00edn, \u010dasto si takto telefonujeme.<\/p>\n<p>Pocit vz\u00e1jomnej opory, spolupatri\u010dnosti a pomoci je neop\u00edsate\u013en\u00fd ! \u010eakujem mil\u00ed moji, \u017ee som Va\u0161a &#8222;<em>vnu\u010dka<\/em>&#8220; &#8230;<\/p>\n<p><img data-attachment-id=\"716\" data-permalink=\"https:\/\/www.vnucka.sk\/index.php\/2017\/12\/08\/velka-rodina\/fotka_telefonaty\/\" data-orig-file=\"https:\/\/www.vnucka.sk\/wp-content\/uploads\/2017\/12\/fotka_telefonaty.jpg\" data-orig-size=\"2255,1948\" data-comments-opened=\"1\" data-image-meta=\"{&quot;aperture&quot;:&quot;0&quot;,&quot;credit&quot;:&quot;static&quot;,&quot;camera&quot;:&quot;&quot;,&quot;caption&quot;:&quot;&quot;,&quot;created_timestamp&quot;:&quot;1512733044&quot;,&quot;copyright&quot;:&quot;&quot;,&quot;focal_length&quot;:&quot;0&quot;,&quot;iso&quot;:&quot;0&quot;,&quot;shutter_speed&quot;:&quot;0&quot;,&quot;title&quot;:&quot;&quot;,&quot;orientation&quot;:&quot;0&quot;}\" data-image-title=\"fotka_telefonaty\" data-image-description=\"\" data-image-caption=\"\" data-medium-file=\"https:\/\/www.vnucka.sk\/wp-content\/uploads\/2017\/12\/fotka_telefonaty-300x259.jpg\" data-large-file=\"https:\/\/www.vnucka.sk\/wp-content\/uploads\/2017\/12\/fotka_telefonaty-1024x885.jpg\" loading=\"lazy\" class=\"size-large wp-image-716 aligncenter\" src=\"http:\/\/www.vnucka.sk\/wp-content\/uploads\/2017\/12\/fotka_telefonaty-1024x885.jpg\" alt=\"\" width=\"605\" height=\"523\" srcset=\"https:\/\/www.vnucka.sk\/wp-content\/uploads\/2017\/12\/fotka_telefonaty-1024x885.jpg 1024w, https:\/\/www.vnucka.sk\/wp-content\/uploads\/2017\/12\/fotka_telefonaty-300x259.jpg 300w, https:\/\/www.vnucka.sk\/wp-content\/uploads\/2017\/12\/fotka_telefonaty-768x663.jpg 768w, https:\/\/www.vnucka.sk\/wp-content\/uploads\/2017\/12\/fotka_telefonaty-100x86.jpg 100w, https:\/\/www.vnucka.sk\/wp-content\/uploads\/2017\/12\/fotka_telefonaty-150x130.jpg 150w, https:\/\/www.vnucka.sk\/wp-content\/uploads\/2017\/12\/fotka_telefonaty-200x173.jpg 200w, https:\/\/www.vnucka.sk\/wp-content\/uploads\/2017\/12\/fotka_telefonaty-450x389.jpg 450w, https:\/\/www.vnucka.sk\/wp-content\/uploads\/2017\/12\/fotka_telefonaty-600x518.jpg 600w, https:\/\/www.vnucka.sk\/wp-content\/uploads\/2017\/12\/fotka_telefonaty-900x777.jpg 900w\" sizes=\"(max-width: 605px) 100vw, 605px\" \/><div id=\"polls-14\" class=\"wp-polls\">\n\t<form id=\"polls_form_14\" class=\"wp-polls-form\" action=\"\/index.php\" method=\"post\">\n\t\t<p style=\"display: none;\"><input type=\"hidden\" id=\"poll_14_nonce\" name=\"wp-polls-nonce\" value=\"5e973c726c\" \/><\/p>\n\t\t<p style=\"display: none;\"><input type=\"hidden\" name=\"poll_id\" value=\"14\" \/><\/p>\n\t\t<p style=\"text-align: center\"><strong>Ohodno\u0165te pr\u00edspevok :<\/strong><\/p><div id=\"polls-14-ans\" class=\"wp-polls-ans\"><ul class=\"wp-polls-ul\">\n\t\t<li><input type=\"radio\" id=\"poll-answer-44\" name=\"poll_14\" value=\"44\" \/> <label for=\"poll-answer-44\">\u00da\u017easn\u00fd obsah, pros\u00edm viac tak\u00fdch<\/label><\/li>\n\t\t<li><input type=\"radio\" id=\"poll-answer-45\" name=\"poll_14\" value=\"45\" \/> <label for=\"poll-answer-45\">V pohode, ako relax na odreagovanie<\/label><\/li>\n\t\t<li><input type=\"radio\" id=\"poll-answer-46\" name=\"poll_14\" value=\"46\" \/> <label for=\"poll-answer-46\">Pr\u00edjemn\u00fd \u0161tandard, mo\u017eno trochu o\u017eivi\u0165<\/label><\/li>\n\t\t<\/ul>\r\n<p style=\"text-align: center\"><input type=\"button\" name=\"Hlasova\u0165\/Vote\" value=\"   Hlasova\u0165\/Vote   \" class=\"Buttons\" onclick=\"poll_vote(14);\" \/><\/p>\r\n<p style=\"text-align: center\"><a href=\"#ViewPollResults\" onclick=\"poll_result(14); return false;\" title=\"View Results Of This Poll\">Zobrazi\u0165 v\u00fdsledky\/Results<\/a><\/p>\r\n<\/div>\n\t<\/form>\n<\/div>\n<div id=\"polls-14-loading\" class=\"wp-polls-loading\"><img src=\"https:\/\/www.vnucka.sk\/wp-content\/plugins\/wp-polls\/images\/loading.gif\" width=\"16\" height=\"16\" alt=\"Loading ...\" title=\"Loading ...\" class=\"wp-polls-image\" \/>&nbsp;Loading ...<\/div>\n<\/p>\n","protected":false},"excerpt":{"rendered":"<p>Ka\u017ed\u00e9mu dobre padne, ke\u010f m\u00e1 pri sebe niekoho bl\u00edzkeho, na koho sa m\u00f4\u017ee spo\u013eahn\u00fa\u0165.\u00a0 Ked\u017ee t\u00e1 moja \u0161peci\u00e1lna &#8222;vnu\u010dkovo babi\u010dkovo dedkovsk\u00e1&#8220; rodina sa st\u00e1le rozrast\u00e1 a de\u0148 m\u00e1 iba 24 hod\u00edn, \u010dasto si takto telefonujeme. Pocit vz\u00e1jomnej opory, spolupatri\u010dnosti a &hellip;<\/p>\n<p class=\"read-more\"> <a class=\"\" href=\"https:\/\/www.vnucka.sk\/index.php\/2017\/12\/08\/velka-rodina\/\"> <span class=\"screen-reader-text\">Ve\u013ek\u00e1 RODINA<\/span> Read More &raquo;<\/a><\/p>\n","protected":false},"author":1,"featured_media":0,"comment_status":"closed","ping_status":"open","sticky":false,"template":"","format":"standard","meta":{"jetpack_publicize_message":"","jetpack_is_tweetstorm":false,"jetpack_publicize_feature_enabled":true},"categories":[5],"tags":[],"jetpack_publicize_connections":[],"jetpack_featured_media_url":"","jetpack_sharing_enabled":true,"jetpack_shortlink":"https:\/\/wp.me\/p9gi65-bx","jetpack-related-posts":[{"id":1024,"url":"https:\/\/www.vnucka.sk\/index.php\/2018\/04\/21\/opat-spojena-nit-rodiny\/","url_meta":{"origin":715,"position":0},"title":"(Op\u00e4\u0165) spojen\u00e1 ni\u0165 rodiny","date":"21. apr\u00edla 2018","format":false,"excerpt":"Jedn\u00e9ho d\u0148a ma moja ob\u013e\u00faben\u00e1 babi\u010dka Helenka z Ko\u0161\u00edc - inak ve\u013emi akt\u00edvna aj v zrelom veku na internete, prekvapila ot\u00e1zkou, \u010di n\u00e1hodou nepozn\u00e1m jedno priezvisko z mesta odkia\u013e poch\u00e1dzam. H\u013eadala svoju rodinu, s ktorou na ve\u013emi dlh\u00fd \u010das stratila kontakt ... Rozhodila som siete ... A ... chv\u00ed\u013eu sa\u2026","rel":"","context":"V &quot;be\u017en\u00fd \u017eivot&quot;","img":{"alt_text":"","src":"https:\/\/i0.wp.com\/www.vnucka.sk\/wp-content\/uploads\/2018\/04\/evapisovasmekalovspolocna.jpg?resize=350%2C200","width":350,"height":200},"classes":[]},{"id":2373,"url":"https:\/\/www.vnucka.sk\/index.php\/2021\/09\/13\/burat-ci-neburat\/","url_meta":{"origin":715,"position":1},"title":"B\u00fara\u0165 \u010di neb\u00fara\u0165","date":"13. septembra 2021","format":false,"excerpt":"Ke\u010f sa baba nud\u00ed, star\u00fd veche\u0165 ob\u0161\u00edva. T\u00fdmito slovami ma priv\u00edtal sedemdestiatnik dedu\u0161ko Jozef, ne\u0161\u0165astne ukazuj\u00fac na mohutn\u00fd kamenn\u00fd krb, ktor\u00fd bol dominantou miestnosti nieko\u013eko desa\u0165ro\u010d\u00ed. Staval ho jeho otec so svojim otcom. U\u017e sa v \u0148om dobr\u00fdch 10 rokov nezak\u00farilo a z dolniakov od Lev\u00edc ide vzdialen\u00e1 rodina k\u2026","rel":"","context":"V &quot;be\u017en\u00fd \u017eivot&quot;","img":{"alt_text":"","src":"https:\/\/i0.wp.com\/www.vnucka.sk\/wp-content\/uploads\/2021\/10\/krb.jpg?resize=350%2C200&ssl=1","width":350,"height":200},"classes":[]},{"id":2378,"url":"https:\/\/www.vnucka.sk\/index.php\/2021\/10\/22\/neporazitelny-senior\/","url_meta":{"origin":715,"position":2},"title":"Neporazite\u013en\u00fd senior","date":"22. okt\u00f3bra 2021","format":false,"excerpt":"\"Mlad\u00edk\" po 60ke, ktor\u00fd hravo poraz\u00ed fyzickou kond\u00edciou ktor\u00e9hoko\u013evek 20nika. Zozn\u00e1mili smesa pri \u0161portovej t\u00e9matike v\u010faka spolo\u010dn\u00e9mu zn\u00e1memu a z \u010dasu na \u010das si pri dobrej k\u00e1vi\u010dkepohovor\u00edme o \u0161porte. Jeho pr\u00edbeh je obdivuhodn\u00fd. Do 40ky viedol norm\u00e1lny \u017eivot. Pr\u00e1ca,rodina, takmer \u017eiadny pohyb, nevhodn\u00e9 klasick\u00e9 stravovanie, nadv\u00e1ha. Jedn\u00e9ho r\u00e1na sapozrel do\u2026","rel":"","context":"V &quot;be\u017en\u00fd \u017eivot&quot;","img":{"alt_text":"","src":"https:\/\/i0.wp.com\/www.vnucka.sk\/wp-content\/uploads\/2021\/10\/runman.jpg?resize=350%2C200&ssl=1","width":350,"height":200},"classes":[]},{"id":2367,"url":"https:\/\/www.vnucka.sk\/index.php\/2021\/05\/26\/navzdy-schovany-poklad\/","url_meta":{"origin":715,"position":3},"title":"Nav\u017edy schovan\u00fd poklad","date":"26. m\u00e1ja 2021","format":false,"excerpt":"Podel\u00edm sa s Vami o tajomstvo. V istom domove pre seniorov, som sa zozn\u00e1mila so sympatick\u00fdm dedu\u0161kom vo ve\u013emi vysokom veku. Na\u0161e priate\u013estvo trvalo len kr\u00e1tko, nieko\u013eko mesiacov, preto\u017ee odi\u0161iel na ve\u010dnos\u0165. Nav\u0161t\u00edvila som ho asi 10 kr\u00e1t, zveril mi tajomstvo, o ktorom m\u00f4\u017eem rozpoveda\u0165 svetu s jeho s\u00fahlasom, dokonca\u2026","rel":"","context":"V &quot;be\u017en\u00fd \u017eivot&quot;","img":{"alt_text":"","src":"https:\/\/i0.wp.com\/www.vnucka.sk\/wp-content\/uploads\/2021\/10\/poklad-e1634142761490.jpg?resize=350%2C200&ssl=1","width":350,"height":200},"classes":[]},{"id":753,"url":"https:\/\/www.vnucka.sk\/index.php\/2017\/12\/23\/vianocne-zelania-senioriek\/","url_meta":{"origin":715,"position":4},"title":"Viano\u010dn\u00e9 \u017eelania seniorov","date":"23. decembra 2017","format":false,"excerpt":"Kr\u00e1sne Vianoce v kruhu svojich najbli\u017e\u0161\u00edch, s \u00faprimn\u00fdmi zo srdca vych\u00e1dzaj\u00facimi \u017eelaniami babi\u010diek a dedu\u0161kov, \u017eel\u00e1 ve\u013ek\u00e1 seniorsk\u00e1 rodina vnu\u010dky Janky a \u0161peci\u00e1lne pre seniorov aj Viano\u010dn\u00fd pozdrav prim\u00e1tora mesta B\u00e1novce nad Bebravou.","rel":"","context":"V &quot;be\u017en\u00fd \u017eivot&quot;","img":{"alt_text":"","src":"https:\/\/i0.wp.com\/www.vnucka.sk\/wp-content\/uploads\/2017\/12\/foto4seniors-1024x575.jpg?resize=350%2C200","width":350,"height":200},"classes":[]},{"id":2436,"url":"https:\/\/www.vnucka.sk\/index.php\/2022\/08\/26\/davat-je-viac-ako-brat\/","url_meta":{"origin":715,"position":5},"title":"D\u00e1va\u0165 je viac ako bra\u0165","date":"26. augusta 2022","format":false,"excerpt":"Rann\u00e9 prebudenie so silne \u0161kriabaj\u00facim hrdlom, slabos\u0165ou v svaloch a hor\u00fa\u010dkou signalizovalo, \u017ee najbli\u0161ie dni str\u00e1vim v\u00e1\u013ean\u00edm sa v posteli s pr\u00edjemne neodolate\u013enou spolo\u010dnos\u0165ou chr\u00edpkov\u00fdch bacilov. A to ma dnes \u010dakali lango\u0161e u babi\u010dky Moniky, ktor\u00e1 sa za desa\u0165ro\u010dia pr\u00edprav tohto jedla vypracovalana experta, hodn\u00e9ho robi\u0165 rozhodcu v gastronomick\u00fdch s\u00fa\u0165a\u017eiach\u2026","rel":"","context":"V &quot;be\u017en\u00fd \u017eivot&quot;","img":{"alt_text":"","src":"","width":0,"height":0},"classes":[]}],"jetpack_likes_enabled":false,"_links":{"self":[{"href":"https:\/\/www.vnucka.sk\/index.php\/wp-json\/wp\/v2\/posts\/715"}],"collection":[{"href":"https:\/\/www.vnucka.sk\/index.php\/wp-json\/wp\/v2\/posts"}],"about":[{"href":"https:\/\/www.vnucka.sk\/index.php\/wp-json\/wp\/v2\/types\/post"}],"author":[{"embeddable":true,"href":"https:\/\/www.vnucka.sk\/index.php\/wp-json\/wp\/v2\/users\/1"}],"replies":[{"embeddable":true,"href":"https:\/\/www.vnucka.sk\/index.php\/wp-json\/wp\/v2\/comments?post=715"}],"version-history":[{"count":4,"href":"https:\/\/www.vnucka.sk\/index.php\/wp-json\/wp\/v2\/posts\/715\/revisions"}],"predecessor-version":[{"id":720,"href":"https:\/\/www.vnucka.sk\/index.php\/wp-json\/wp\/v2\/posts\/715\/revisions\/720"}],"wp:attachment":[{"href":"https:\/\/www.vnucka.sk\/index.php\/wp-json\/wp\/v2\/media?parent=715"}],"wp:term":[{"taxonomy":"category","embeddable":true,"href":"https:\/\/www.vnucka.sk\/index.php\/wp-json\/wp\/v2\/categories?post=715"},{"taxonomy":"post_tag","embeddable":true,"href":"https:\/\/www.vnucka.sk\/index.php\/wp-json\/wp\/v2\/tags?post=715"}],"curies":[{"name":"wp","href":"https:\/\/api.w.org\/{rel}","templated":true}]}}