{"id":742,"date":"2017-12-18T17:07:00","date_gmt":"2017-12-18T16:07:00","guid":{"rendered":"http:\/\/www.vnucka.sk\/?p=742"},"modified":"2018-11-28T21:07:05","modified_gmt":"2018-11-28T20:07:05","slug":"mudrost-sedin","status":"publish","type":"post","link":"https:\/\/www.vnucka.sk\/index.php\/2017\/12\/18\/mudrost-sedin\/","title":{"rendered":"M\u00fadros\u0165 \u0161ed\u00edn"},"content":{"rendered":"<p><em>Pre babi\u010dky a dedu\u0161kov viano\u010dn\u00e9 vyznanie<br \/>\n( vlastn\u00e1 tvorba,\u00a0 hudba: Youtube )<br \/>\n<\/em><\/p>\n<p>Prich\u00e1dza jedno z\u00a0najkraj\u0161\u00edch obdob\u00ed roku,<br \/>\na ja rada prid\u00e1m do svojho kroku,<br \/>\naby som \u010do najsk\u00f4r pri V\u00e1s bola,<br \/>\nlebo m\u00fadros\u0165 Va\u0161ich \u0161ed\u00edn je najlep\u0161ia \u0161kola.<\/p>\n<p>\u010caro bl\u00ed\u017eiacich sa Vianoc chcem V\u00e1m prinies\u0165,<br \/>\na v\u0161etko \u010do V\u00e1s bol\u00ed, nech\u00e1m star\u00e9mu roku odnies\u0165.<br \/>\nDo srdie\u010dok s\u00a0posolstvom l\u00e1sky a\u00a0pokoja chcem vst\u00fapi\u0165,<br \/>\nlebo tak\u00e9to kr\u00e1sne chv\u00edle sa nedaj\u00fa nikde k\u00fapi\u0165.<\/p>\n<p>V\u0161ade v\u00f4kol vid\u00edm Viano\u010dn\u00fd \u010das prich\u00e1dza\u0165,<br \/>\ntak zo srdca \u017eel\u00e1m, aby V\u00e1s tr\u00e1penia za\u010dali obch\u00e1dza\u0165,<br \/>\nMajte na Vianoce rados\u0165 v poh\u013eade Va\u0161ich o\u010d\u00ed,<br \/>\nnech sa cel\u00fd svet kv\u00f4li V\u00e1m s l\u00e1skou to\u010d\u00ed.<\/p>\n<p>Vlo\u010dka snehu \u010do z\u00a0oblohy na Vianoce let\u00ed,<br \/>\nvy\u010dar\u00ed rados\u0165 na tv\u00e1rach Va\u0161ich potomkov a ich det\u00ed,<br \/>\naj vo Va\u0161om domove sa strom\u010dek ligoce,<br \/>\nn\u00e1dherne ste pripravili tieto Vianoce.<\/p>\n<p>Do Nov\u00e9ho roku vin\u0161ujem<br \/>\nnech pomin\u00fa starosti a\u00a0zostan\u00fa iba radosti,<br \/>\nnech V\u00e1m zdrav\u00ed\u010dko\u00a0 e\u0161te dlho sl\u00fa\u017ei,<br \/>\nako ke\u010f mocn\u00fd orol nad lesom kr\u00fa\u017ei<br \/>\na ke\u010f pr\u00eddem takto o\u00a0rok, zvedav\u00e1<br \/>\n\u010di som bola dobr\u00fd prorok,<br \/>\nnech ma V\u00e1\u0161 \u00fasmev \u010dak\u00e1 v\u00a0tv\u00e1ri,<br \/>\nktor\u00e1 spokojnos\u0165ou ako pochode\u0148 \u017eiari.<\/p>\n<p><img data-attachment-id=\"743\" data-permalink=\"https:\/\/www.vnucka.sk\/index.php\/2017\/12\/18\/mudrost-sedin\/fotka_mudrost_sedin\/\" data-orig-file=\"https:\/\/www.vnucka.sk\/wp-content\/uploads\/2017\/12\/fotka_mudrost_sedin.jpg\" data-orig-size=\"941,528\" data-comments-opened=\"1\" data-image-meta=\"{&quot;aperture&quot;:&quot;0&quot;,&quot;credit&quot;:&quot;&quot;,&quot;camera&quot;:&quot;&quot;,&quot;caption&quot;:&quot;&quot;,&quot;created_timestamp&quot;:&quot;0&quot;,&quot;copyright&quot;:&quot;&quot;,&quot;focal_length&quot;:&quot;0&quot;,&quot;iso&quot;:&quot;0&quot;,&quot;shutter_speed&quot;:&quot;0&quot;,&quot;title&quot;:&quot;&quot;,&quot;orientation&quot;:&quot;0&quot;}\" data-image-title=\"fotka_mudrost_sedin\" data-image-description=\"\" data-image-caption=\"\" data-medium-file=\"https:\/\/www.vnucka.sk\/wp-content\/uploads\/2017\/12\/fotka_mudrost_sedin-300x168.jpg\" data-large-file=\"https:\/\/www.vnucka.sk\/wp-content\/uploads\/2017\/12\/fotka_mudrost_sedin.jpg\" loading=\"lazy\" class=\"alignleft size-full wp-image-743\" src=\"http:\/\/www.vnucka.sk\/wp-content\/uploads\/2017\/12\/fotka_mudrost_sedin.jpg\" alt=\"\" width=\"941\" height=\"528\" srcset=\"https:\/\/www.vnucka.sk\/wp-content\/uploads\/2017\/12\/fotka_mudrost_sedin.jpg 941w, https:\/\/www.vnucka.sk\/wp-content\/uploads\/2017\/12\/fotka_mudrost_sedin-300x168.jpg 300w, https:\/\/www.vnucka.sk\/wp-content\/uploads\/2017\/12\/fotka_mudrost_sedin-768x431.jpg 768w, https:\/\/www.vnucka.sk\/wp-content\/uploads\/2017\/12\/fotka_mudrost_sedin-100x56.jpg 100w, https:\/\/www.vnucka.sk\/wp-content\/uploads\/2017\/12\/fotka_mudrost_sedin-150x84.jpg 150w, https:\/\/www.vnucka.sk\/wp-content\/uploads\/2017\/12\/fotka_mudrost_sedin-200x112.jpg 200w, https:\/\/www.vnucka.sk\/wp-content\/uploads\/2017\/12\/fotka_mudrost_sedin-450x252.jpg 450w, https:\/\/www.vnucka.sk\/wp-content\/uploads\/2017\/12\/fotka_mudrost_sedin-600x337.jpg 600w, https:\/\/www.vnucka.sk\/wp-content\/uploads\/2017\/12\/fotka_mudrost_sedin-900x505.jpg 900w\" sizes=\"(max-width: 941px) 100vw, 941px\" \/><\/p>\n<p><div id=\"my_video_gallery_wrapper_12\" class=\"clearfix gallery-video-content\"\r\n     data-gallery-video-id=\"12\" data-gallery-video-perpage=\"5\">\r\n\t<div id=\"my_video_gallery_12\"\r\n\t     class=\"clearfix my_video_gallery view-justified\">\r\n\t\t<input type=\"hidden\" id=\"total\" value=\"1\"\/>\r\n\t\t\t\t\t\t<a class=\"vyoutube huge_it_videogallery_item group12\"\r\n\t\t\t\t   href=\"\/\/www.youtube.com\/embed\/jz3eJ65nZXU\"\r\n                   data-description=\"\"\r\n                   title=\"M\u00fadros\u0165 \u0161ed\u00edn - viano\u010dn\u00e9 vyznanie \" data-id=\"20\">\r\n\t\t\t\t\t<img src=\"\/\/img.youtube.com\/vi\/jz3eJ65nZXU\/mqdefault.jpg\"\r\n\t\t\t\t\t     alt=\"M\u00fadros\u0165 \u0161ed\u00edn - viano\u010dn\u00e9 vyznanie \"\/>\r\n\t\t\t\t\t<div class=\"play-icon youtube-icon\"><\/div>\r\n\t\t\t\t<\/a>\r\n\t\t\t\t<input type=\"hidden\" class=\"pagenum\" value=\"1\"\/>\r\n\t\t\t\t<\/div>\r\n\t<\/div><style>\r\n.justified-gallery {\r\n\twidth: 100%;\r\n\tposition: relative;\r\n\toverflow: hidden;\r\n}\r\n.justified-gallery > a,\r\n.justified-gallery > div {\r\n\tposition: absolute;\r\n\tdisplay: inline-block;\r\n\topacity: 0;\r\n\toverflow:hidden;\r\n\tfilter: alpha(opacity=0);\r\n\t\/* IE8 or Earlier *\/\r\n}\r\n.justified-gallery > a > img,\r\n.justified-gallery > div > img {\r\n\tposition: absolute;\r\n\ttop: 50%;\r\n\tleft: 50%;\r\n\tpadding: 0;\r\n}\r\n.justified-gallery > a > .caption,\r\n.justified-gallery > div > .caption {\r\n\twidth: 100%;\r\n\tdisplay: none;\r\n\tposition: absolute;\r\n\tbottom: 0;\r\n\tpadding: 5px;\r\n\tleft: 0;\r\n\tright: 0;\r\n\tmargin: 0;\r\n\tcolor: #3AD6FC;\r\n\tfont-size: 13px;\r\n\tfont-weight: 300;\r\n\tfont-family: sans-serif;\r\n\tbackground:rgba(255,28,28,0.9)  !important;\r\n\r\n\toverflow: hidden;\r\n\ttext-overflow: ellipsis;\r\n\twhite-space:nowrap;\r\n}\r\n.justified-gallery > a > .caption.caption-visible,\r\n.justified-gallery > div > .caption.caption-visible {\r\n\tdisplay: initial;\r\n\topacity: 0.7;\r\n\tfilter: \"alpha(opacity=70)\";\r\n\t\/* IE8 or Earlier *\/\r\n\t-webkit-animation: justified-gallery-show-caption-animation 500ms 0 ease;\r\n\t-moz-animation: justified-gallery-show-caption-animation 500ms 0 ease;\r\n\t-ms-animation: justified-gallery-show-caption-animation 500ms 0 ease;\r\n}\r\n.justified-gallery > .entry-visible {\r\n\topacity: 1.0;\r\n\tfilter: alpha(opacity=100);\r\n\t\/* IE8 or Earlier *\/\r\n\t-webkit-animation: justified-gallery-show-entry-animation 300ms 0 ease;\r\n\t-moz-animation: justified-gallery-show-entry-animation 300ms 0 ease;\r\n\t-ms-animation: justified-gallery-show-entry-animation 300ms 0 ease;\r\n\tborder: none !important;\r\n}\r\n.justified-gallery > .spinner {\r\n\tposition: absolute;\r\n\tbottom: 0;\r\n\tmargin-left: -24px;\r\n\tpadding: 10px 0 10px 0;\r\n\tleft: 50%;\r\n\topacity: initial;\r\n\tfilter: initial;\r\n\toverflow: initial;\r\n}\r\n.justified-gallery > .spinner > span {\r\n\tdisplay: inline-block;\r\n\topacity: 0;\r\n\tfilter: alpha(opacity=0);\r\n\t\/* IE8 or Earlier *\/\r\n\twidth: 8px;\r\n\theight: 8px;\r\n\tmargin: 0 4px 0 4px;\r\n\tbackground-color: #000;\r\n\tborder-top-left-radius: 6px;\r\n\tborder-top-right-radius: 6px;\r\n\tborder-bottom-right-radius: 6px;\r\n\tborder-bottom-left-radius: 6px;\r\n}\r\n.load_more2 {\r\n\tmargin: 10px 0;\r\n\tposition:relative;\r\n\ttext-align:center;\r\n\twidth:100%;\r\n}\r\n\r\n.load_more_button2 {\r\n\tborder-radius: 10px;\r\n\tdisplay:inline-block;\r\n\tpadding:5px 15px;\r\n\tfont-size:14px !important;;\r\n\tcolor:#FF1C1C !important;;\r\n\tbackground:#26A6FC !important;\r\n\tcursor:pointer;\r\n\r\n}\r\n.load_more_button2:hover{\r\n\tcolor:#FF4242 !important;\r\n\tbackground:#0FEFFF !important;\r\n}\r\n\r\n.loading2 {\r\n\tdisplay:none;\r\n}\r\n.paginate2{\r\n\tfont-size:18px !important;\r\n\tcolor:#26A6FC !important;\r\n\ttext-align: center;\r\n\tmargin-top: 25px;\r\n}\r\n.paginate2 a{\r\n\tborder-bottom: none !important;\r\n\tbox-shadow: none !important;\r\n}\r\n.icon-style2{\r\n\tfont-size: 18px !important;\r\n\tcolor:#26A6FC !important;\r\n}\r\n.clear{\r\n\tclear:both;\r\n}\r\n.play-icon {\r\n\tposition:absolute;\r\n\ttop:0;\r\n\tleft:0;\r\n\twidth:100%;\r\n\theight:100%;\r\n}\r\n\r\n.play-icon.youtube-icon {background:url(https:\/\/www.vnucka.sk\/wp-content\/plugins\/gallery-video\/assets\/images\/admin_images\/play.youtube.png) center center no-repeat;background-size:20%;}\r\n.play-icon.vimeo-icon {background:url(https:\/\/www.vnucka.sk\/wp-content\/plugins\/gallery-video\/assets\/images\/admin_images\/play.vimeo.png) center center no-repeat;background-size:20%;}\r\n\r\n<\/style><br \/>\n<div id=\"polls-16\" class=\"wp-polls\">\n\t<form id=\"polls_form_16\" class=\"wp-polls-form\" action=\"\/index.php\" method=\"post\">\n\t\t<p style=\"display: none;\"><input type=\"hidden\" id=\"poll_16_nonce\" name=\"wp-polls-nonce\" value=\"7f0e100fa6\" \/><\/p>\n\t\t<p style=\"display: none;\"><input type=\"hidden\" name=\"poll_id\" value=\"16\" \/><\/p>\n\t\t<p style=\"text-align: center\"><strong>Hodnotenie pr\u00edspevku :<\/strong><\/p><div id=\"polls-16-ans\" class=\"wp-polls-ans\"><ul class=\"wp-polls-ul\">\n\t\t<li><input type=\"radio\" id=\"poll-answer-50\" name=\"poll_16\" value=\"50\" \/> <label for=\"poll-answer-50\">\u00da\u017easn\u00fd obsah, pros\u00edm viac tak\u00fdch<\/label><\/li>\n\t\t<li><input type=\"radio\" id=\"poll-answer-51\" name=\"poll_16\" value=\"51\" \/> <label for=\"poll-answer-51\">V pohode, ako relax na odreagovanie<\/label><\/li>\n\t\t<li><input type=\"radio\" id=\"poll-answer-52\" name=\"poll_16\" value=\"52\" \/> <label for=\"poll-answer-52\">Pr\u00edjemn\u00fd \u0161tandard, mo\u017eno trochu o\u017eivi\u0165<\/label><\/li>\n\t\t<\/ul>\r\n<p style=\"text-align: center\"><input type=\"button\" name=\"Hlasova\u0165\/Vote\" value=\"   Hlasova\u0165\/Vote   \" class=\"Buttons\" onclick=\"poll_vote(16);\" \/><\/p>\r\n<p style=\"text-align: center\"><a href=\"#ViewPollResults\" onclick=\"poll_result(16); return false;\" title=\"View Results Of This Poll\">Zobrazi\u0165 v\u00fdsledky\/Results<\/a><\/p>\r\n<\/div>\n\t<\/form>\n<\/div>\n<div id=\"polls-16-loading\" class=\"wp-polls-loading\"><img src=\"https:\/\/www.vnucka.sk\/wp-content\/plugins\/wp-polls\/images\/loading.gif\" width=\"16\" height=\"16\" alt=\"Loading ...\" title=\"Loading ...\" class=\"wp-polls-image\" \/>&nbsp;Loading ...<\/div>\n<\/p>\n","protected":false},"excerpt":{"rendered":"<p>Pre babi\u010dky a dedu\u0161kov viano\u010dn\u00e9 vyznanie ( vlastn\u00e1 tvorba,\u00a0 hudba: Youtube ) Prich\u00e1dza jedno z\u00a0najkraj\u0161\u00edch obdob\u00ed roku, a ja rada prid\u00e1m do svojho kroku, aby som \u010do najsk\u00f4r pri V\u00e1s bola, lebo m\u00fadros\u0165 Va\u0161ich \u0161ed\u00edn je najlep\u0161ia \u0161kola. \u010caro bl\u00ed\u017eiacich &hellip;<\/p>\n<p class=\"read-more\"> <a class=\"\" href=\"https:\/\/www.vnucka.sk\/index.php\/2017\/12\/18\/mudrost-sedin\/\"> <span class=\"screen-reader-text\">M\u00fadros\u0165 \u0161ed\u00edn<\/span> Read More &raquo;<\/a><\/p>\n","protected":false},"author":1,"featured_media":0,"comment_status":"closed","ping_status":"open","sticky":false,"template":"","format":"standard","meta":{"jetpack_publicize_message":"","jetpack_is_tweetstorm":false,"jetpack_publicize_feature_enabled":true},"categories":[5],"tags":[],"jetpack_publicize_connections":[],"jetpack_featured_media_url":"","jetpack_sharing_enabled":true,"jetpack_shortlink":"https:\/\/wp.me\/p9gi65-bY","jetpack-related-posts":[{"id":2306,"url":"https:\/\/www.vnucka.sk\/index.php\/2020\/12\/23\/vianocny-naklad-radosti\/","url_meta":{"origin":742,"position":0},"title":"Viano\u010dn\u00fd n\u00e1klad radosti","date":"23. decembra 2020","format":false,"excerpt":"Rados\u0165 z obdarovania osamel\u00fdch seniorov je neop\u00edsate\u013en\u00e1. Mnoh\u00ed nedostali dlh\u00fd \u010das ani poh\u013eadnicu, nieto e\u0161te dar\u010dek. Bez slzi\u010diek dojatia to v t\u00fdchto chv\u00ed\u013each nejde. Tento rok nie jedno ako minul\u00fd rok, ale DVE pln\u00e9 aut\u00e1 pri\u0161li s n\u00e1kladom viano\u010dn\u00fdch dar\u010dekov. Jedno od Ministerstva vn\u00fatra SR, kde zamestnanci pre n\u00e1\u0161 projekt\u2026","rel":"","context":"V &quot;be\u017en\u00fd \u017eivot&quot;","img":{"alt_text":"","src":"https:\/\/i0.wp.com\/www.vnucka.sk\/wp-content\/uploads\/2020\/12\/20201223_135947-scaled.jpg?resize=350%2C200&ssl=1","width":350,"height":200},"classes":[]},{"id":2403,"url":"https:\/\/www.vnucka.sk\/index.php\/2021\/12\/23\/prekvapenie-pred-vianocami\/","url_meta":{"origin":742,"position":1},"title":"Prekvapenie pred Vianocami","date":"23. decembra 2021","format":false,"excerpt":"https:\/\/youtu.be\/Df2ap2QUAEE P\u00e1r hod\u00edn pred Vianocami, pr\u00edjemn\u00e9 \u0161okov\u00e9 PREKVAPENIE! V kancel\u00e1rii Slovenskej in\u0161pekcie \u017eivotn\u00e9ho prostredia, zo\u010di vo\u010di gener\u00e1lnemu riadite\u013eovi J\u00e1novi Jen\u010dovi, Tamare Lesnej z tla\u010dov\u00e9ho odboru a in\u0161pektorke ochrany v\u00f4d Anke Pivar\u010diovej. Ten poh\u013ead na dlh\u00fd rokovac\u00ed st\u00f4l v zasada\u010dke si budem dlho pam\u00e4ta\u0165. Bol na \u0148om v\u00fdsledok nieko\u013ekod\u0148ovej pr\u00e1ce stoviek\u2026","rel":"","context":"V &quot;be\u017en\u00fd \u017eivot&quot;","img":{"alt_text":"","src":"https:\/\/i0.wp.com\/img.youtube.com\/vi\/Df2ap2QUAEE\/0.jpg?resize=350%2C200","width":350,"height":200},"classes":[]},{"id":2436,"url":"https:\/\/www.vnucka.sk\/index.php\/2022\/08\/26\/davat-je-viac-ako-brat\/","url_meta":{"origin":742,"position":2},"title":"D\u00e1va\u0165 je viac ako bra\u0165","date":"26. augusta 2022","format":false,"excerpt":"Rann\u00e9 prebudenie so silne \u0161kriabaj\u00facim hrdlom, slabos\u0165ou v svaloch a hor\u00fa\u010dkou signalizovalo, \u017ee najbli\u0161ie dni str\u00e1vim v\u00e1\u013ean\u00edm sa v posteli s pr\u00edjemne neodolate\u013enou spolo\u010dnos\u0165ou chr\u00edpkov\u00fdch bacilov. A to ma dnes \u010dakali lango\u0161e u babi\u010dky Moniky, ktor\u00e1 sa za desa\u0165ro\u010dia pr\u00edprav tohto jedla vypracovalana experta, hodn\u00e9ho robi\u0165 rozhodcu v gastronomick\u00fdch s\u00fa\u0165a\u017eiach\u2026","rel":"","context":"V &quot;be\u017en\u00fd \u017eivot&quot;","img":{"alt_text":"","src":"","width":0,"height":0},"classes":[]},{"id":1703,"url":"https:\/\/www.vnucka.sk\/index.php\/2018\/12\/23\/myslienky-srdca-k-vianociam\/","url_meta":{"origin":742,"position":3},"title":"My\u0161lienky srdca k Vianociam","date":"23. decembra 2018","format":false,"excerpt":"Posielame slov\u00e1 zo srdca, nech si n\u00e1jdu cestu k Va\u0161im srdie\u010dkam. Nech s\u00fa v na\u0161ich \u017eivotoch st\u00e1le Vianoce ... Kr\u00e1sne Vianoce \u017eel\u00e1 seniorsk\u00e1 rodinka vnu\u010dky Janky. https:\/\/youtu.be\/DJzt2k1Uppw","rel":"","context":"V &quot;be\u017en\u00fd \u017eivot&quot;","img":{"alt_text":"","src":"https:\/\/i0.wp.com\/www.vnucka.sk\/wp-content\/uploads\/2018\/12\/babky_vianoce-1-e1545488846732.jpg?resize=350%2C200","width":350,"height":200},"classes":[]},{"id":2389,"url":"https:\/\/www.vnucka.sk\/index.php\/2021\/11\/29\/prines-oblubeny-predmet\/","url_meta":{"origin":742,"position":4},"title":"Prines ob\u013e\u00faben\u00fd predmet","date":"29. novembra 2021","format":false,"excerpt":"Zima je ve\u013emi ponur\u00e9 obdobie v \u017eivote ka\u017ed\u00e9ho seniora. Vonku je chladno, \u0161myk\u013eavo, skoro prich\u00e1dza tma. Nie je v\u00f4bec jednoduch\u00e9 sa niekam presun\u00fa\u0165 pre zdrav\u00e9ho \u010dloveka, nieto e\u0161te pre seniora s pr\u00edpadn\u00fdm pohybov\u00fdm handicapom. Seniori sa aj medzi sebou nav\u0161tevuj\u00fa pomenej, viac si telefonuj\u00fa, t\u00ed sk\u00fasenej\u0161\u00ed skypuj\u00fa, facebookuj\u00fa ale ni\u010d\u2026","rel":"","context":"V &quot;be\u017en\u00fd \u017eivot&quot;","img":{"alt_text":"","src":"https:\/\/i0.wp.com\/www.vnucka.sk\/wp-content\/uploads\/2021\/12\/prinespredmet.jpg?resize=350%2C200&ssl=1","width":350,"height":200},"classes":[]},{"id":1747,"url":"https:\/\/www.vnucka.sk\/index.php\/2019\/01\/29\/kristalove-kridlo-2018\/","url_meta":{"origin":742,"position":5},"title":"Kri\u0161t\u00e1\u013eov\u00e9 kr\u00eddlo 2018","date":"29. janu\u00e1ra 2019","format":false,"excerpt":"Prest\u00ed\u017ene ocenenie ude\u013eovan\u00e9 osobnostiam Slovenska u\u017e od roku 1997. V nede\u013eu 27. janu\u00e1ra 2019 som zrazu st\u00e1la na podiu v Slovenskom n\u00e1rodnom divadle a dr\u017eala t\u00fa krehk\u00fa sklenen\u00fa kr\u00e1su Kri\u0161t\u00e1lov\u00e9ho kr\u00eddla v ruke ako laure\u00e1tka Filantropie za rok 2018. Ke\u010f som za\u010dula svoje meno, myslela som, \u017ee to je sen.\u2026","rel":"","context":"V &quot;be\u017en\u00fd \u017eivot&quot;","img":{"alt_text":"","src":"https:\/\/i0.wp.com\/www.vnucka.sk\/wp-content\/uploads\/2019\/01\/laureati.jpg?resize=350%2C200","width":350,"height":200},"classes":[]}],"jetpack_likes_enabled":false,"_links":{"self":[{"href":"https:\/\/www.vnucka.sk\/index.php\/wp-json\/wp\/v2\/posts\/742"}],"collection":[{"href":"https:\/\/www.vnucka.sk\/index.php\/wp-json\/wp\/v2\/posts"}],"about":[{"href":"https:\/\/www.vnucka.sk\/index.php\/wp-json\/wp\/v2\/types\/post"}],"author":[{"embeddable":true,"href":"https:\/\/www.vnucka.sk\/index.php\/wp-json\/wp\/v2\/users\/1"}],"replies":[{"embeddable":true,"href":"https:\/\/www.vnucka.sk\/index.php\/wp-json\/wp\/v2\/comments?post=742"}],"version-history":[{"count":8,"href":"https:\/\/www.vnucka.sk\/index.php\/wp-json\/wp\/v2\/posts\/742\/revisions"}],"predecessor-version":[{"id":751,"href":"https:\/\/www.vnucka.sk\/index.php\/wp-json\/wp\/v2\/posts\/742\/revisions\/751"}],"wp:attachment":[{"href":"https:\/\/www.vnucka.sk\/index.php\/wp-json\/wp\/v2\/media?parent=742"}],"wp:term":[{"taxonomy":"category","embeddable":true,"href":"https:\/\/www.vnucka.sk\/index.php\/wp-json\/wp\/v2\/categories?post=742"},{"taxonomy":"post_tag","embeddable":true,"href":"https:\/\/www.vnucka.sk\/index.php\/wp-json\/wp\/v2\/tags?post=742"}],"curies":[{"name":"wp","href":"https:\/\/api.w.org\/{rel}","templated":true}]}}