{"id":753,"date":"2017-12-23T07:57:56","date_gmt":"2017-12-23T06:57:56","guid":{"rendered":"http:\/\/www.vnucka.sk\/?p=753"},"modified":"2018-11-28T21:06:58","modified_gmt":"2018-11-28T20:06:58","slug":"vianocne-zelania-senioriek","status":"publish","type":"post","link":"https:\/\/www.vnucka.sk\/index.php\/2017\/12\/23\/vianocne-zelania-senioriek\/","title":{"rendered":"Viano\u010dn\u00e9 \u017eelania seniorov"},"content":{"rendered":"<p>Kr\u00e1sne Vianoce v kruhu svojich najbli\u017e\u0161\u00edch, s \u00faprimn\u00fdmi zo srdca vych\u00e1dzaj\u00facimi \u017eelaniami babi\u010diek a dedu\u0161kov, \u017eel\u00e1 ve\u013ek\u00e1 seniorsk\u00e1 rodina vnu\u010dky Janky a \u0161peci\u00e1lne pre seniorov aj Viano\u010dn\u00fd pozdrav prim\u00e1tora mesta B\u00e1novce nad Bebravou.<\/p>\n<p><img data-attachment-id=\"755\" data-permalink=\"https:\/\/www.vnucka.sk\/index.php\/2017\/12\/23\/vianocne-zelania-senioriek\/foto4seniors\/\" data-orig-file=\"https:\/\/www.vnucka.sk\/wp-content\/uploads\/2017\/12\/foto4seniors.jpg\" data-orig-size=\"1040,584\" data-comments-opened=\"1\" data-image-meta=\"{&quot;aperture&quot;:&quot;0&quot;,&quot;credit&quot;:&quot;static&quot;,&quot;camera&quot;:&quot;&quot;,&quot;caption&quot;:&quot;&quot;,&quot;created_timestamp&quot;:&quot;1514016285&quot;,&quot;copyright&quot;:&quot;&quot;,&quot;focal_length&quot;:&quot;0&quot;,&quot;iso&quot;:&quot;0&quot;,&quot;shutter_speed&quot;:&quot;0&quot;,&quot;title&quot;:&quot;&quot;,&quot;orientation&quot;:&quot;0&quot;}\" data-image-title=\"foto4seniors\" data-image-description=\"\" data-image-caption=\"\" data-medium-file=\"https:\/\/www.vnucka.sk\/wp-content\/uploads\/2017\/12\/foto4seniors-300x168.jpg\" data-large-file=\"https:\/\/www.vnucka.sk\/wp-content\/uploads\/2017\/12\/foto4seniors-1024x575.jpg\" loading=\"lazy\" class=\"size-large wp-image-755 aligncenter\" src=\"http:\/\/www.vnucka.sk\/wp-content\/uploads\/2017\/12\/foto4seniors-1024x575.jpg\" alt=\"\" width=\"605\" height=\"340\" srcset=\"https:\/\/www.vnucka.sk\/wp-content\/uploads\/2017\/12\/foto4seniors-1024x575.jpg 1024w, https:\/\/www.vnucka.sk\/wp-content\/uploads\/2017\/12\/foto4seniors-300x168.jpg 300w, https:\/\/www.vnucka.sk\/wp-content\/uploads\/2017\/12\/foto4seniors-768x431.jpg 768w, https:\/\/www.vnucka.sk\/wp-content\/uploads\/2017\/12\/foto4seniors-100x56.jpg 100w, https:\/\/www.vnucka.sk\/wp-content\/uploads\/2017\/12\/foto4seniors-150x84.jpg 150w, https:\/\/www.vnucka.sk\/wp-content\/uploads\/2017\/12\/foto4seniors-200x112.jpg 200w, https:\/\/www.vnucka.sk\/wp-content\/uploads\/2017\/12\/foto4seniors-450x253.jpg 450w, https:\/\/www.vnucka.sk\/wp-content\/uploads\/2017\/12\/foto4seniors-600x337.jpg 600w, https:\/\/www.vnucka.sk\/wp-content\/uploads\/2017\/12\/foto4seniors-900x505.jpg 900w, https:\/\/www.vnucka.sk\/wp-content\/uploads\/2017\/12\/foto4seniors.jpg 1040w\" sizes=\"(max-width: 605px) 100vw, 605px\" \/><br \/>\n<div id=\"my_video_gallery_wrapper_13\" class=\"clearfix gallery-video-content\"\r\n     data-gallery-video-id=\"13\" data-gallery-video-perpage=\"5\">\r\n\t<div id=\"my_video_gallery_13\"\r\n\t     class=\"clearfix my_video_gallery view-justified\">\r\n\t\t<input type=\"hidden\" id=\"total\" value=\"1\"\/>\r\n\t\t\t\t\t\t<a class=\"vyoutube huge_it_videogallery_item group13\"\r\n\t\t\t\t   href=\"\/\/www.youtube.com\/embed\/qfJhZ3z4K38\"\r\n                   data-description=\"www.vnucka.sk \"\r\n                   title=\"Viano\u010dn\u00e9 \u017eelania\" data-id=\"21\">\r\n\t\t\t\t\t<img src=\"\/\/img.youtube.com\/vi\/qfJhZ3z4K38\/mqdefault.jpg\"\r\n\t\t\t\t\t     alt=\"Viano\u010dn\u00e9 \u017eelania\"\/>\r\n\t\t\t\t\t<div class=\"play-icon youtube-icon\"><\/div>\r\n\t\t\t\t<\/a>\r\n\t\t\t\t<input type=\"hidden\" class=\"pagenum\" value=\"1\"\/>\r\n\t\t\t\t<\/div>\r\n\t<\/div><style>\r\n.justified-gallery {\r\n\twidth: 100%;\r\n\tposition: relative;\r\n\toverflow: hidden;\r\n}\r\n.justified-gallery > a,\r\n.justified-gallery > div {\r\n\tposition: absolute;\r\n\tdisplay: inline-block;\r\n\topacity: 0;\r\n\toverflow:hidden;\r\n\tfilter: alpha(opacity=0);\r\n\t\/* IE8 or Earlier *\/\r\n}\r\n.justified-gallery > a > img,\r\n.justified-gallery > div > img {\r\n\tposition: absolute;\r\n\ttop: 50%;\r\n\tleft: 50%;\r\n\tpadding: 0;\r\n}\r\n.justified-gallery > a > .caption,\r\n.justified-gallery > div > .caption {\r\n\twidth: 100%;\r\n\tdisplay: none;\r\n\tposition: absolute;\r\n\tbottom: 0;\r\n\tpadding: 5px;\r\n\tleft: 0;\r\n\tright: 0;\r\n\tmargin: 0;\r\n\tcolor: #3AD6FC;\r\n\tfont-size: 13px;\r\n\tfont-weight: 300;\r\n\tfont-family: sans-serif;\r\n\tbackground:rgba(255,28,28,0.9)  !important;\r\n\r\n\toverflow: hidden;\r\n\ttext-overflow: ellipsis;\r\n\twhite-space:nowrap;\r\n}\r\n.justified-gallery > a > .caption.caption-visible,\r\n.justified-gallery > div > .caption.caption-visible {\r\n\tdisplay: initial;\r\n\topacity: 0.7;\r\n\tfilter: \"alpha(opacity=70)\";\r\n\t\/* IE8 or Earlier *\/\r\n\t-webkit-animation: justified-gallery-show-caption-animation 500ms 0 ease;\r\n\t-moz-animation: justified-gallery-show-caption-animation 500ms 0 ease;\r\n\t-ms-animation: justified-gallery-show-caption-animation 500ms 0 ease;\r\n}\r\n.justified-gallery > .entry-visible {\r\n\topacity: 1.0;\r\n\tfilter: alpha(opacity=100);\r\n\t\/* IE8 or Earlier *\/\r\n\t-webkit-animation: justified-gallery-show-entry-animation 300ms 0 ease;\r\n\t-moz-animation: justified-gallery-show-entry-animation 300ms 0 ease;\r\n\t-ms-animation: justified-gallery-show-entry-animation 300ms 0 ease;\r\n\tborder: none !important;\r\n}\r\n.justified-gallery > .spinner {\r\n\tposition: absolute;\r\n\tbottom: 0;\r\n\tmargin-left: -24px;\r\n\tpadding: 10px 0 10px 0;\r\n\tleft: 50%;\r\n\topacity: initial;\r\n\tfilter: initial;\r\n\toverflow: initial;\r\n}\r\n.justified-gallery > .spinner > span {\r\n\tdisplay: inline-block;\r\n\topacity: 0;\r\n\tfilter: alpha(opacity=0);\r\n\t\/* IE8 or Earlier *\/\r\n\twidth: 8px;\r\n\theight: 8px;\r\n\tmargin: 0 4px 0 4px;\r\n\tbackground-color: #000;\r\n\tborder-top-left-radius: 6px;\r\n\tborder-top-right-radius: 6px;\r\n\tborder-bottom-right-radius: 6px;\r\n\tborder-bottom-left-radius: 6px;\r\n}\r\n.load_more2 {\r\n\tmargin: 10px 0;\r\n\tposition:relative;\r\n\ttext-align:center;\r\n\twidth:100%;\r\n}\r\n\r\n.load_more_button2 {\r\n\tborder-radius: 10px;\r\n\tdisplay:inline-block;\r\n\tpadding:5px 15px;\r\n\tfont-size:14px !important;;\r\n\tcolor:#FF1C1C !important;;\r\n\tbackground:#26A6FC !important;\r\n\tcursor:pointer;\r\n\r\n}\r\n.load_more_button2:hover{\r\n\tcolor:#FF4242 !important;\r\n\tbackground:#0FEFFF !important;\r\n}\r\n\r\n.loading2 {\r\n\tdisplay:none;\r\n}\r\n.paginate2{\r\n\tfont-size:18px !important;\r\n\tcolor:#26A6FC !important;\r\n\ttext-align: center;\r\n\tmargin-top: 25px;\r\n}\r\n.paginate2 a{\r\n\tborder-bottom: none !important;\r\n\tbox-shadow: none !important;\r\n}\r\n.icon-style2{\r\n\tfont-size: 18px !important;\r\n\tcolor:#26A6FC !important;\r\n}\r\n.clear{\r\n\tclear:both;\r\n}\r\n.play-icon {\r\n\tposition:absolute;\r\n\ttop:0;\r\n\tleft:0;\r\n\twidth:100%;\r\n\theight:100%;\r\n}\r\n\r\n.play-icon.youtube-icon {background:url(https:\/\/www.vnucka.sk\/wp-content\/plugins\/gallery-video\/assets\/images\/admin_images\/play.youtube.png) center center no-repeat;background-size:20%;}\r\n.play-icon.vimeo-icon {background:url(https:\/\/www.vnucka.sk\/wp-content\/plugins\/gallery-video\/assets\/images\/admin_images\/play.vimeo.png) center center no-repeat;background-size:20%;}\r\n\r\n<\/style><br \/>\n<div id=\"polls-17\" class=\"wp-polls\">\n\t<form id=\"polls_form_17\" class=\"wp-polls-form\" action=\"\/index.php\" method=\"post\">\n\t\t<p style=\"display: none;\"><input type=\"hidden\" id=\"poll_17_nonce\" name=\"wp-polls-nonce\" value=\"8734ae6f7e\" \/><\/p>\n\t\t<p style=\"display: none;\"><input type=\"hidden\" name=\"poll_id\" value=\"17\" \/><\/p>\n\t\t<p style=\"text-align: center\"><strong>Hodnotenie pr\u00edspevku :<\/strong><\/p><div id=\"polls-17-ans\" class=\"wp-polls-ans\"><ul class=\"wp-polls-ul\">\n\t\t<li><input type=\"radio\" id=\"poll-answer-53\" name=\"poll_17\" value=\"53\" \/> <label for=\"poll-answer-53\">\u00da\u017easn\u00fd obsah, pros\u00edm viac tak\u00fdch<\/label><\/li>\n\t\t<li><input type=\"radio\" id=\"poll-answer-54\" name=\"poll_17\" value=\"54\" \/> <label for=\"poll-answer-54\">V pohode, ako relax na odreagovanie<\/label><\/li>\n\t\t<li><input type=\"radio\" id=\"poll-answer-55\" name=\"poll_17\" value=\"55\" \/> <label for=\"poll-answer-55\">Pr\u00edjemn\u00fd \u0161tandard, mo\u017eno trochu o\u017eivi\u0165<\/label><\/li>\n\t\t<\/ul>\r\n<p style=\"text-align: center\"><input type=\"button\" name=\"Hlasova\u0165\/Vote\" value=\"   Hlasova\u0165\/Vote   \" class=\"Buttons\" onclick=\"poll_vote(17);\" \/><\/p>\r\n<p style=\"text-align: center\"><a href=\"#ViewPollResults\" onclick=\"poll_result(17); return false;\" title=\"View Results Of This Poll\">Zobrazi\u0165 v\u00fdsledky\/Results<\/a><\/p>\r\n<\/div>\n\t<\/form>\n<\/div>\n<div id=\"polls-17-loading\" class=\"wp-polls-loading\"><img src=\"https:\/\/www.vnucka.sk\/wp-content\/plugins\/wp-polls\/images\/loading.gif\" width=\"16\" height=\"16\" alt=\"Loading ...\" title=\"Loading ...\" class=\"wp-polls-image\" \/>&nbsp;Loading ...<\/div>\n<\/p>\n","protected":false},"excerpt":{"rendered":"<p>Kr\u00e1sne Vianoce v kruhu svojich najbli\u017e\u0161\u00edch, s \u00faprimn\u00fdmi zo srdca vych\u00e1dzaj\u00facimi \u017eelaniami babi\u010diek a dedu\u0161kov, \u017eel\u00e1 ve\u013ek\u00e1 seniorsk\u00e1 rodina vnu\u010dky Janky a \u0161peci\u00e1lne pre seniorov aj Viano\u010dn\u00fd pozdrav prim\u00e1tora mesta B\u00e1novce nad Bebravou.<\/p>\n","protected":false},"author":1,"featured_media":0,"comment_status":"closed","ping_status":"open","sticky":false,"template":"","format":"standard","meta":{"jetpack_publicize_message":"","jetpack_is_tweetstorm":false,"jetpack_publicize_feature_enabled":true},"categories":[5],"tags":[],"jetpack_publicize_connections":[],"jetpack_featured_media_url":"","jetpack_sharing_enabled":true,"jetpack_shortlink":"https:\/\/wp.me\/p9gi65-c9","jetpack-related-posts":[{"id":1311,"url":"https:\/\/www.vnucka.sk\/index.php\/2018\/11\/19\/ministerska-navsteva-u-seniorov\/","url_meta":{"origin":753,"position":0},"title":"Ministersk\u00e1 n\u00e1v\u0161teva u seniorov","date":"19. novembra 2018","format":false,"excerpt":"V mene rast\u00facej \" seniorskej rodinky vnu\u010dky Janky \" \u010eAKUJEM za dne\u0161n\u00fa n\u00e1v\u0161tevu v B\u00e1novciach nad Bebravou \u0161t\u00e1tnemu tajomn\u00edkovi Ministerstva pr\u00e1ce soci\u00e1lnych vec\u00ed a rodiny - p\u00e1novi Ivanovi \u0160vejnovi, ktor\u00fd sa pri\u0161iel osobne pozrie\u0165, ako funguje projekt VNU\u010cKA.sk vytv\u00e1raj\u00faci RODINU pre osamel\u00fdch seniorov. \u2764\ufe0f\u2764\ufe0f\u2764\ufe0f Babi\u010dky Martu\u0161ka, Darinka, Ani\u010dka, Terka a\u2026","rel":"","context":"V &quot;be\u017en\u00fd \u017eivot&quot;","img":{"alt_text":"","src":"https:\/\/i0.wp.com\/www.vnucka.sk\/wp-content\/uploads\/2018\/11\/20181120_113545.jpg?resize=350%2C200","width":350,"height":200},"classes":[]},{"id":1966,"url":"https:\/\/www.vnucka.sk\/index.php\/2019\/10\/15\/tam-kde-je-vzdy-veselo\/","url_meta":{"origin":753,"position":1},"title":"Tam, kde je v\u017edy veselo","date":"15. okt\u00f3bra 2019","format":false,"excerpt":"Ke\u010f sa stretn\u00fa nad\u0161en\u00ed \u013eudia dobrej v\u00f4le, ni\u010d ich nezastav\u00ed v pl\u00e1ne dopravi\u0165 sa na 3 aut\u00e1ch do domova pre seniorov Pokoj a Zdravie v Nitrianskej Strede a roztancova\u0165 v\u0161etk\u00fdch vr\u00e1tane person\u00e1lu \u010di seniorov na voz\u00edkoch! Ve\u013ek\u00e9 \u010eAKUJEM patr\u00ed dobrovo\u013en\u00ed\u010dkam \u010cerven\u00e9ho kr\u00ed\u017ea B\u00e1novce nad Bebravou pod veden\u00edm MUDr. Hoffmanovej a\u2026","rel":"","context":"V &quot;be\u017en\u00fd \u017eivot&quot;","img":{"alt_text":"","src":"https:\/\/i0.wp.com\/www.vnucka.sk\/wp-content\/uploads\/2019\/10\/20191003_082802.jpg?resize=350%2C200&ssl=1","width":350,"height":200},"classes":[]},{"id":1143,"url":"https:\/\/www.vnucka.sk\/index.php\/2018\/10\/10\/vnucka-je-socialny-cin-roku-2018\/","url_meta":{"origin":753,"position":2},"title":"Vnu\u010dka je soci\u00e1lny \u010din roku 2018!","date":"10. okt\u00f3bra 2018","format":false,"excerpt":"V t\u00fdchto d\u0148och oslavuje Vnu\u010dka.sk, ktor\u00e1 vytv\u00e1ra RODINU pre osamel\u00fdch seniorov svoje prv\u00e9 v\u00fdro\u010die priatelia ... 9. okt\u00f3ber 2018 mi zostane nav\u017edy zap\u00edsan\u00fd v ka\u017edej bunke, preto\u017ee sa mi ani nesn\u00edvalo, \u017ee presne o ROK, kedy som nesmelo v oktobri 2017 publikovala prv\u00fd pr\u00edspevok o dedkovi Tiborovi, ktor\u00fd ma in\u0161piroval,\u2026","rel":"","context":"V &quot;be\u017en\u00fd \u017eivot&quot;","img":{"alt_text":"","src":"https:\/\/i0.wp.com\/www.vnucka.sk\/wp-content\/uploads\/2018\/10\/43623075_10155927926977709_900662471696580608_n.jpg?resize=350%2C200","width":350,"height":200},"classes":[]},{"id":2306,"url":"https:\/\/www.vnucka.sk\/index.php\/2020\/12\/23\/vianocny-naklad-radosti\/","url_meta":{"origin":753,"position":3},"title":"Viano\u010dn\u00fd n\u00e1klad radosti","date":"23. decembra 2020","format":false,"excerpt":"Rados\u0165 z obdarovania osamel\u00fdch seniorov je neop\u00edsate\u013en\u00e1. Mnoh\u00ed nedostali dlh\u00fd \u010das ani poh\u013eadnicu, nieto e\u0161te dar\u010dek. Bez slzi\u010diek dojatia to v t\u00fdchto chv\u00ed\u013each nejde. Tento rok nie jedno ako minul\u00fd rok, ale DVE pln\u00e9 aut\u00e1 pri\u0161li s n\u00e1kladom viano\u010dn\u00fdch dar\u010dekov. Jedno od Ministerstva vn\u00fatra SR, kde zamestnanci pre n\u00e1\u0161 projekt\u2026","rel":"","context":"V &quot;be\u017en\u00fd \u017eivot&quot;","img":{"alt_text":"","src":"https:\/\/i0.wp.com\/www.vnucka.sk\/wp-content\/uploads\/2020\/12\/20201223_135947-scaled.jpg?resize=350%2C200&ssl=1","width":350,"height":200},"classes":[]},{"id":762,"url":"https:\/\/www.vnucka.sk\/index.php\/2017\/12\/31\/pf-2018\/","url_meta":{"origin":753,"position":4},"title":"PF 2018 Nov\u00fd rok","date":"31. decembra 2017","format":false,"excerpt":"Ve\u013ek\u00e9 \u010eAKUJEM, v\u0161etk\u00fdm \u013eudom dobrej v\u00f4le, ktor\u00ed mi s rozvojom projektu VNU\u010cKA, vytv\u00e1raj\u00faceho rodinu pre osamel\u00fdch seniorov, pom\u00e1hali v kon\u010diacom roku 2017. Do Nov\u00e9ho roku 2018 m\u00e1m pre V\u00e1s jedno \u0161peci\u00e1lne videjko \u017eelanie ...","rel":"","context":"V &quot;be\u017en\u00fd \u017eivot&quot;","img":{"alt_text":"","src":"https:\/\/i0.wp.com\/www.vnucka.sk\/wp-content\/uploads\/2017\/12\/janka2018.jpg?resize=350%2C200","width":350,"height":200},"classes":[]},{"id":1959,"url":"https:\/\/www.vnucka.sk\/index.php\/2019\/10\/13\/tam-kde-sa-dobre-zije\/","url_meta":{"origin":753,"position":5},"title":"Tam, kde sa dobre \u017eije","date":"13. okt\u00f3bra 2019","format":false,"excerpt":"\u010eakujeme za n\u00e1dherne str\u00e1ven\u00fd \u010das v domove pre seniorov K\u0161inn\u00e1, kde sme boli s mojou ob\u013e\u00fabenou seniorkou Elenkou nielen zahra\u0165 a zaspieva\u0165 babi\u010dk\u00e1m a dedu\u0161kovi. Obetav\u00e1 starostlivos\u0165 o seniorov pod veden\u00edm pani riadite\u013eky Mgr. Marty Hrubej a z\u00e1stupkyne Mgr. Veroniky Hudecovej je v tomto domove absol\u00fatne TOP! \u2764\ufe0f\u2764\ufe0f\u2764\ufe0f U\u017e sa\u2026","rel":"","context":"V &quot;be\u017en\u00fd \u017eivot&quot;","img":{"alt_text":"","src":"https:\/\/i0.wp.com\/www.vnucka.sk\/wp-content\/uploads\/2019\/10\/20190902_120718.jpg?resize=350%2C200&ssl=1","width":350,"height":200},"classes":[]}],"jetpack_likes_enabled":false,"_links":{"self":[{"href":"https:\/\/www.vnucka.sk\/index.php\/wp-json\/wp\/v2\/posts\/753"}],"collection":[{"href":"https:\/\/www.vnucka.sk\/index.php\/wp-json\/wp\/v2\/posts"}],"about":[{"href":"https:\/\/www.vnucka.sk\/index.php\/wp-json\/wp\/v2\/types\/post"}],"author":[{"embeddable":true,"href":"https:\/\/www.vnucka.sk\/index.php\/wp-json\/wp\/v2\/users\/1"}],"replies":[{"embeddable":true,"href":"https:\/\/www.vnucka.sk\/index.php\/wp-json\/wp\/v2\/comments?post=753"}],"version-history":[{"count":6,"href":"https:\/\/www.vnucka.sk\/index.php\/wp-json\/wp\/v2\/posts\/753\/revisions"}],"predecessor-version":[{"id":760,"href":"https:\/\/www.vnucka.sk\/index.php\/wp-json\/wp\/v2\/posts\/753\/revisions\/760"}],"wp:attachment":[{"href":"https:\/\/www.vnucka.sk\/index.php\/wp-json\/wp\/v2\/media?parent=753"}],"wp:term":[{"taxonomy":"category","embeddable":true,"href":"https:\/\/www.vnucka.sk\/index.php\/wp-json\/wp\/v2\/categories?post=753"},{"taxonomy":"post_tag","embeddable":true,"href":"https:\/\/www.vnucka.sk\/index.php\/wp-json\/wp\/v2\/tags?post=753"}],"curies":[{"name":"wp","href":"https:\/\/api.w.org\/{rel}","templated":true}]}}