{"id":762,"date":"2017-12-31T14:27:36","date_gmt":"2017-12-31T13:27:36","guid":{"rendered":"http:\/\/www.vnucka.sk\/?p=762"},"modified":"2018-11-28T21:06:49","modified_gmt":"2018-11-28T20:06:49","slug":"pf-2018","status":"publish","type":"post","link":"https:\/\/www.vnucka.sk\/index.php\/2017\/12\/31\/pf-2018\/","title":{"rendered":"PF 2018 Nov\u00fd rok"},"content":{"rendered":"<p>Ve\u013ek\u00e9 \u010eAKUJEM, v\u0161etk\u00fdm \u013eudom dobrej v\u00f4le, ktor\u00ed mi s rozvojom projektu VNU\u010cKA, vytv\u00e1raj\u00faceho rodinu pre osamel\u00fdch seniorov, pom\u00e1hali v kon\u010diacom roku 2017.<\/p>\n<p>Do Nov\u00e9ho roku 2018 m\u00e1m pre V\u00e1s jedno \u0161peci\u00e1lne videjko \u017eelanie &#8230;<\/p>\n<p><img data-attachment-id=\"767\" data-permalink=\"https:\/\/www.vnucka.sk\/index.php\/2017\/12\/31\/pf-2018\/janka2018\/\" data-orig-file=\"https:\/\/www.vnucka.sk\/wp-content\/uploads\/2017\/12\/janka2018.jpg\" data-orig-size=\"1018,567\" data-comments-opened=\"1\" data-image-meta=\"{&quot;aperture&quot;:&quot;0&quot;,&quot;credit&quot;:&quot;&quot;,&quot;camera&quot;:&quot;&quot;,&quot;caption&quot;:&quot;&quot;,&quot;created_timestamp&quot;:&quot;0&quot;,&quot;copyright&quot;:&quot;&quot;,&quot;focal_length&quot;:&quot;0&quot;,&quot;iso&quot;:&quot;0&quot;,&quot;shutter_speed&quot;:&quot;0&quot;,&quot;title&quot;:&quot;&quot;,&quot;orientation&quot;:&quot;0&quot;}\" data-image-title=\"janka2018\" data-image-description=\"\" data-image-caption=\"\" data-medium-file=\"https:\/\/www.vnucka.sk\/wp-content\/uploads\/2017\/12\/janka2018-300x167.jpg\" data-large-file=\"https:\/\/www.vnucka.sk\/wp-content\/uploads\/2017\/12\/janka2018.jpg\" loading=\"lazy\" class=\"size-full wp-image-767 aligncenter\" src=\"http:\/\/www.vnucka.sk\/wp-content\/uploads\/2017\/12\/janka2018.jpg\" alt=\"\" width=\"1018\" height=\"567\" srcset=\"https:\/\/www.vnucka.sk\/wp-content\/uploads\/2017\/12\/janka2018.jpg 1018w, https:\/\/www.vnucka.sk\/wp-content\/uploads\/2017\/12\/janka2018-300x167.jpg 300w, https:\/\/www.vnucka.sk\/wp-content\/uploads\/2017\/12\/janka2018-768x428.jpg 768w, https:\/\/www.vnucka.sk\/wp-content\/uploads\/2017\/12\/janka2018-100x56.jpg 100w, https:\/\/www.vnucka.sk\/wp-content\/uploads\/2017\/12\/janka2018-150x84.jpg 150w, https:\/\/www.vnucka.sk\/wp-content\/uploads\/2017\/12\/janka2018-200x111.jpg 200w, https:\/\/www.vnucka.sk\/wp-content\/uploads\/2017\/12\/janka2018-450x251.jpg 450w, https:\/\/www.vnucka.sk\/wp-content\/uploads\/2017\/12\/janka2018-600x334.jpg 600w, https:\/\/www.vnucka.sk\/wp-content\/uploads\/2017\/12\/janka2018-900x501.jpg 900w\" sizes=\"(max-width: 1018px) 100vw, 1018px\" \/><\/p>\n<p><div id=\"my_video_gallery_wrapper_14\" class=\"clearfix gallery-video-content\"\r\n     data-gallery-video-id=\"14\" data-gallery-video-perpage=\"5\">\r\n\t<div id=\"my_video_gallery_14\"\r\n\t     class=\"clearfix my_video_gallery view-justified\">\r\n\t\t<input type=\"hidden\" id=\"total\" value=\"1\"\/>\r\n\t\t\t\t\t\t<a class=\"vyoutube huge_it_videogallery_item group14\"\r\n\t\t\t\t   href=\"\/\/www.youtube.com\/embed\/WYqWe3Opkl4\"\r\n                   data-description=\"\"\r\n                   title=\"PF 2018\" data-id=\"22\">\r\n\t\t\t\t\t<img src=\"\/\/img.youtube.com\/vi\/WYqWe3Opkl4\/mqdefault.jpg\"\r\n\t\t\t\t\t     alt=\"PF 2018\"\/>\r\n\t\t\t\t\t<div class=\"play-icon youtube-icon\"><\/div>\r\n\t\t\t\t<\/a>\r\n\t\t\t\t<input type=\"hidden\" class=\"pagenum\" value=\"1\"\/>\r\n\t\t\t\t<\/div>\r\n\t<\/div><style>\r\n.justified-gallery {\r\n\twidth: 100%;\r\n\tposition: relative;\r\n\toverflow: hidden;\r\n}\r\n.justified-gallery > a,\r\n.justified-gallery > div {\r\n\tposition: absolute;\r\n\tdisplay: inline-block;\r\n\topacity: 0;\r\n\toverflow:hidden;\r\n\tfilter: alpha(opacity=0);\r\n\t\/* IE8 or Earlier *\/\r\n}\r\n.justified-gallery > a > img,\r\n.justified-gallery > div > img {\r\n\tposition: absolute;\r\n\ttop: 50%;\r\n\tleft: 50%;\r\n\tpadding: 0;\r\n}\r\n.justified-gallery > a > .caption,\r\n.justified-gallery > div > .caption {\r\n\twidth: 100%;\r\n\tdisplay: none;\r\n\tposition: absolute;\r\n\tbottom: 0;\r\n\tpadding: 5px;\r\n\tleft: 0;\r\n\tright: 0;\r\n\tmargin: 0;\r\n\tcolor: #3AD6FC;\r\n\tfont-size: 13px;\r\n\tfont-weight: 300;\r\n\tfont-family: sans-serif;\r\n\tbackground:rgba(255,28,28,0.9)  !important;\r\n\r\n\toverflow: hidden;\r\n\ttext-overflow: ellipsis;\r\n\twhite-space:nowrap;\r\n}\r\n.justified-gallery > a > .caption.caption-visible,\r\n.justified-gallery > div > .caption.caption-visible {\r\n\tdisplay: initial;\r\n\topacity: 0.7;\r\n\tfilter: \"alpha(opacity=70)\";\r\n\t\/* IE8 or Earlier *\/\r\n\t-webkit-animation: justified-gallery-show-caption-animation 500ms 0 ease;\r\n\t-moz-animation: justified-gallery-show-caption-animation 500ms 0 ease;\r\n\t-ms-animation: justified-gallery-show-caption-animation 500ms 0 ease;\r\n}\r\n.justified-gallery > .entry-visible {\r\n\topacity: 1.0;\r\n\tfilter: alpha(opacity=100);\r\n\t\/* IE8 or Earlier *\/\r\n\t-webkit-animation: justified-gallery-show-entry-animation 300ms 0 ease;\r\n\t-moz-animation: justified-gallery-show-entry-animation 300ms 0 ease;\r\n\t-ms-animation: justified-gallery-show-entry-animation 300ms 0 ease;\r\n\tborder: none !important;\r\n}\r\n.justified-gallery > .spinner {\r\n\tposition: absolute;\r\n\tbottom: 0;\r\n\tmargin-left: -24px;\r\n\tpadding: 10px 0 10px 0;\r\n\tleft: 50%;\r\n\topacity: initial;\r\n\tfilter: initial;\r\n\toverflow: initial;\r\n}\r\n.justified-gallery > .spinner > span {\r\n\tdisplay: inline-block;\r\n\topacity: 0;\r\n\tfilter: alpha(opacity=0);\r\n\t\/* IE8 or Earlier *\/\r\n\twidth: 8px;\r\n\theight: 8px;\r\n\tmargin: 0 4px 0 4px;\r\n\tbackground-color: #000;\r\n\tborder-top-left-radius: 6px;\r\n\tborder-top-right-radius: 6px;\r\n\tborder-bottom-right-radius: 6px;\r\n\tborder-bottom-left-radius: 6px;\r\n}\r\n.load_more2 {\r\n\tmargin: 10px 0;\r\n\tposition:relative;\r\n\ttext-align:center;\r\n\twidth:100%;\r\n}\r\n\r\n.load_more_button2 {\r\n\tborder-radius: 10px;\r\n\tdisplay:inline-block;\r\n\tpadding:5px 15px;\r\n\tfont-size:14px !important;;\r\n\tcolor:#FF1C1C !important;;\r\n\tbackground:#26A6FC !important;\r\n\tcursor:pointer;\r\n\r\n}\r\n.load_more_button2:hover{\r\n\tcolor:#FF4242 !important;\r\n\tbackground:#0FEFFF !important;\r\n}\r\n\r\n.loading2 {\r\n\tdisplay:none;\r\n}\r\n.paginate2{\r\n\tfont-size:18px !important;\r\n\tcolor:#26A6FC !important;\r\n\ttext-align: center;\r\n\tmargin-top: 25px;\r\n}\r\n.paginate2 a{\r\n\tborder-bottom: none !important;\r\n\tbox-shadow: none !important;\r\n}\r\n.icon-style2{\r\n\tfont-size: 18px !important;\r\n\tcolor:#26A6FC !important;\r\n}\r\n.clear{\r\n\tclear:both;\r\n}\r\n.play-icon {\r\n\tposition:absolute;\r\n\ttop:0;\r\n\tleft:0;\r\n\twidth:100%;\r\n\theight:100%;\r\n}\r\n\r\n.play-icon.youtube-icon {background:url(https:\/\/www.vnucka.sk\/wp-content\/plugins\/gallery-video\/assets\/images\/admin_images\/play.youtube.png) center center no-repeat;background-size:20%;}\r\n.play-icon.vimeo-icon {background:url(https:\/\/www.vnucka.sk\/wp-content\/plugins\/gallery-video\/assets\/images\/admin_images\/play.vimeo.png) center center no-repeat;background-size:20%;}\r\n\r\n<\/style><br \/>\n<div id=\"polls-18\" class=\"wp-polls\">\n\t<form id=\"polls_form_18\" class=\"wp-polls-form\" action=\"\/index.php\" method=\"post\">\n\t\t<p style=\"display: none;\"><input type=\"hidden\" id=\"poll_18_nonce\" name=\"wp-polls-nonce\" value=\"21de70124c\" \/><\/p>\n\t\t<p style=\"display: none;\"><input type=\"hidden\" name=\"poll_id\" value=\"18\" \/><\/p>\n\t\t<p style=\"text-align: center\"><strong>Hodnotenie pr\u00edspevku :<\/strong><\/p><div id=\"polls-18-ans\" class=\"wp-polls-ans\"><ul class=\"wp-polls-ul\">\n\t\t<li><input type=\"radio\" id=\"poll-answer-56\" name=\"poll_18\" value=\"56\" \/> <label for=\"poll-answer-56\">\u00da\u017easn\u00fd obsah, pros\u00edm viac tak\u00fdch<\/label><\/li>\n\t\t<li><input type=\"radio\" id=\"poll-answer-57\" name=\"poll_18\" value=\"57\" \/> <label for=\"poll-answer-57\">V pohode, ako relax na odreagovanie<\/label><\/li>\n\t\t<li><input type=\"radio\" id=\"poll-answer-58\" name=\"poll_18\" value=\"58\" \/> <label for=\"poll-answer-58\">Pr\u00edjemn\u00fd \u0161tandard, mo\u017eno trochu o\u017eivi\u0165<\/label><\/li>\n\t\t<\/ul>\r\n<p style=\"text-align: center\"><input type=\"button\" name=\"Hlasova\u0165\/Vote\" value=\"   Hlasova\u0165\/Vote   \" class=\"Buttons\" onclick=\"poll_vote(18);\" \/><\/p>\r\n<p style=\"text-align: center\"><a href=\"#ViewPollResults\" onclick=\"poll_result(18); return false;\" title=\"View Results Of This Poll\">Zobrazi\u0165 v\u00fdsledky\/Results<\/a><\/p>\r\n<\/div>\n\t<\/form>\n<\/div>\n<div id=\"polls-18-loading\" class=\"wp-polls-loading\"><img src=\"https:\/\/www.vnucka.sk\/wp-content\/plugins\/wp-polls\/images\/loading.gif\" width=\"16\" height=\"16\" alt=\"Loading ...\" title=\"Loading ...\" class=\"wp-polls-image\" \/>&nbsp;Loading ...<\/div>\n<\/p>\n","protected":false},"excerpt":{"rendered":"<p>Ve\u013ek\u00e9 \u010eAKUJEM, v\u0161etk\u00fdm \u013eudom dobrej v\u00f4le, ktor\u00ed mi s rozvojom projektu VNU\u010cKA, vytv\u00e1raj\u00faceho rodinu pre osamel\u00fdch seniorov, pom\u00e1hali v kon\u010diacom roku 2017. Do Nov\u00e9ho roku 2018 m\u00e1m pre V\u00e1s jedno \u0161peci\u00e1lne videjko \u017eelanie &#8230;<\/p>\n","protected":false},"author":1,"featured_media":0,"comment_status":"closed","ping_status":"open","sticky":false,"template":"","format":"standard","meta":{"jetpack_publicize_message":"","jetpack_is_tweetstorm":false,"jetpack_publicize_feature_enabled":true},"categories":[5],"tags":[],"jetpack_publicize_connections":[],"jetpack_featured_media_url":"","jetpack_sharing_enabled":true,"jetpack_shortlink":"https:\/\/wp.me\/p9gi65-ci","jetpack-related-posts":[{"id":1143,"url":"https:\/\/www.vnucka.sk\/index.php\/2018\/10\/10\/vnucka-je-socialny-cin-roku-2018\/","url_meta":{"origin":762,"position":0},"title":"Vnu\u010dka je soci\u00e1lny \u010din roku 2018!","date":"10. okt\u00f3bra 2018","format":false,"excerpt":"V t\u00fdchto d\u0148och oslavuje Vnu\u010dka.sk, ktor\u00e1 vytv\u00e1ra RODINU pre osamel\u00fdch seniorov svoje prv\u00e9 v\u00fdro\u010die priatelia ... 9. okt\u00f3ber 2018 mi zostane nav\u017edy zap\u00edsan\u00fd v ka\u017edej bunke, preto\u017ee sa mi ani nesn\u00edvalo, \u017ee presne o ROK, kedy som nesmelo v oktobri 2017 publikovala prv\u00fd pr\u00edspevok o dedkovi Tiborovi, ktor\u00fd ma in\u0161piroval,\u2026","rel":"","context":"V &quot;be\u017en\u00fd \u017eivot&quot;","img":{"alt_text":"","src":"https:\/\/i0.wp.com\/www.vnucka.sk\/wp-content\/uploads\/2018\/10\/43623075_10155927926977709_900662471696580608_n.jpg?resize=350%2C200","width":350,"height":200},"classes":[]},{"id":742,"url":"https:\/\/www.vnucka.sk\/index.php\/2017\/12\/18\/mudrost-sedin\/","url_meta":{"origin":762,"position":1},"title":"M\u00fadros\u0165 \u0161ed\u00edn","date":"18. decembra 2017","format":false,"excerpt":"Pre babi\u010dky a dedu\u0161kov viano\u010dn\u00e9 vyznanie ( vlastn\u00e1 tvorba,\u00a0 hudba: Youtube ) Prich\u00e1dza jedno z\u00a0najkraj\u0161\u00edch obdob\u00ed roku, a ja rada prid\u00e1m do svojho kroku, aby som \u010do najsk\u00f4r pri V\u00e1s bola, lebo m\u00fadros\u0165 Va\u0161ich \u0161ed\u00edn je najlep\u0161ia \u0161kola. \u010caro bl\u00ed\u017eiacich sa Vianoc chcem V\u00e1m prinies\u0165, a v\u0161etko \u010do V\u00e1s bol\u00ed,\u2026","rel":"","context":"V &quot;be\u017en\u00fd \u017eivot&quot;","img":{"alt_text":"","src":"https:\/\/i0.wp.com\/www.vnucka.sk\/wp-content\/uploads\/2017\/12\/fotka_mudrost_sedin.jpg?resize=350%2C200","width":350,"height":200},"classes":[]},{"id":1725,"url":"https:\/\/www.vnucka.sk\/index.php\/2019\/01\/06\/s-krasou-do-noveho-roku\/","url_meta":{"origin":762,"position":2},"title":"S kr\u00e1sou do Nov\u00e9ho roku","date":"6. janu\u00e1ra 2019","format":false,"excerpt":"Aj seniorky z vidieka s\u00fa n\u00e1dhern\u00e9. \u00da\u017easn\u00fd de\u0148 pre sympatick\u00fa Elenku a jej sestru Editku, v\u010faka \u0161ikovnej Soni\u010dke z Mary Kay. A \u017ee sme za t\u00fdch p\u00e1r hod\u00edn vyhladli, dom\u00e1ca gazdin\u00e1 nenechala ni\u010d na n\u00e1hodu, poma\u0161krtili sme si na poctivej dom\u00e1cej ... ve\u010f pozrite videjko do konca, oplat\u00ed sa !\u2026","rel":"","context":"V &quot;be\u017en\u00fd \u017eivot&quot;","img":{"alt_text":"","src":"https:\/\/i0.wp.com\/www.vnucka.sk\/wp-content\/uploads\/2019\/01\/marykaystretko.jpg?resize=350%2C200","width":350,"height":200},"classes":[]},{"id":788,"url":"https:\/\/www.vnucka.sk\/index.php\/2018\/01\/10\/splneny-sen-kollarovci\/","url_meta":{"origin":762,"position":3},"title":"Splnen\u00fd sen &#8211; Koll\u00e1rovci","date":"10. janu\u00e1ra 2018","format":false,"excerpt":"Do roku 2018 sme vykro\u010dili s dobr\u00fdm pocitom splnen\u00e9ho \u017eelania babi\u010dke Ane\u017eke, pre ktor\u00fa vysn\u00edvala jej kamar\u00e1tka babi\u010dka Anka n\u00e1v\u0161tevu koncertu popul\u00e1rnych Koll\u00e1rovcov! Ane\u017eka v mladosti akt\u00edvne p\u00f4sobila vo folkl\u00f3rnom a spev\u00e1ckom s\u00fabore a rados\u0165 v jej o\u010diach po\u010das koncertu ako aj v nasleduj\u00face dni sa ned\u00e1 ani slovami op\u00edsa\u0165\u2026","rel":"","context":"V &quot;be\u017en\u00fd \u017eivot&quot;","img":{"alt_text":"","src":"https:\/\/i0.wp.com\/www.vnucka.sk\/wp-content\/uploads\/2018\/01\/kollarovci.jpg?resize=350%2C200","width":350,"height":200},"classes":[]},{"id":831,"url":"https:\/\/www.vnucka.sk\/index.php\/2018\/01\/24\/831\/","url_meta":{"origin":762,"position":4},"title":"Hist\u00f3ria krajiny s Martu\u0161kou","date":"24. janu\u00e1ra 2018","format":false,"excerpt":"S Martu\u0161kou, ktor\u00e1 cel\u00fd \u017eivot p\u00f4sobila ako ob\u013e\u00faben\u00e1 a re\u0161pektovan\u00e1 u\u010dite\u013eka, sme prevetrali \u010c\u00edtanku pre 4. ro\u010dn\u00edk z\u00e1kladn\u00fdch \u0161k\u00f4l z roku 1953 ! ktor\u00fa som si dokonca po\u017ei\u010dala domov na pre\u010d\u00edtanie. Nieko\u013eko hod\u00edn som u Martu\u0161ky po\u010d\u00favala so z\u00e1ujmom ka\u017ed\u00e9 jej slovo o hist\u00f3rii na\u0161ej krajiny, susedn\u00e9ho \u010ceska a vzniku\u2026","rel":"","context":"V &quot;be\u017en\u00fd \u017eivot&quot;","img":{"alt_text":"","src":"https:\/\/i0.wp.com\/www.vnucka.sk\/wp-content\/uploads\/2018\/01\/caplanova.jpg?resize=350%2C200","width":350,"height":200},"classes":[]},{"id":2428,"url":"https:\/\/www.vnucka.sk\/index.php\/2022\/05\/08\/den-matiek\/","url_meta":{"origin":762,"position":5},"title":"De\u0148 matiek","date":"8. m\u00e1ja 2022","format":false,"excerpt":"My dnes mysl\u00edme obzvl\u00e1\u0161\u0165 na jednu mamu, ktor\u00e1 n\u00e1m je mimoriadne bl\u00edzka. V\u00a0tomto roku by mala 83 rokov, mo\u017eno by sa te\u0161ila zo \u017eivota svojich dvoch synov a\u00a0jednej dc\u00e9ry, dnes u\u017e takmer seniorov. Ur\u010dite by bola \u0161\u0165astn\u00e1 pri poh\u013eade na svoje vn\u00fa\u010dat\u00e1 \u010di dokonca pravn\u00fa\u010dat\u00e1. Od roku 1984 zostala u\u00a0svojich\u2026","rel":"","context":"V &quot;be\u017en\u00fd \u017eivot&quot;","img":{"alt_text":"","src":"https:\/\/i0.wp.com\/www.vnucka.sk\/wp-content\/uploads\/2022\/05\/mamaden-scaled.jpg?resize=350%2C200&ssl=1","width":350,"height":200},"classes":[]}],"jetpack_likes_enabled":false,"_links":{"self":[{"href":"https:\/\/www.vnucka.sk\/index.php\/wp-json\/wp\/v2\/posts\/762"}],"collection":[{"href":"https:\/\/www.vnucka.sk\/index.php\/wp-json\/wp\/v2\/posts"}],"about":[{"href":"https:\/\/www.vnucka.sk\/index.php\/wp-json\/wp\/v2\/types\/post"}],"author":[{"embeddable":true,"href":"https:\/\/www.vnucka.sk\/index.php\/wp-json\/wp\/v2\/users\/1"}],"replies":[{"embeddable":true,"href":"https:\/\/www.vnucka.sk\/index.php\/wp-json\/wp\/v2\/comments?post=762"}],"version-history":[{"count":7,"href":"https:\/\/www.vnucka.sk\/index.php\/wp-json\/wp\/v2\/posts\/762\/revisions"}],"predecessor-version":[{"id":770,"href":"https:\/\/www.vnucka.sk\/index.php\/wp-json\/wp\/v2\/posts\/762\/revisions\/770"}],"wp:attachment":[{"href":"https:\/\/www.vnucka.sk\/index.php\/wp-json\/wp\/v2\/media?parent=762"}],"wp:term":[{"taxonomy":"category","embeddable":true,"href":"https:\/\/www.vnucka.sk\/index.php\/wp-json\/wp\/v2\/categories?post=762"},{"taxonomy":"post_tag","embeddable":true,"href":"https:\/\/www.vnucka.sk\/index.php\/wp-json\/wp\/v2\/tags?post=762"}],"curies":[{"name":"wp","href":"https:\/\/api.w.org\/{rel}","templated":true}]}}