{"id":844,"date":"2018-01-31T17:01:48","date_gmt":"2018-01-31T16:01:48","guid":{"rendered":"http:\/\/www.vnucka.sk\/?p=844"},"modified":"2018-11-28T20:54:25","modified_gmt":"2018-11-28T19:54:25","slug":"844","status":"publish","type":"post","link":"https:\/\/www.vnucka.sk\/index.php\/2018\/01\/31\/844\/","title":{"rendered":"Vnu\u010dka napreduje"},"content":{"rendered":"<p>Posledn\u00fd janu\u00e1rov\u00fd de\u0148 sme s kolegynkou Nikou zakon\u010dili n\u00e1v\u0161tevou na Ministerstve pr\u00e1ce, soci\u00e1lnych vec\u00ed a rodiny, kde sme na pozvanie p\u00e1na \u0161t\u00e1tneho tajomn\u00edka Ivana \u0160vejnu, odprezentovali n\u00e1\u0161 projekt VNU\u010cKA.sk<\/p>\n<p>Ve\u013emi\u00a0 n\u00e1s pote\u0161ilo a doslova dodalo energiu &#8222;zaradi\u0165 vy\u0161\u0161iu r\u00fdchlos\u0165&#8220; vyjadrenie podpory n\u00e1\u0161mu projektu vytv\u00e1raj\u00faceho RODINU pre osamel\u00fdch seniorov.<\/p>\n<p>\u010eakujeme za skvel\u00fd de\u0148 a priate\u013esk\u00fd motiva\u010dn\u00fd rozhovor s pracovn\u00fdm t\u00edmom p\u00e1na \u0161t\u00e1tneho tajomn\u00edka. Ideme na to!<\/p>\n<p><img data-attachment-id=\"845\" data-permalink=\"https:\/\/www.vnucka.sk\/index.php\/2018\/01\/31\/844\/svejna1\/\" data-orig-file=\"https:\/\/www.vnucka.sk\/wp-content\/uploads\/2018\/01\/svejna1.jpg\" data-orig-size=\"1920,1440\" data-comments-opened=\"1\" data-image-meta=\"{&quot;aperture&quot;:&quot;0&quot;,&quot;credit&quot;:&quot;&quot;,&quot;camera&quot;:&quot;&quot;,&quot;caption&quot;:&quot;&quot;,&quot;created_timestamp&quot;:&quot;0&quot;,&quot;copyright&quot;:&quot;&quot;,&quot;focal_length&quot;:&quot;0&quot;,&quot;iso&quot;:&quot;0&quot;,&quot;shutter_speed&quot;:&quot;0&quot;,&quot;title&quot;:&quot;&quot;,&quot;orientation&quot;:&quot;0&quot;}\" data-image-title=\"svejna1\" data-image-description=\"\" data-image-caption=\"\" data-medium-file=\"https:\/\/www.vnucka.sk\/wp-content\/uploads\/2018\/01\/svejna1-300x225.jpg\" data-large-file=\"https:\/\/www.vnucka.sk\/wp-content\/uploads\/2018\/01\/svejna1-1024x768.jpg\" loading=\"lazy\" class=\"aligncenter size-large wp-image-845\" src=\"http:\/\/www.vnucka.sk\/wp-content\/uploads\/2018\/01\/svejna1-1024x768.jpg\" alt=\"\" width=\"605\" height=\"454\" srcset=\"https:\/\/www.vnucka.sk\/wp-content\/uploads\/2018\/01\/svejna1-1024x768.jpg 1024w, https:\/\/www.vnucka.sk\/wp-content\/uploads\/2018\/01\/svejna1-300x225.jpg 300w, https:\/\/www.vnucka.sk\/wp-content\/uploads\/2018\/01\/svejna1-768x576.jpg 768w, https:\/\/www.vnucka.sk\/wp-content\/uploads\/2018\/01\/svejna1-100x75.jpg 100w, https:\/\/www.vnucka.sk\/wp-content\/uploads\/2018\/01\/svejna1-150x113.jpg 150w, https:\/\/www.vnucka.sk\/wp-content\/uploads\/2018\/01\/svejna1-200x150.jpg 200w, https:\/\/www.vnucka.sk\/wp-content\/uploads\/2018\/01\/svejna1-450x338.jpg 450w, https:\/\/www.vnucka.sk\/wp-content\/uploads\/2018\/01\/svejna1-600x450.jpg 600w, https:\/\/www.vnucka.sk\/wp-content\/uploads\/2018\/01\/svejna1-900x675.jpg 900w, https:\/\/www.vnucka.sk\/wp-content\/uploads\/2018\/01\/svejna1.jpg 1920w\" sizes=\"(max-width: 605px) 100vw, 605px\" \/><div id=\"polls-23\" class=\"wp-polls\">\n\t<form id=\"polls_form_23\" class=\"wp-polls-form\" action=\"\/index.php\" method=\"post\">\n\t\t<p style=\"display: none;\"><input type=\"hidden\" id=\"poll_23_nonce\" name=\"wp-polls-nonce\" value=\"339b9e7096\" \/><\/p>\n\t\t<p style=\"display: none;\"><input type=\"hidden\" name=\"poll_id\" value=\"23\" \/><\/p>\n\t\t<p style=\"text-align: center\"><strong>Hodnotenie pr\u00edspevku :<\/strong><\/p><div id=\"polls-23-ans\" class=\"wp-polls-ans\"><ul class=\"wp-polls-ul\">\n\t\t<li><input type=\"radio\" id=\"poll-answer-71\" name=\"poll_23\" value=\"71\" \/> <label for=\"poll-answer-71\">\u00da\u017easn\u00fd obsah, pros\u00edm viac tak\u00fdch<\/label><\/li>\n\t\t<li><input type=\"radio\" id=\"poll-answer-72\" name=\"poll_23\" value=\"72\" \/> <label for=\"poll-answer-72\">V pohode, ako relax na odreagovanie<\/label><\/li>\n\t\t<li><input type=\"radio\" id=\"poll-answer-73\" name=\"poll_23\" value=\"73\" \/> <label for=\"poll-answer-73\">Pr\u00edjemn\u00fd \u0161tandard, mo\u017eno trochu o\u017eivi\u0165<\/label><\/li>\n\t\t<\/ul>\r\n<p style=\"text-align: center\"><input type=\"button\" name=\"Hlasova\u0165\/Vote\" value=\"   Hlasova\u0165\/Vote   \" class=\"Buttons\" onclick=\"poll_vote(23);\" \/><\/p>\r\n<p style=\"text-align: center\"><a href=\"#ViewPollResults\" onclick=\"poll_result(23); return false;\" title=\"View Results Of This Poll\">Zobrazi\u0165 v\u00fdsledky\/Results<\/a><\/p>\r\n<\/div>\n\t<\/form>\n<\/div>\n<div id=\"polls-23-loading\" class=\"wp-polls-loading\"><img src=\"https:\/\/www.vnucka.sk\/wp-content\/plugins\/wp-polls\/images\/loading.gif\" width=\"16\" height=\"16\" alt=\"Loading ...\" title=\"Loading ...\" class=\"wp-polls-image\" \/>&nbsp;Loading ...<\/div>\n<\/p>\n","protected":false},"excerpt":{"rendered":"<p>Posledn\u00fd janu\u00e1rov\u00fd de\u0148 sme s kolegynkou Nikou zakon\u010dili n\u00e1v\u0161tevou na Ministerstve pr\u00e1ce, soci\u00e1lnych vec\u00ed a rodiny, kde sme na pozvanie p\u00e1na \u0161t\u00e1tneho tajomn\u00edka Ivana \u0160vejnu, odprezentovali n\u00e1\u0161 projekt VNU\u010cKA.sk Ve\u013emi\u00a0 n\u00e1s pote\u0161ilo a doslova dodalo energiu &#8222;zaradi\u0165 vy\u0161\u0161iu r\u00fdchlos\u0165&#8220; vyjadrenie &hellip;<\/p>\n<p class=\"read-more\"> <a class=\"\" href=\"https:\/\/www.vnucka.sk\/index.php\/2018\/01\/31\/844\/\"> <span class=\"screen-reader-text\">Vnu\u010dka napreduje<\/span> Read More &raquo;<\/a><\/p>\n","protected":false},"author":1,"featured_media":0,"comment_status":"closed","ping_status":"closed","sticky":false,"template":"","format":"standard","meta":{"jetpack_publicize_message":"","jetpack_is_tweetstorm":false,"jetpack_publicize_feature_enabled":true},"categories":[5],"tags":[],"jetpack_publicize_connections":[],"jetpack_featured_media_url":"","jetpack_sharing_enabled":true,"jetpack_shortlink":"https:\/\/wp.me\/s9gi65-844","jetpack-related-posts":[{"id":1208,"url":"https:\/\/www.vnucka.sk\/index.php\/2018\/10\/24\/vnucka-sk-je-ocenena-senior-friendly\/","url_meta":{"origin":844,"position":0},"title":"Vnu\u010dka.sk je ocenen\u00e1 SENIOR FRIENDLY","date":"24. okt\u00f3bra 2018","format":false,"excerpt":"SME SENIOR FRIENDLY \ud83c\udf1e Nov\u00e9 priate\u013estvo s Klub Luna o.z. a Bagar o.z, ktor\u00ed ka\u017edoro\u010dne pod taktovkou p\u00e1na PhDr. Milo\u0161a Neme\u010deka oce\u0148uj\u00fa in\u00fdch v Zichyho pala\u00e1ci Bratislava za pr\u00ednos do \u017eivota seniorov, n\u00e1s pr\u00edjemne povzbudilo \u2764\ufe0f\u2764\ufe0f\u2764\ufe0f. Te\u0161\u00edme sa ve\u013emi na spolupr\u00e1cu! ... Maestro Du\u0161an Gr\u00fa\u0148, spev\u00e1k s ve\u013ekou charizmou, sprev\u00e1dza\u2026","rel":"","context":"V &quot;be\u017en\u00fd \u017eivot&quot;","img":{"alt_text":"","src":"https:\/\/i0.wp.com\/www.vnucka.sk\/wp-content\/uploads\/2018\/10\/44490421_334716327295105_5687632895817023488_n.jpg?resize=350%2C200","width":350,"height":200},"classes":[]},{"id":1080,"url":"https:\/\/www.vnucka.sk\/index.php\/2018\/06\/22\/11254x-sme-najlepsi-socialny-projekt-regionu\/","url_meta":{"origin":844,"position":1},"title":"11 254 x sme najlep\u0161\u00ed soci\u00e1lny projekt regi\u00f3nu!","date":"22. j\u00fana 2018","format":false,"excerpt":"T\u00e1to spr\u00e1va n\u00e1m sp\u00f4sobila chv\u00ed\u013eu hlbok\u00e9 d\u00fdchanie ... VYHRALI SME 1.miesto v s\u00fa\u0165a\u017ei o najlep\u0161\u00ed soci\u00e1lny projekt regi\u00f3nu ! Ve\u013ek\u00e1 v\u010faka v\u0161etk\u00fdm, \u010do hlasovali za n\u00e1\u0161 vnu\u010dkovsko babi\u010dkovo dedkovsk\u00fd projekt, ktor\u00fd vytv\u00e1ra RODINU pre osamel\u00fdch seniorov. Spr\u00e1va z nad\u00e1cie Pontis : Dobr\u00fd de\u0148, s rados\u0165ou v\u00e1m oznamujem, \u017ee v\u00e1\u0161 projekt\u2026","rel":"","context":"V &quot;be\u017en\u00fd \u017eivot&quot;","img":{"alt_text":"","src":"https:\/\/i0.wp.com\/www.vnucka.sk\/wp-content\/uploads\/2018\/06\/vnucka_vyhra.jpg?resize=350%2C200","width":350,"height":200},"classes":[]},{"id":2456,"url":"https:\/\/www.vnucka.sk\/index.php\/2022\/11\/15\/spomienky-bolia-ak-nezostarnu\/","url_meta":{"origin":844,"position":2},"title":"Spomienky bolia, ak nezostarn\u00fa","date":"15. novembra 2022","format":false,"excerpt":"S prv\u00fdmi dotykmi jesene pri\u0161la netradi\u010dn\u00e1 po\u017eiadavka od jednej z babi\u010diek. Man\u017eela pochovala po kr\u00e1snych 50 rokoch spolu\u017eitia, deti \u017eij\u00fa \u010faleko, klasick\u00e1 sch\u00e9ma, ktor\u00e1 zasahuje najhlb\u0161ie z\u00e1kutia psychiky \u010dloveka. Akoby niekto postupne zastieral mohutn\u00fd z\u00e1ves na okn\u00e1ch, za ktor\u00fdmi naviac zapad\u00e1 slnko a vy viete, \u017ee na druh\u00fd de\u0148 bude\u2026","rel":"","context":"V &quot;be\u017en\u00fd \u017eivot&quot;","img":{"alt_text":"","src":"https:\/\/i0.wp.com\/www.vnucka.sk\/wp-content\/uploads\/2022\/11\/pexels-kat-smith-551588-scaled.jpg?resize=350%2C200&ssl=1","width":350,"height":200},"classes":[]},{"id":1966,"url":"https:\/\/www.vnucka.sk\/index.php\/2019\/10\/15\/tam-kde-je-vzdy-veselo\/","url_meta":{"origin":844,"position":3},"title":"Tam, kde je v\u017edy veselo","date":"15. okt\u00f3bra 2019","format":false,"excerpt":"Ke\u010f sa stretn\u00fa nad\u0161en\u00ed \u013eudia dobrej v\u00f4le, ni\u010d ich nezastav\u00ed v pl\u00e1ne dopravi\u0165 sa na 3 aut\u00e1ch do domova pre seniorov Pokoj a Zdravie v Nitrianskej Strede a roztancova\u0165 v\u0161etk\u00fdch vr\u00e1tane person\u00e1lu \u010di seniorov na voz\u00edkoch! Ve\u013ek\u00e9 \u010eAKUJEM patr\u00ed dobrovo\u013en\u00ed\u010dkam \u010cerven\u00e9ho kr\u00ed\u017ea B\u00e1novce nad Bebravou pod veden\u00edm MUDr. Hoffmanovej a\u2026","rel":"","context":"V &quot;be\u017en\u00fd \u017eivot&quot;","img":{"alt_text":"","src":"https:\/\/i0.wp.com\/www.vnucka.sk\/wp-content\/uploads\/2019\/10\/20191003_082802.jpg?resize=350%2C200&ssl=1","width":350,"height":200},"classes":[]},{"id":1987,"url":"https:\/\/www.vnucka.sk\/index.php\/2019\/11\/04\/radost-pritomneho-okamihu\/","url_meta":{"origin":844,"position":4},"title":"Rados\u0165 pr\u00edtomn\u00e9ho okamihu","date":"4. novembra 2019","format":false,"excerpt":"Prv\u00fdkr\u00e1t v 85 rokoch babi\u010dka Majka na v\u00fdlete do modern\u00e9ho n\u00e1kupn\u00e9ho centra \ud83d\ude09 a \u017ee sme si to u\u017eili! Nov\u00fa z\u00e1steru sme s\u00edce nek\u00fapili, ale vychutnali sme si parfum\u00e9rie, mas\u00e1\u017ee a nakukli do v\u0161etk\u00fdch obchodov\ud83d\udc4d Ve\u013ek\u00fd z\u00e1\u017eitok a super n\u00e1lada n\u00e1s odvtedy dr\u017e\u00ed st\u00e1le, u\u017e dlho som nevidela to\u013eko radosti\u2026","rel":"","context":"V &quot;be\u017en\u00fd \u017eivot&quot;","img":{"alt_text":"","src":"https:\/\/i0.wp.com\/img.youtube.com\/vi\/TSf8k1vdrBo\/0.jpg?resize=350%2C200","width":350,"height":200},"classes":[]},{"id":2306,"url":"https:\/\/www.vnucka.sk\/index.php\/2020\/12\/23\/vianocny-naklad-radosti\/","url_meta":{"origin":844,"position":5},"title":"Viano\u010dn\u00fd n\u00e1klad radosti","date":"23. decembra 2020","format":false,"excerpt":"Rados\u0165 z obdarovania osamel\u00fdch seniorov je neop\u00edsate\u013en\u00e1. Mnoh\u00ed nedostali dlh\u00fd \u010das ani poh\u013eadnicu, nieto e\u0161te dar\u010dek. Bez slzi\u010diek dojatia to v t\u00fdchto chv\u00ed\u013each nejde. Tento rok nie jedno ako minul\u00fd rok, ale DVE pln\u00e9 aut\u00e1 pri\u0161li s n\u00e1kladom viano\u010dn\u00fdch dar\u010dekov. Jedno od Ministerstva vn\u00fatra SR, kde zamestnanci pre n\u00e1\u0161 projekt\u2026","rel":"","context":"V &quot;be\u017en\u00fd \u017eivot&quot;","img":{"alt_text":"","src":"https:\/\/i0.wp.com\/www.vnucka.sk\/wp-content\/uploads\/2020\/12\/20201223_135947-scaled.jpg?resize=350%2C200&ssl=1","width":350,"height":200},"classes":[]}],"jetpack_likes_enabled":false,"_links":{"self":[{"href":"https:\/\/www.vnucka.sk\/index.php\/wp-json\/wp\/v2\/posts\/844"}],"collection":[{"href":"https:\/\/www.vnucka.sk\/index.php\/wp-json\/wp\/v2\/posts"}],"about":[{"href":"https:\/\/www.vnucka.sk\/index.php\/wp-json\/wp\/v2\/types\/post"}],"author":[{"embeddable":true,"href":"https:\/\/www.vnucka.sk\/index.php\/wp-json\/wp\/v2\/users\/1"}],"replies":[{"embeddable":true,"href":"https:\/\/www.vnucka.sk\/index.php\/wp-json\/wp\/v2\/comments?post=844"}],"version-history":[{"count":3,"href":"https:\/\/www.vnucka.sk\/index.php\/wp-json\/wp\/v2\/posts\/844\/revisions"}],"predecessor-version":[{"id":848,"href":"https:\/\/www.vnucka.sk\/index.php\/wp-json\/wp\/v2\/posts\/844\/revisions\/848"}],"wp:attachment":[{"href":"https:\/\/www.vnucka.sk\/index.php\/wp-json\/wp\/v2\/media?parent=844"}],"wp:term":[{"taxonomy":"category","embeddable":true,"href":"https:\/\/www.vnucka.sk\/index.php\/wp-json\/wp\/v2\/categories?post=844"},{"taxonomy":"post_tag","embeddable":true,"href":"https:\/\/www.vnucka.sk\/index.php\/wp-json\/wp\/v2\/tags?post=844"}],"curies":[{"name":"wp","href":"https:\/\/api.w.org\/{rel}","templated":true}]}}