{"id":862,"date":"2018-02-07T14:35:11","date_gmt":"2018-02-07T13:35:11","guid":{"rendered":"http:\/\/www.vnucka.sk\/?p=862"},"modified":"2018-11-28T21:06:09","modified_gmt":"2018-11-28T20:06:09","slug":"vylet-nielen-do-historie-s-milanom","status":"publish","type":"post","link":"https:\/\/www.vnucka.sk\/index.php\/2018\/02\/07\/vylet-nielen-do-historie-s-milanom\/","title":{"rendered":"V\u00fdlet (nielen) do hist\u00f3rie s Milanom"},"content":{"rendered":"<p>Obetav\u00fd 82r. dedu\u0161ko Milan, ktor\u00fd tr\u00e1vi st\u00e1le \u010das doma so svojou u\u017e \u0165a\u017e\u0161ie pohyblivou man\u017eelkou, sa v mojom sprievode na chv\u00ed\u013eu vybral zaspom\u00edna\u0165 na \u010dasy, ke\u010f bol mal\u00fd chlapec a kon\u010dila II. svetov\u00e1 vojna &#8230;<\/p>\n<p>\u010eakujem predstavite\u013eom a ob\u010danom obce Miezgovce, za priate\u013esk\u00e9 prijatie a n\u00e1dhern\u00fd v\u00fdklad hist\u00f3rie b\u00e1nov\u010danky 85r. M\u00e1rie Mi\u0161tinovej na besiedke k t\u00e9me &#8211; Partiz\u00e1ni a obec. Em\u00f3cie m\u00f4jho dedu\u0161ka som pre\u017e\u00edvala rovnako intenz\u00edvne, mnoho rovesn\u00edkov po dlh\u00fdch rokoch videl u\u017e len na fotografi\u00e1ch &#8230;<\/p>\n<p><img data-attachment-id=\"863\" data-permalink=\"https:\/\/www.vnucka.sk\/index.php\/2018\/02\/07\/vylet-nielen-do-historie-s-milanom\/fotkamiezgovce\/\" data-orig-file=\"https:\/\/www.vnucka.sk\/wp-content\/uploads\/2018\/02\/fotkamiezgovce.jpg\" data-orig-size=\"845,655\" data-comments-opened=\"1\" data-image-meta=\"{&quot;aperture&quot;:&quot;0&quot;,&quot;credit&quot;:&quot;&quot;,&quot;camera&quot;:&quot;&quot;,&quot;caption&quot;:&quot;&quot;,&quot;created_timestamp&quot;:&quot;0&quot;,&quot;copyright&quot;:&quot;&quot;,&quot;focal_length&quot;:&quot;0&quot;,&quot;iso&quot;:&quot;0&quot;,&quot;shutter_speed&quot;:&quot;0&quot;,&quot;title&quot;:&quot;&quot;,&quot;orientation&quot;:&quot;0&quot;}\" data-image-title=\"fotkamiezgovce\" data-image-description=\"\" data-image-caption=\"\" data-medium-file=\"https:\/\/www.vnucka.sk\/wp-content\/uploads\/2018\/02\/fotkamiezgovce-300x233.jpg\" data-large-file=\"https:\/\/www.vnucka.sk\/wp-content\/uploads\/2018\/02\/fotkamiezgovce.jpg\" loading=\"lazy\" class=\"aligncenter size-full wp-image-863\" src=\"http:\/\/www.vnucka.sk\/wp-content\/uploads\/2018\/02\/fotkamiezgovce.jpg\" alt=\"\" width=\"845\" height=\"655\" srcset=\"https:\/\/www.vnucka.sk\/wp-content\/uploads\/2018\/02\/fotkamiezgovce.jpg 845w, https:\/\/www.vnucka.sk\/wp-content\/uploads\/2018\/02\/fotkamiezgovce-300x233.jpg 300w, https:\/\/www.vnucka.sk\/wp-content\/uploads\/2018\/02\/fotkamiezgovce-768x595.jpg 768w, https:\/\/www.vnucka.sk\/wp-content\/uploads\/2018\/02\/fotkamiezgovce-100x78.jpg 100w, https:\/\/www.vnucka.sk\/wp-content\/uploads\/2018\/02\/fotkamiezgovce-150x116.jpg 150w, https:\/\/www.vnucka.sk\/wp-content\/uploads\/2018\/02\/fotkamiezgovce-200x155.jpg 200w, https:\/\/www.vnucka.sk\/wp-content\/uploads\/2018\/02\/fotkamiezgovce-450x349.jpg 450w, https:\/\/www.vnucka.sk\/wp-content\/uploads\/2018\/02\/fotkamiezgovce-600x465.jpg 600w\" sizes=\"(max-width: 845px) 100vw, 845px\" \/><br \/>\nVidejko nielen do hist\u00f3rie a spomienok &#8211; nazrite!<br \/>\n<div id=\"my_video_gallery_wrapper_18\" class=\"clearfix gallery-video-content\"\r\n     data-gallery-video-id=\"18\" data-gallery-video-perpage=\"5\">\r\n\t<div id=\"my_video_gallery_18\"\r\n\t     class=\"clearfix my_video_gallery view-justified\">\r\n\t\t<input type=\"hidden\" id=\"total\" value=\"1\"\/>\r\n\t\t\t\t\t\t<a class=\"vyoutube huge_it_videogallery_item group18\"\r\n\t\t\t\t   href=\"\/\/www.youtube.com\/embed\/_yOYQWrwIa8\"\r\n                   data-description=\"\"\r\n                   title=\"V\u00fdlet (nielen) do hist\u00f3rie s Milanom\" data-id=\"26\">\r\n\t\t\t\t\t<img src=\"\/\/img.youtube.com\/vi\/_yOYQWrwIa8\/mqdefault.jpg\"\r\n\t\t\t\t\t     alt=\"V\u00fdlet (nielen) do hist\u00f3rie s Milanom\"\/>\r\n\t\t\t\t\t<div class=\"play-icon youtube-icon\"><\/div>\r\n\t\t\t\t<\/a>\r\n\t\t\t\t<input type=\"hidden\" class=\"pagenum\" value=\"1\"\/>\r\n\t\t\t\t<\/div>\r\n\t<\/div><style>\r\n.justified-gallery {\r\n\twidth: 100%;\r\n\tposition: relative;\r\n\toverflow: hidden;\r\n}\r\n.justified-gallery > a,\r\n.justified-gallery > div {\r\n\tposition: absolute;\r\n\tdisplay: inline-block;\r\n\topacity: 0;\r\n\toverflow:hidden;\r\n\tfilter: alpha(opacity=0);\r\n\t\/* IE8 or Earlier *\/\r\n}\r\n.justified-gallery > a > img,\r\n.justified-gallery > div > img {\r\n\tposition: absolute;\r\n\ttop: 50%;\r\n\tleft: 50%;\r\n\tpadding: 0;\r\n}\r\n.justified-gallery > a > .caption,\r\n.justified-gallery > div > .caption {\r\n\twidth: 100%;\r\n\tdisplay: none;\r\n\tposition: absolute;\r\n\tbottom: 0;\r\n\tpadding: 5px;\r\n\tleft: 0;\r\n\tright: 0;\r\n\tmargin: 0;\r\n\tcolor: #3AD6FC;\r\n\tfont-size: 13px;\r\n\tfont-weight: 300;\r\n\tfont-family: sans-serif;\r\n\tbackground:rgba(255,28,28,0.9)  !important;\r\n\r\n\toverflow: hidden;\r\n\ttext-overflow: ellipsis;\r\n\twhite-space:nowrap;\r\n}\r\n.justified-gallery > a > .caption.caption-visible,\r\n.justified-gallery > div > .caption.caption-visible {\r\n\tdisplay: initial;\r\n\topacity: 0.7;\r\n\tfilter: \"alpha(opacity=70)\";\r\n\t\/* IE8 or Earlier *\/\r\n\t-webkit-animation: justified-gallery-show-caption-animation 500ms 0 ease;\r\n\t-moz-animation: justified-gallery-show-caption-animation 500ms 0 ease;\r\n\t-ms-animation: justified-gallery-show-caption-animation 500ms 0 ease;\r\n}\r\n.justified-gallery > .entry-visible {\r\n\topacity: 1.0;\r\n\tfilter: alpha(opacity=100);\r\n\t\/* IE8 or Earlier *\/\r\n\t-webkit-animation: justified-gallery-show-entry-animation 300ms 0 ease;\r\n\t-moz-animation: justified-gallery-show-entry-animation 300ms 0 ease;\r\n\t-ms-animation: justified-gallery-show-entry-animation 300ms 0 ease;\r\n\tborder: none !important;\r\n}\r\n.justified-gallery > .spinner {\r\n\tposition: absolute;\r\n\tbottom: 0;\r\n\tmargin-left: -24px;\r\n\tpadding: 10px 0 10px 0;\r\n\tleft: 50%;\r\n\topacity: initial;\r\n\tfilter: initial;\r\n\toverflow: initial;\r\n}\r\n.justified-gallery > .spinner > span {\r\n\tdisplay: inline-block;\r\n\topacity: 0;\r\n\tfilter: alpha(opacity=0);\r\n\t\/* IE8 or Earlier *\/\r\n\twidth: 8px;\r\n\theight: 8px;\r\n\tmargin: 0 4px 0 4px;\r\n\tbackground-color: #000;\r\n\tborder-top-left-radius: 6px;\r\n\tborder-top-right-radius: 6px;\r\n\tborder-bottom-right-radius: 6px;\r\n\tborder-bottom-left-radius: 6px;\r\n}\r\n.load_more2 {\r\n\tmargin: 10px 0;\r\n\tposition:relative;\r\n\ttext-align:center;\r\n\twidth:100%;\r\n}\r\n\r\n.load_more_button2 {\r\n\tborder-radius: 10px;\r\n\tdisplay:inline-block;\r\n\tpadding:5px 15px;\r\n\tfont-size:14px !important;;\r\n\tcolor:#FF1C1C !important;;\r\n\tbackground:#26A6FC !important;\r\n\tcursor:pointer;\r\n\r\n}\r\n.load_more_button2:hover{\r\n\tcolor:#FF4242 !important;\r\n\tbackground:#0FEFFF !important;\r\n}\r\n\r\n.loading2 {\r\n\tdisplay:none;\r\n}\r\n.paginate2{\r\n\tfont-size:18px !important;\r\n\tcolor:#26A6FC !important;\r\n\ttext-align: center;\r\n\tmargin-top: 25px;\r\n}\r\n.paginate2 a{\r\n\tborder-bottom: none !important;\r\n\tbox-shadow: none !important;\r\n}\r\n.icon-style2{\r\n\tfont-size: 18px !important;\r\n\tcolor:#26A6FC !important;\r\n}\r\n.clear{\r\n\tclear:both;\r\n}\r\n.play-icon {\r\n\tposition:absolute;\r\n\ttop:0;\r\n\tleft:0;\r\n\twidth:100%;\r\n\theight:100%;\r\n}\r\n\r\n.play-icon.youtube-icon {background:url(https:\/\/www.vnucka.sk\/wp-content\/plugins\/gallery-video\/assets\/images\/admin_images\/play.youtube.png) center center no-repeat;background-size:20%;}\r\n.play-icon.vimeo-icon {background:url(https:\/\/www.vnucka.sk\/wp-content\/plugins\/gallery-video\/assets\/images\/admin_images\/play.vimeo.png) center center no-repeat;background-size:20%;}\r\n\r\n<\/style><br \/>\n<div id=\"polls-24\" class=\"wp-polls\">\n\t<form id=\"polls_form_24\" class=\"wp-polls-form\" action=\"\/index.php\" method=\"post\">\n\t\t<p style=\"display: none;\"><input type=\"hidden\" id=\"poll_24_nonce\" name=\"wp-polls-nonce\" value=\"ad24448d1e\" \/><\/p>\n\t\t<p style=\"display: none;\"><input type=\"hidden\" name=\"poll_id\" value=\"24\" \/><\/p>\n\t\t<p style=\"text-align: center\"><strong>Hodnotenie pr\u00edspevku :<\/strong><\/p><div id=\"polls-24-ans\" class=\"wp-polls-ans\"><ul class=\"wp-polls-ul\">\n\t\t<li><input type=\"radio\" id=\"poll-answer-74\" name=\"poll_24\" value=\"74\" \/> <label for=\"poll-answer-74\">\u00da\u017easn\u00fd obsah, pros\u00edm viac tak\u00fdch<\/label><\/li>\n\t\t<li><input type=\"radio\" id=\"poll-answer-75\" name=\"poll_24\" value=\"75\" \/> <label for=\"poll-answer-75\">V pohode ako relax na odreagovanie<\/label><\/li>\n\t\t<li><input type=\"radio\" id=\"poll-answer-76\" name=\"poll_24\" value=\"76\" \/> <label for=\"poll-answer-76\">Pr\u00edjemn\u00fd \u0161tandard, mo\u017eno trochu o\u017eivi\u0165<\/label><\/li>\n\t\t<\/ul>\r\n<p style=\"text-align: center\"><input type=\"button\" name=\"Hlasova\u0165\/Vote\" value=\"   Hlasova\u0165\/Vote   \" class=\"Buttons\" onclick=\"poll_vote(24);\" \/><\/p>\r\n<p style=\"text-align: center\"><a href=\"#ViewPollResults\" onclick=\"poll_result(24); return false;\" title=\"View Results Of This Poll\">Zobrazi\u0165 v\u00fdsledky\/Results<\/a><\/p>\r\n<\/div>\n\t<\/form>\n<\/div>\n<div id=\"polls-24-loading\" class=\"wp-polls-loading\"><img src=\"https:\/\/www.vnucka.sk\/wp-content\/plugins\/wp-polls\/images\/loading.gif\" width=\"16\" height=\"16\" alt=\"Loading ...\" title=\"Loading ...\" class=\"wp-polls-image\" \/>&nbsp;Loading ...<\/div>\n<\/p>\n","protected":false},"excerpt":{"rendered":"<p>Obetav\u00fd 82r. dedu\u0161ko Milan, ktor\u00fd tr\u00e1vi st\u00e1le \u010das doma so svojou u\u017e \u0165a\u017e\u0161ie pohyblivou man\u017eelkou, sa v mojom sprievode na chv\u00ed\u013eu vybral zaspom\u00edna\u0165 na \u010dasy, ke\u010f bol mal\u00fd chlapec a kon\u010dila II. svetov\u00e1 vojna &#8230; \u010eakujem predstavite\u013eom a ob\u010danom obce &hellip;<\/p>\n<p class=\"read-more\"> <a class=\"\" href=\"https:\/\/www.vnucka.sk\/index.php\/2018\/02\/07\/vylet-nielen-do-historie-s-milanom\/\"> <span class=\"screen-reader-text\">V\u00fdlet (nielen) do hist\u00f3rie s Milanom<\/span> Read More &raquo;<\/a><\/p>\n","protected":false},"author":1,"featured_media":0,"comment_status":"closed","ping_status":"open","sticky":false,"template":"","format":"standard","meta":{"jetpack_publicize_message":"","jetpack_is_tweetstorm":false,"jetpack_publicize_feature_enabled":true},"categories":[5],"tags":[],"jetpack_publicize_connections":[],"jetpack_featured_media_url":"","jetpack_sharing_enabled":true,"jetpack_shortlink":"https:\/\/wp.me\/p9gi65-dU","jetpack-related-posts":[{"id":2386,"url":"https:\/\/www.vnucka.sk\/index.php\/2021\/11\/11\/tajny-recept\/","url_meta":{"origin":862,"position":0},"title":"Tajn\u00fd recept","date":"11. novembra 2021","format":false,"excerpt":"Jedli ste u\u017e niekedy podom\u00e1cky vyroben\u00fd syr? Aj v\u010faka m\u00f4jmu vnu\u010dkovaniu sa mi po\u0161\u0165astilo nielen tak\u00fdto syr jes\u0165, ale v\u010faka babi\u010dke Alenke aj vlastnoru\u010dne vyrobi\u0165 a bol to ve\u013ek\u00fd z\u00e1\u017eitok. Alenka je vidiecka seniorka, \u017eij\u00faca na lazoch, kde v relat\u00edvne dobrom zdrav\u00ed \u017eije u\u017e 79 rok. Bli\u017e\u0161ie ur\u010denie miesta neuv\u00e1dzam,\u2026","rel":"","context":"V &quot;be\u017en\u00fd \u017eivot&quot;","img":{"alt_text":"","src":"https:\/\/i0.wp.com\/www.vnucka.sk\/wp-content\/uploads\/2021\/12\/syrpriroda.jpg?resize=350%2C200&ssl=1","width":350,"height":200},"classes":[]},{"id":1102,"url":"https:\/\/www.vnucka.sk\/index.php\/2018\/07\/18\/inspirativna-helenka-ktoru-sa-oplati-nasledovat\/","url_meta":{"origin":862,"position":1},"title":"In\u0161pirat\u00edvna Helenka, ktor\u00fa sa oplat\u00ed nasledova\u0165","date":"18. j\u00fala 2018","format":false,"excerpt":"Jedn\u00e9ho d\u0148a som si za\u010dala p\u00edsa\u0165cez facebook s nen\u00e1padnou skromnou babi\u010dkou Helenkou z v\u00fdchodn\u00e9ho Slovenska,\u00a0 len tak o \u017eivote.\u00a0 Ke\u010f prezradila svoj vek, zostala som v pr\u00edjemnom \u0161oku. Ve\u010f pos\u00fa\u010fte sami. Helenka, rada si s Vami d\u00e1m dobr\u00fa k\u00e1vi\u010dku a ve\u013emi sa u\u017e na V\u00e1s te\u0161\u00edm, ked\u017ee sa V\u00e1s chyst\u00e1m\u2026","rel":"","context":"V &quot;be\u017en\u00fd \u017eivot&quot;","img":{"alt_text":"","src":"https:\/\/i0.wp.com\/www.vnucka.sk\/wp-content\/uploads\/2018\/07\/smekalov-status.jpg?resize=350%2C200","width":350,"height":200},"classes":[]},{"id":1959,"url":"https:\/\/www.vnucka.sk\/index.php\/2019\/10\/13\/tam-kde-sa-dobre-zije\/","url_meta":{"origin":862,"position":2},"title":"Tam, kde sa dobre \u017eije","date":"13. okt\u00f3bra 2019","format":false,"excerpt":"\u010eakujeme za n\u00e1dherne str\u00e1ven\u00fd \u010das v domove pre seniorov K\u0161inn\u00e1, kde sme boli s mojou ob\u013e\u00fabenou seniorkou Elenkou nielen zahra\u0165 a zaspieva\u0165 babi\u010dk\u00e1m a dedu\u0161kovi. Obetav\u00e1 starostlivos\u0165 o seniorov pod veden\u00edm pani riadite\u013eky Mgr. Marty Hrubej a z\u00e1stupkyne Mgr. Veroniky Hudecovej je v tomto domove absol\u00fatne TOP! \u2764\ufe0f\u2764\ufe0f\u2764\ufe0f U\u017e sa\u2026","rel":"","context":"V &quot;be\u017en\u00fd \u017eivot&quot;","img":{"alt_text":"","src":"https:\/\/i0.wp.com\/www.vnucka.sk\/wp-content\/uploads\/2019\/10\/20190902_120718.jpg?resize=350%2C200&ssl=1","width":350,"height":200},"classes":[]},{"id":2331,"url":"https:\/\/www.vnucka.sk\/index.php\/2021\/04\/02\/budte-radi-ze-starnete\/","url_meta":{"origin":862,"position":3},"title":"Bu\u010fte radi, \u017ee starnete","date":"2. apr\u00edla 2021","format":false,"excerpt":"Bu\u010fte radi, \u017ee starnete. Nie ka\u017ed\u00e9mu je v dne\u0161nej dobe dopriate zostarn\u00fa\u0165. Sn\u00e1\u010f u\u017e \u010doskoro sa budeme m\u00f4c\u0165 nielen obja\u0165, stret\u00e1va\u0165, tr\u00e1vi\u0165 spolu \u010das ... tak, ako pri nat\u00e1\u010dan\u00ed Reflexu o \u010dinnosti n\u00e1\u0161ho soci\u00e1lneho projektu Vnu\u010dka. Ako to vid\u00edte priatelia? https:\/\/youtu.be\/69lcE22EnH0","rel":"","context":"V &quot;be\u017en\u00fd \u017eivot&quot;","img":{"alt_text":"","src":"","width":0,"height":0},"classes":[]},{"id":2277,"url":"https:\/\/www.vnucka.sk\/index.php\/2020\/10\/19\/dobrozdanie\/","url_meta":{"origin":862,"position":4},"title":"Dobrozdanie ku knihe","date":"19. okt\u00f3bra 2020","format":false,"excerpt":"NIELEN MEDZI MLAD\u00ddMI, ALE MEDZI V\u0160ETK\u00ddMI VEKOV\u00ddMI GENER\u00c1CIAMI JE VE\u013dA \u013dUDSK\u00ddCH POKLADOVDobrozdanie knihy, ktor\u00e1 \u0165a prenesie do sveta bez pozl\u00e1tkyNap\u00edsal : PaedDr. \u013dubo\u0161 \u010eurdiak, PhD., AFIAPautor a konzultant v oblasti psychol\u00f3gie a osobnostn\u00e9ho rozvojawww.DiscoveryTrend.eu dobrozdanievnuckaStiahnu\u0165 O \u010dom sa d\u00e1 m\u00e1lokde do\u010d\u00edta\u0165, m\u00f4\u017ee\u0161 n\u00e1js\u0165 v kni\u017eke od Janky Dani\u0161ovej. T\u00e9ma, ktor\u00e1\u2026","rel":"","context":"V &quot;be\u017en\u00fd \u017eivot&quot;","img":{"alt_text":"","src":"https:\/\/i0.wp.com\/www.vnucka.sk\/wp-content\/uploads\/2019\/11\/74687728_1705243299610736_7918785921242103808_o.jpg?resize=350%2C200&ssl=1","width":350,"height":200},"classes":[]},{"id":2062,"url":"https:\/\/www.vnucka.sk\/index.php\/2019\/12\/03\/srdcia-v-darcekoch\/","url_meta":{"origin":862,"position":5},"title":"Srdcia v dar\u010dekoch","date":"3. decembra 2019","format":false,"excerpt":"Obehali, vyzbierali, nak\u00fapili, doviezli. Ke\u010f som uvidela pln\u00e9 auto viano\u010dn\u00fdch bal\u00edkov pre mojich dedu\u0161kov a babi\u010dky, chv\u00ed\u013eu som nebola schopn\u00e1 ni\u010d poveda\u0165. \ud83d\ude07 Pr\u00edjemn\u00e9 mlad\u00e9 d\u00e1my z Ministerstva vn\u00fatra Slovenskej republiky a ich kolegyne, kolegovia si povedali, \u017ee spr\u00edjemnia nezn\u00e1mym seniorom Vianoce! Babku Anku sme menovali velite\u013ekou oper\u00e1cie \" spravodlivo\u2026","rel":"","context":"V &quot;be\u017en\u00fd \u017eivot&quot;","img":{"alt_text":"","src":"https:\/\/i0.wp.com\/www.vnucka.sk\/wp-content\/uploads\/2019\/12\/titulkafotovianoce.jpg?resize=350%2C200&ssl=1","width":350,"height":200},"classes":[]}],"jetpack_likes_enabled":false,"_links":{"self":[{"href":"https:\/\/www.vnucka.sk\/index.php\/wp-json\/wp\/v2\/posts\/862"}],"collection":[{"href":"https:\/\/www.vnucka.sk\/index.php\/wp-json\/wp\/v2\/posts"}],"about":[{"href":"https:\/\/www.vnucka.sk\/index.php\/wp-json\/wp\/v2\/types\/post"}],"author":[{"embeddable":true,"href":"https:\/\/www.vnucka.sk\/index.php\/wp-json\/wp\/v2\/users\/1"}],"replies":[{"embeddable":true,"href":"https:\/\/www.vnucka.sk\/index.php\/wp-json\/wp\/v2\/comments?post=862"}],"version-history":[{"count":5,"href":"https:\/\/www.vnucka.sk\/index.php\/wp-json\/wp\/v2\/posts\/862\/revisions"}],"predecessor-version":[{"id":868,"href":"https:\/\/www.vnucka.sk\/index.php\/wp-json\/wp\/v2\/posts\/862\/revisions\/868"}],"wp:attachment":[{"href":"https:\/\/www.vnucka.sk\/index.php\/wp-json\/wp\/v2\/media?parent=862"}],"wp:term":[{"taxonomy":"category","embeddable":true,"href":"https:\/\/www.vnucka.sk\/index.php\/wp-json\/wp\/v2\/categories?post=862"},{"taxonomy":"post_tag","embeddable":true,"href":"https:\/\/www.vnucka.sk\/index.php\/wp-json\/wp\/v2\/tags?post=862"}],"curies":[{"name":"wp","href":"https:\/\/api.w.org\/{rel}","templated":true}]}}