{"id":940,"date":"2018-02-26T13:55:06","date_gmt":"2018-02-26T12:55:06","guid":{"rendered":"http:\/\/www.vnucka.sk\/?p=940"},"modified":"2018-11-28T21:05:44","modified_gmt":"2018-11-28T20:05:44","slug":"dakujem-babicka-moja","status":"publish","type":"post","link":"https:\/\/www.vnucka.sk\/index.php\/2018\/02\/26\/dakujem-babicka-moja\/","title":{"rendered":"\u010eAKUJEM BABI\u010cKA MOJA"},"content":{"rendered":"<p>Dnes som poc\u00edtila ve\u013ek\u00fa silu a oporu, ke\u010f ma moja babka Anka v \u017eivom vysielan\u00ed TELER\u00c1NA v Mark\u00edze chytila za ruku a pevne dr\u017eala, preto\u017ee c\u00edtila moju tr\u00e9mu. P\u00e1r sek\u00fand pred \u017eiv\u00fdm vstupom som sa cel\u00e1 chvela. B\u00e1la som sa, \u010di sa nezakokt\u00e1m, nestrat\u00edm my\u0161lienku \u010do chcem poveda\u0165 a \u010di poviem v\u0161etko dobre o projekte Vnu\u010dka. Bez babky Anky, by tento \u00fa\u017easn\u00fd projekt nezvnikol.\u00a0 \u010eAKUJEM BABI\u010cKA MOJA! Videjko pod fotografiou &#8230;<\/p>\n<p><img data-attachment-id=\"937\" data-permalink=\"https:\/\/www.vnucka.sk\/index.php\/vnucka-v-mediach\/fotomarkiza\/\" data-orig-file=\"https:\/\/www.vnucka.sk\/wp-content\/uploads\/2018\/02\/fotomarkiza.jpg\" data-orig-size=\"2102,2492\" data-comments-opened=\"1\" data-image-meta=\"{&quot;aperture&quot;:&quot;0&quot;,&quot;credit&quot;:&quot;static&quot;,&quot;camera&quot;:&quot;&quot;,&quot;caption&quot;:&quot;&quot;,&quot;created_timestamp&quot;:&quot;1519637292&quot;,&quot;copyright&quot;:&quot;&quot;,&quot;focal_length&quot;:&quot;0&quot;,&quot;iso&quot;:&quot;0&quot;,&quot;shutter_speed&quot;:&quot;0&quot;,&quot;title&quot;:&quot;&quot;,&quot;orientation&quot;:&quot;0&quot;}\" data-image-title=\"fotomarkiza\" data-image-description=\"\" data-image-caption=\"\" data-medium-file=\"https:\/\/www.vnucka.sk\/wp-content\/uploads\/2018\/02\/fotomarkiza-253x300.jpg\" data-large-file=\"https:\/\/www.vnucka.sk\/wp-content\/uploads\/2018\/02\/fotomarkiza-864x1024.jpg\" loading=\"lazy\" class=\"aligncenter size-full wp-image-937\" src=\"http:\/\/www.vnucka.sk\/wp-content\/uploads\/2018\/02\/fotomarkiza.jpg\" alt=\"\" width=\"2102\" height=\"2492\" srcset=\"https:\/\/www.vnucka.sk\/wp-content\/uploads\/2018\/02\/fotomarkiza.jpg 2102w, https:\/\/www.vnucka.sk\/wp-content\/uploads\/2018\/02\/fotomarkiza-253x300.jpg 253w, https:\/\/www.vnucka.sk\/wp-content\/uploads\/2018\/02\/fotomarkiza-768x910.jpg 768w, https:\/\/www.vnucka.sk\/wp-content\/uploads\/2018\/02\/fotomarkiza-864x1024.jpg 864w, https:\/\/www.vnucka.sk\/wp-content\/uploads\/2018\/02\/fotomarkiza-100x119.jpg 100w, https:\/\/www.vnucka.sk\/wp-content\/uploads\/2018\/02\/fotomarkiza-150x178.jpg 150w, https:\/\/www.vnucka.sk\/wp-content\/uploads\/2018\/02\/fotomarkiza-200x237.jpg 200w, https:\/\/www.vnucka.sk\/wp-content\/uploads\/2018\/02\/fotomarkiza-300x356.jpg 300w, https:\/\/www.vnucka.sk\/wp-content\/uploads\/2018\/02\/fotomarkiza-450x533.jpg 450w, https:\/\/www.vnucka.sk\/wp-content\/uploads\/2018\/02\/fotomarkiza-600x711.jpg 600w, https:\/\/www.vnucka.sk\/wp-content\/uploads\/2018\/02\/fotomarkiza-900x1067.jpg 900w\" sizes=\"(max-width: 2102px) 100vw, 2102px\" \/><br \/>\nNa\u0161e mal\u00e9 po\u010fakovanie &#8211; videjko<br \/>\n<div id=\"my_video_gallery_wrapper_21\" class=\"clearfix gallery-video-content\"\r\n     data-gallery-video-id=\"21\" data-gallery-video-perpage=\"5\">\r\n\t<div id=\"my_video_gallery_21\"\r\n\t     class=\"clearfix my_video_gallery view-justified\">\r\n\t\t<input type=\"hidden\" id=\"total\" value=\"1\"\/>\r\n\t\t\t\t\t\t<a class=\"vyoutube huge_it_videogallery_item group21\"\r\n\t\t\t\t   href=\"\/\/www.youtube.com\/embed\/EYS2yYoY0qk\"\r\n                   data-description=\"\"\r\n                   title=\"\u010eAKUJEM BABI\u010cKA MOJA\" data-id=\"29\">\r\n\t\t\t\t\t<img src=\"\/\/img.youtube.com\/vi\/EYS2yYoY0qk\/mqdefault.jpg\"\r\n\t\t\t\t\t     alt=\"\u010eAKUJEM BABI\u010cKA MOJA\"\/>\r\n\t\t\t\t\t<div class=\"play-icon youtube-icon\"><\/div>\r\n\t\t\t\t<\/a>\r\n\t\t\t\t<input type=\"hidden\" class=\"pagenum\" value=\"1\"\/>\r\n\t\t\t\t<\/div>\r\n\t<\/div><style>\r\n.justified-gallery {\r\n\twidth: 100%;\r\n\tposition: relative;\r\n\toverflow: hidden;\r\n}\r\n.justified-gallery > a,\r\n.justified-gallery > div {\r\n\tposition: absolute;\r\n\tdisplay: inline-block;\r\n\topacity: 0;\r\n\toverflow:hidden;\r\n\tfilter: alpha(opacity=0);\r\n\t\/* IE8 or Earlier *\/\r\n}\r\n.justified-gallery > a > img,\r\n.justified-gallery > div > img {\r\n\tposition: absolute;\r\n\ttop: 50%;\r\n\tleft: 50%;\r\n\tpadding: 0;\r\n}\r\n.justified-gallery > a > .caption,\r\n.justified-gallery > div > .caption {\r\n\twidth: 100%;\r\n\tdisplay: none;\r\n\tposition: absolute;\r\n\tbottom: 0;\r\n\tpadding: 5px;\r\n\tleft: 0;\r\n\tright: 0;\r\n\tmargin: 0;\r\n\tcolor: #3AD6FC;\r\n\tfont-size: 13px;\r\n\tfont-weight: 300;\r\n\tfont-family: sans-serif;\r\n\tbackground:rgba(255,28,28,0.9)  !important;\r\n\r\n\toverflow: hidden;\r\n\ttext-overflow: ellipsis;\r\n\twhite-space:nowrap;\r\n}\r\n.justified-gallery > a > .caption.caption-visible,\r\n.justified-gallery > div > .caption.caption-visible {\r\n\tdisplay: initial;\r\n\topacity: 0.7;\r\n\tfilter: \"alpha(opacity=70)\";\r\n\t\/* IE8 or Earlier *\/\r\n\t-webkit-animation: justified-gallery-show-caption-animation 500ms 0 ease;\r\n\t-moz-animation: justified-gallery-show-caption-animation 500ms 0 ease;\r\n\t-ms-animation: justified-gallery-show-caption-animation 500ms 0 ease;\r\n}\r\n.justified-gallery > .entry-visible {\r\n\topacity: 1.0;\r\n\tfilter: alpha(opacity=100);\r\n\t\/* IE8 or Earlier *\/\r\n\t-webkit-animation: justified-gallery-show-entry-animation 300ms 0 ease;\r\n\t-moz-animation: justified-gallery-show-entry-animation 300ms 0 ease;\r\n\t-ms-animation: justified-gallery-show-entry-animation 300ms 0 ease;\r\n\tborder: none !important;\r\n}\r\n.justified-gallery > .spinner {\r\n\tposition: absolute;\r\n\tbottom: 0;\r\n\tmargin-left: -24px;\r\n\tpadding: 10px 0 10px 0;\r\n\tleft: 50%;\r\n\topacity: initial;\r\n\tfilter: initial;\r\n\toverflow: initial;\r\n}\r\n.justified-gallery > .spinner > span {\r\n\tdisplay: inline-block;\r\n\topacity: 0;\r\n\tfilter: alpha(opacity=0);\r\n\t\/* IE8 or Earlier *\/\r\n\twidth: 8px;\r\n\theight: 8px;\r\n\tmargin: 0 4px 0 4px;\r\n\tbackground-color: #000;\r\n\tborder-top-left-radius: 6px;\r\n\tborder-top-right-radius: 6px;\r\n\tborder-bottom-right-radius: 6px;\r\n\tborder-bottom-left-radius: 6px;\r\n}\r\n.load_more2 {\r\n\tmargin: 10px 0;\r\n\tposition:relative;\r\n\ttext-align:center;\r\n\twidth:100%;\r\n}\r\n\r\n.load_more_button2 {\r\n\tborder-radius: 10px;\r\n\tdisplay:inline-block;\r\n\tpadding:5px 15px;\r\n\tfont-size:14px !important;;\r\n\tcolor:#FF1C1C !important;;\r\n\tbackground:#26A6FC !important;\r\n\tcursor:pointer;\r\n\r\n}\r\n.load_more_button2:hover{\r\n\tcolor:#FF4242 !important;\r\n\tbackground:#0FEFFF !important;\r\n}\r\n\r\n.loading2 {\r\n\tdisplay:none;\r\n}\r\n.paginate2{\r\n\tfont-size:18px !important;\r\n\tcolor:#26A6FC !important;\r\n\ttext-align: center;\r\n\tmargin-top: 25px;\r\n}\r\n.paginate2 a{\r\n\tborder-bottom: none !important;\r\n\tbox-shadow: none !important;\r\n}\r\n.icon-style2{\r\n\tfont-size: 18px !important;\r\n\tcolor:#26A6FC !important;\r\n}\r\n.clear{\r\n\tclear:both;\r\n}\r\n.play-icon {\r\n\tposition:absolute;\r\n\ttop:0;\r\n\tleft:0;\r\n\twidth:100%;\r\n\theight:100%;\r\n}\r\n\r\n.play-icon.youtube-icon {background:url(https:\/\/www.vnucka.sk\/wp-content\/plugins\/gallery-video\/assets\/images\/admin_images\/play.youtube.png) center center no-repeat;background-size:20%;}\r\n.play-icon.vimeo-icon {background:url(https:\/\/www.vnucka.sk\/wp-content\/plugins\/gallery-video\/assets\/images\/admin_images\/play.vimeo.png) center center no-repeat;background-size:20%;}\r\n\r\n<\/style><br \/>\n<div id=\"polls-27\" class=\"wp-polls\">\n\t<form id=\"polls_form_27\" class=\"wp-polls-form\" action=\"\/index.php\" method=\"post\">\n\t\t<p style=\"display: none;\"><input type=\"hidden\" id=\"poll_27_nonce\" name=\"wp-polls-nonce\" value=\"a88aae2507\" \/><\/p>\n\t\t<p style=\"display: none;\"><input type=\"hidden\" name=\"poll_id\" value=\"27\" \/><\/p>\n\t\t<p style=\"text-align: center\"><strong>Hodnotenie pr\u00edspevku :<\/strong><\/p><div id=\"polls-27-ans\" class=\"wp-polls-ans\"><ul class=\"wp-polls-ul\">\n\t\t<li><input type=\"radio\" id=\"poll-answer-83\" name=\"poll_27\" value=\"83\" \/> <label for=\"poll-answer-83\">\u00da\u017easn\u00fd obsah, pros\u00edm viac tak\u00fdch<\/label><\/li>\n\t\t<li><input type=\"radio\" id=\"poll-answer-84\" name=\"poll_27\" value=\"84\" \/> <label for=\"poll-answer-84\">V pohode ako relax na odreagovanie<\/label><\/li>\n\t\t<li><input type=\"radio\" id=\"poll-answer-85\" name=\"poll_27\" value=\"85\" \/> <label for=\"poll-answer-85\">Pr\u00edjemn\u00fd \u0161tandard, mo\u017eno trochu o\u017eivi\u0165<\/label><\/li>\n\t\t<\/ul>\r\n<p style=\"text-align: center\"><input type=\"button\" name=\"Hlasova\u0165\/Vote\" value=\"   Hlasova\u0165\/Vote   \" class=\"Buttons\" onclick=\"poll_vote(27);\" \/><\/p>\r\n<p style=\"text-align: center\"><a href=\"#ViewPollResults\" onclick=\"poll_result(27); return false;\" title=\"View Results Of This Poll\">Zobrazi\u0165 v\u00fdsledky\/Results<\/a><\/p>\r\n<\/div>\n\t<\/form>\n<\/div>\n<div id=\"polls-27-loading\" class=\"wp-polls-loading\"><img src=\"https:\/\/www.vnucka.sk\/wp-content\/plugins\/wp-polls\/images\/loading.gif\" width=\"16\" height=\"16\" alt=\"Loading ...\" title=\"Loading ...\" class=\"wp-polls-image\" \/>&nbsp;Loading ...<\/div>\n<\/p>\n","protected":false},"excerpt":{"rendered":"<p>Dnes som poc\u00edtila ve\u013ek\u00fa silu a oporu, ke\u010f ma moja babka Anka v \u017eivom vysielan\u00ed TELER\u00c1NA v Mark\u00edze chytila za ruku a pevne dr\u017eala, preto\u017ee c\u00edtila moju tr\u00e9mu. P\u00e1r sek\u00fand pred \u017eiv\u00fdm vstupom som sa cel\u00e1 chvela. B\u00e1la som sa, &hellip;<\/p>\n<p class=\"read-more\"> <a class=\"\" href=\"https:\/\/www.vnucka.sk\/index.php\/2018\/02\/26\/dakujem-babicka-moja\/\"> <span class=\"screen-reader-text\">\u010eAKUJEM BABI\u010cKA MOJA<\/span> Read More &raquo;<\/a><\/p>\n","protected":false},"author":1,"featured_media":0,"comment_status":"closed","ping_status":"open","sticky":false,"template":"","format":"standard","meta":{"jetpack_publicize_message":"","jetpack_is_tweetstorm":false,"jetpack_publicize_feature_enabled":true},"categories":[5],"tags":[],"jetpack_publicize_connections":[],"jetpack_featured_media_url":"","jetpack_sharing_enabled":true,"jetpack_shortlink":"https:\/\/wp.me\/p9gi65-fa","jetpack-related-posts":[{"id":1033,"url":"https:\/\/www.vnucka.sk\/index.php\/2018\/05\/02\/kollarovci-u-elenky-v-obyvacke\/","url_meta":{"origin":940,"position":0},"title":"Koll\u00e1rovci u Elenky v ob\u00fdva\u010dke !","date":"2. m\u00e1ja 2018","format":false,"excerpt":"\u010co to rastie bez kore\u0148a? \u010co to p\u00e1li bez plame\u0148a? \u010co to hr\u00e1 a struny nem\u00e1, \u010do to pla\u010de a slzy nem\u00e1? \u010clovek rastie bez kore\u0148a, slnko p\u00e1li bez plame\u0148a. Vietor hr\u00e1 a struny nem\u00e1, srdce pla\u010de, slzy nem\u00e1 ... N\u00e1dhern\u00fd de\u0148 v zajat\u00ed klav\u00edrnych t\u00f3nov, z ktor\u00fdch som mala\u2026","rel":"","context":"V &quot;be\u017en\u00fd \u017eivot&quot;","img":{"alt_text":"","src":"https:\/\/i0.wp.com\/www.vnucka.sk\/wp-content\/uploads\/2018\/05\/20180404_163441.jpg?resize=350%2C200","width":350,"height":200},"classes":[]},{"id":788,"url":"https:\/\/www.vnucka.sk\/index.php\/2018\/01\/10\/splneny-sen-kollarovci\/","url_meta":{"origin":940,"position":1},"title":"Splnen\u00fd sen &#8211; Koll\u00e1rovci","date":"10. janu\u00e1ra 2018","format":false,"excerpt":"Do roku 2018 sme vykro\u010dili s dobr\u00fdm pocitom splnen\u00e9ho \u017eelania babi\u010dke Ane\u017eke, pre ktor\u00fa vysn\u00edvala jej kamar\u00e1tka babi\u010dka Anka n\u00e1v\u0161tevu koncertu popul\u00e1rnych Koll\u00e1rovcov! Ane\u017eka v mladosti akt\u00edvne p\u00f4sobila vo folkl\u00f3rnom a spev\u00e1ckom s\u00fabore a rados\u0165 v jej o\u010diach po\u010das koncertu ako aj v nasleduj\u00face dni sa ned\u00e1 ani slovami op\u00edsa\u0165\u2026","rel":"","context":"V &quot;be\u017en\u00fd \u017eivot&quot;","img":{"alt_text":"","src":"https:\/\/i0.wp.com\/www.vnucka.sk\/wp-content\/uploads\/2018\/01\/kollarovci.jpg?resize=350%2C200","width":350,"height":200},"classes":[]},{"id":562,"url":"https:\/\/www.vnucka.sk\/index.php\/2017\/11\/15\/4-seniors-beauty-day\/","url_meta":{"origin":940,"position":2},"title":"De\u0148 kr\u00e1sy pre babi\u010dky","date":"15. novembra 2017","format":false,"excerpt":"Jeden kr\u00e1sny novembrov\u00fd de\u0148 sa moje babi\u010dky zi\u0161li na\u00a0 \"d\u00e1mskom\" dejch\u00e1nku u babky Anky, kde ich \u010dakali \u00fa\u017easn\u00e9 kozmeti\u010dky \u013dubka a Danielka, ktor\u00e9 ich cel\u00e9 doobedie rozmazn\u00e1vali ako kr\u00e1\u013eovn\u00e9. Nech\u00fdbala mas\u00e1\u017ena podlo\u017eka na kresle, v\u0161akovak\u00e9 dobroty, skvel\u00e1 n\u00e1lada ... a \u017ee sa veru d\u00e1my odviazali a zabavili ! Tak dobre\u2026","rel":"","context":"V &quot;be\u017en\u00fd \u017eivot&quot;","img":{"alt_text":"","src":"https:\/\/i0.wp.com\/www.vnucka.sk\/wp-content\/uploads\/2017\/11\/20171113_110129-1024x576.jpg?resize=350%2C200","width":350,"height":200},"classes":[]},{"id":1143,"url":"https:\/\/www.vnucka.sk\/index.php\/2018\/10\/10\/vnucka-je-socialny-cin-roku-2018\/","url_meta":{"origin":940,"position":3},"title":"Vnu\u010dka je soci\u00e1lny \u010din roku 2018!","date":"10. okt\u00f3bra 2018","format":false,"excerpt":"V t\u00fdchto d\u0148och oslavuje Vnu\u010dka.sk, ktor\u00e1 vytv\u00e1ra RODINU pre osamel\u00fdch seniorov svoje prv\u00e9 v\u00fdro\u010die priatelia ... 9. okt\u00f3ber 2018 mi zostane nav\u017edy zap\u00edsan\u00fd v ka\u017edej bunke, preto\u017ee sa mi ani nesn\u00edvalo, \u017ee presne o ROK, kedy som nesmelo v oktobri 2017 publikovala prv\u00fd pr\u00edspevok o dedkovi Tiborovi, ktor\u00fd ma in\u0161piroval,\u2026","rel":"","context":"V &quot;be\u017en\u00fd \u017eivot&quot;","img":{"alt_text":"","src":"https:\/\/i0.wp.com\/www.vnucka.sk\/wp-content\/uploads\/2018\/10\/43623075_10155927926977709_900662471696580608_n.jpg?resize=350%2C200","width":350,"height":200},"classes":[]},{"id":731,"url":"https:\/\/www.vnucka.sk\/index.php\/2017\/12\/15\/grilasky\/","url_meta":{"origin":940,"position":4},"title":"Gril\u00e1\u0161kov\u00e1 p\u00e1rty","date":"15. decembra 2017","format":false,"excerpt":"Vianoce bez gril\u00e1\u0161ok z origin\u00e1lneho starod\u00e1vneho receptu ? Tak to ani n\u00e1hodou ... Babi\u010dka Anka ako \u0161\u00e9f cukr\u00e1rka, dedu\u0161ko Milan ako znalec ochutn\u00e1va\u010d, babi\u010dka Terka ako odborn\u00fd dozor a vnu\u010dka Janka - v\u0161etci v plnom nasaden\u00ed! Tak\u00e9 vynikaj\u00face gril\u00e1\u0161ky som e\u0161te sn\u00e1\u010f nejedla. Kr\u00e1sny predviano\u010dn\u00fd \u010das \u017eel\u00e1m a \u010fakujem mil\u00ed\u2026","rel":"","context":"V &quot;be\u017en\u00fd \u017eivot&quot;","img":{"alt_text":"","src":"https:\/\/i0.wp.com\/www.vnucka.sk\/wp-content\/uploads\/2017\/12\/20171212_125338-1024x576.jpg?resize=350%2C200","width":350,"height":200},"classes":[]},{"id":862,"url":"https:\/\/www.vnucka.sk\/index.php\/2018\/02\/07\/vylet-nielen-do-historie-s-milanom\/","url_meta":{"origin":940,"position":5},"title":"V\u00fdlet (nielen) do hist\u00f3rie s Milanom","date":"7. febru\u00e1ra 2018","format":false,"excerpt":"Obetav\u00fd 82r. dedu\u0161ko Milan, ktor\u00fd tr\u00e1vi st\u00e1le \u010das doma so svojou u\u017e \u0165a\u017e\u0161ie pohyblivou man\u017eelkou, sa v mojom sprievode na chv\u00ed\u013eu vybral zaspom\u00edna\u0165 na \u010dasy, ke\u010f bol mal\u00fd chlapec a kon\u010dila II. svetov\u00e1 vojna ... \u010eakujem predstavite\u013eom a ob\u010danom obce Miezgovce, za priate\u013esk\u00e9 prijatie a n\u00e1dhern\u00fd v\u00fdklad hist\u00f3rie b\u00e1nov\u010danky 85r.\u2026","rel":"","context":"V &quot;be\u017en\u00fd \u017eivot&quot;","img":{"alt_text":"","src":"https:\/\/i0.wp.com\/www.vnucka.sk\/wp-content\/uploads\/2018\/02\/fotkamiezgovce.jpg?resize=350%2C200","width":350,"height":200},"classes":[]}],"jetpack_likes_enabled":false,"_links":{"self":[{"href":"https:\/\/www.vnucka.sk\/index.php\/wp-json\/wp\/v2\/posts\/940"}],"collection":[{"href":"https:\/\/www.vnucka.sk\/index.php\/wp-json\/wp\/v2\/posts"}],"about":[{"href":"https:\/\/www.vnucka.sk\/index.php\/wp-json\/wp\/v2\/types\/post"}],"author":[{"embeddable":true,"href":"https:\/\/www.vnucka.sk\/index.php\/wp-json\/wp\/v2\/users\/1"}],"replies":[{"embeddable":true,"href":"https:\/\/www.vnucka.sk\/index.php\/wp-json\/wp\/v2\/comments?post=940"}],"version-history":[{"count":4,"href":"https:\/\/www.vnucka.sk\/index.php\/wp-json\/wp\/v2\/posts\/940\/revisions"}],"predecessor-version":[{"id":944,"href":"https:\/\/www.vnucka.sk\/index.php\/wp-json\/wp\/v2\/posts\/940\/revisions\/944"}],"wp:attachment":[{"href":"https:\/\/www.vnucka.sk\/index.php\/wp-json\/wp\/v2\/media?parent=940"}],"wp:term":[{"taxonomy":"category","embeddable":true,"href":"https:\/\/www.vnucka.sk\/index.php\/wp-json\/wp\/v2\/categories?post=940"},{"taxonomy":"post_tag","embeddable":true,"href":"https:\/\/www.vnucka.sk\/index.php\/wp-json\/wp\/v2\/tags?post=940"}],"curies":[{"name":"wp","href":"https:\/\/api.w.org\/{rel}","templated":true}]}}