{"id":968,"date":"2018-03-09T06:59:51","date_gmt":"2018-03-09T05:59:51","guid":{"rendered":"http:\/\/www.vnucka.sk\/?p=968"},"modified":"2018-11-28T21:05:27","modified_gmt":"2018-11-28T20:05:27","slug":"vnucka-v-reflexe-k-mdz","status":"publish","type":"post","link":"https:\/\/www.vnucka.sk\/index.php\/2018\/03\/09\/vnucka-v-reflexe-k-mdz\/","title":{"rendered":"Vnu\u010dka v Reflexe k MD\u017d"},"content":{"rendered":"<p>Na kr\u00e1sny medzin\u00e1rodn\u00fd de\u0148 \u017eien odvysielala TV Mark\u00edza rel\u00e1ciu Reflex, kde je report\u00e1\u017e nielen s Vnu\u010dkou Jankou ale aj niektor\u00fdmi adoptovan\u00fdmi babi\u010dkami, ktor\u00fdm je vnu\u010dkou &#8230;<br \/>\nTu je z\u00e1znam rel\u00e1cie z arch\u00edvu TV Mark\u00edza.<\/p>\n<p><a href=\"https:\/\/www.youtube.com\/watch?v=69lcE22EnH0&amp;feature=youtu.be\" target=\"_blank\" rel=\"noopener\"><img data-attachment-id=\"965\" data-permalink=\"https:\/\/www.vnucka.sk\/index.php\/vnucka-v-mediach\/reflex\/\" data-orig-file=\"https:\/\/www.vnucka.sk\/wp-content\/uploads\/2018\/03\/reflex.jpg\" data-orig-size=\"700,394\" data-comments-opened=\"1\" data-image-meta=\"{&quot;aperture&quot;:&quot;0&quot;,&quot;credit&quot;:&quot;&quot;,&quot;camera&quot;:&quot;&quot;,&quot;caption&quot;:&quot;&quot;,&quot;created_timestamp&quot;:&quot;0&quot;,&quot;copyright&quot;:&quot;&quot;,&quot;focal_length&quot;:&quot;0&quot;,&quot;iso&quot;:&quot;0&quot;,&quot;shutter_speed&quot;:&quot;0&quot;,&quot;title&quot;:&quot;&quot;,&quot;orientation&quot;:&quot;0&quot;}\" data-image-title=\"reflex\" data-image-description=\"\" data-image-caption=\"\" data-medium-file=\"https:\/\/www.vnucka.sk\/wp-content\/uploads\/2018\/03\/reflex-300x169.jpg\" data-large-file=\"https:\/\/www.vnucka.sk\/wp-content\/uploads\/2018\/03\/reflex.jpg\" loading=\"lazy\" class=\"aligncenter size-full wp-image-965\" src=\"http:\/\/www.vnucka.sk\/wp-content\/uploads\/2018\/03\/reflex.jpg\" alt=\"\" width=\"700\" height=\"394\" srcset=\"https:\/\/www.vnucka.sk\/wp-content\/uploads\/2018\/03\/reflex.jpg 700w, https:\/\/www.vnucka.sk\/wp-content\/uploads\/2018\/03\/reflex-300x169.jpg 300w, https:\/\/www.vnucka.sk\/wp-content\/uploads\/2018\/03\/reflex-100x56.jpg 100w, https:\/\/www.vnucka.sk\/wp-content\/uploads\/2018\/03\/reflex-150x84.jpg 150w, https:\/\/www.vnucka.sk\/wp-content\/uploads\/2018\/03\/reflex-200x113.jpg 200w, https:\/\/www.vnucka.sk\/wp-content\/uploads\/2018\/03\/reflex-450x253.jpg 450w, https:\/\/www.vnucka.sk\/wp-content\/uploads\/2018\/03\/reflex-600x338.jpg 600w\" sizes=\"(max-width: 700px) 100vw, 700px\" \/><\/a><br \/>\n<div id=\"polls-29\" class=\"wp-polls\">\n\t<form id=\"polls_form_29\" class=\"wp-polls-form\" action=\"\/index.php\" method=\"post\">\n\t\t<p style=\"display: none;\"><input type=\"hidden\" id=\"poll_29_nonce\" name=\"wp-polls-nonce\" value=\"3d8afeb76e\" \/><\/p>\n\t\t<p style=\"display: none;\"><input type=\"hidden\" name=\"poll_id\" value=\"29\" \/><\/p>\n\t\t<p style=\"text-align: center\"><strong>Hodnotenie pr\u00edspevku :<\/strong><\/p><div id=\"polls-29-ans\" class=\"wp-polls-ans\"><ul class=\"wp-polls-ul\">\n\t\t<li><input type=\"radio\" id=\"poll-answer-89\" name=\"poll_29\" value=\"89\" \/> <label for=\"poll-answer-89\">\u00da\u017easn\u00fd obsah, pros\u00edm viac tak\u00fdch<\/label><\/li>\n\t\t<li><input type=\"radio\" id=\"poll-answer-90\" name=\"poll_29\" value=\"90\" \/> <label for=\"poll-answer-90\">V pohode ako relax na odreagovanie<\/label><\/li>\n\t\t<li><input type=\"radio\" id=\"poll-answer-91\" name=\"poll_29\" value=\"91\" \/> <label for=\"poll-answer-91\">Pr\u00edjemn\u00fd \u0161tandard, mo\u017eno trochu o\u017eivi\u0165<\/label><\/li>\n\t\t<\/ul>\r\n<p style=\"text-align: center\"><input type=\"button\" name=\"Hlasova\u0165\/Vote\" value=\"   Hlasova\u0165\/Vote   \" class=\"Buttons\" onclick=\"poll_vote(29);\" \/><\/p>\r\n<p style=\"text-align: center\"><a href=\"#ViewPollResults\" onclick=\"poll_result(29); return false;\" title=\"View Results Of This Poll\">Zobrazi\u0165 v\u00fdsledky\/Results<\/a><\/p>\r\n<\/div>\n\t<\/form>\n<\/div>\n<div id=\"polls-29-loading\" class=\"wp-polls-loading\"><img src=\"https:\/\/www.vnucka.sk\/wp-content\/plugins\/wp-polls\/images\/loading.gif\" width=\"16\" height=\"16\" alt=\"Loading ...\" title=\"Loading ...\" class=\"wp-polls-image\" \/>&nbsp;Loading ...<\/div>\n<\/p>\n","protected":false},"excerpt":{"rendered":"<p>Na kr\u00e1sny medzin\u00e1rodn\u00fd de\u0148 \u017eien odvysielala TV Mark\u00edza rel\u00e1ciu Reflex, kde je report\u00e1\u017e nielen s Vnu\u010dkou Jankou ale aj niektor\u00fdmi adoptovan\u00fdmi babi\u010dkami, ktor\u00fdm je vnu\u010dkou &#8230; Tu je z\u00e1znam rel\u00e1cie z arch\u00edvu TV Mark\u00edza.<\/p>\n","protected":false},"author":1,"featured_media":0,"comment_status":"closed","ping_status":"open","sticky":false,"template":"","format":"standard","meta":{"jetpack_publicize_message":"","jetpack_is_tweetstorm":false,"jetpack_publicize_feature_enabled":true},"categories":[5],"tags":[],"jetpack_publicize_connections":[],"jetpack_featured_media_url":"","jetpack_sharing_enabled":true,"jetpack_shortlink":"https:\/\/wp.me\/p9gi65-fC","jetpack-related-posts":[{"id":2088,"url":"https:\/\/www.vnucka.sk\/index.php\/2019\/12\/17\/skvele-rano-v-telerano\/","url_meta":{"origin":968,"position":0},"title":"Skvel\u00e9 r\u00e1no v TELER\u00c1NO","date":"17. decembra 2019","format":false,"excerpt":"Rovnako skvel\u00e9 ako kni\u017eka Profesion\u00e1lna vnu\u010dka, v ktorej n\u00e1jdete ve\u013ea \u017eivotnej pravdy, my\u0161lienky nad ktor\u00fdmi budete dlho prem\u00fd\u0161\u013ea\u0165, vesel\u00e9 pr\u00edbehy ale aj n\u00e1vody na to, ako neuviaznu\u0165 v PASCI OSAMELOSTI... Nikto z n\u00e1s predsa net\u00fa\u017ei \u017ei\u0165, ani zostarn\u00fa\u0165 s\u00e1m...\ud83d\udc94\ud83d\udc94\ud83d\udc94 Anka s Elenkou si n\u00e1v\u0161tevu popul\u00e1rnej telev\u00edzie Mark\u00edza u\u017eili, spoznali na\u017eivo\u2026","rel":"","context":"V &quot;be\u017en\u00fd \u017eivot&quot;","img":{"alt_text":"","src":"https:\/\/i0.wp.com\/www.vnucka.sk\/wp-content\/uploads\/2019\/12\/IMG_6643-1.jpg?resize=350%2C200&ssl=1","width":350,"height":200},"classes":[]},{"id":2400,"url":"https:\/\/www.vnucka.sk\/index.php\/2021\/12\/19\/radosti-nie-je-nikdy-dost\/","url_meta":{"origin":968,"position":1},"title":"Radosti nie je nikdy dos\u0165","date":"19. decembra 2021","format":false,"excerpt":"Radosti z dar\u010dekov nie je nikdy dos\u0165 a dobr\u00fdch srdie\u010dok, ktor\u00e9 myslia aj na ostatn\u00fdch, je st\u00e1le viac. N\u00e1dhern\u00e9, bohat\u00e9 a kreat\u00edvne bal\u00ed\u010dky pre osamel\u00fdch seniorov z projektu Vnu\u010dka, aj tento rok pripravili dobr\u00ed \u013eu\u010fia, bl\u00edzki a priatelia skvelej Alexandry Nikovej.Ve\u013ek\u00e9 \u010eAKUJEME","rel":"","context":"V &quot;be\u017en\u00fd \u017eivot&quot;","img":{"alt_text":"","src":"https:\/\/i0.wp.com\/www.vnucka.sk\/wp-content\/uploads\/2021\/12\/radostzdarcekov.jpg?resize=350%2C200&ssl=1","width":350,"height":200},"classes":[]},{"id":2386,"url":"https:\/\/www.vnucka.sk\/index.php\/2021\/11\/11\/tajny-recept\/","url_meta":{"origin":968,"position":2},"title":"Tajn\u00fd recept","date":"11. novembra 2021","format":false,"excerpt":"Jedli ste u\u017e niekedy podom\u00e1cky vyroben\u00fd syr? Aj v\u010faka m\u00f4jmu vnu\u010dkovaniu sa mi po\u0161\u0165astilo nielen tak\u00fdto syr jes\u0165, ale v\u010faka babi\u010dke Alenke aj vlastnoru\u010dne vyrobi\u0165 a bol to ve\u013ek\u00fd z\u00e1\u017eitok. Alenka je vidiecka seniorka, \u017eij\u00faca na lazoch, kde v relat\u00edvne dobrom zdrav\u00ed \u017eije u\u017e 79 rok. Bli\u017e\u0161ie ur\u010denie miesta neuv\u00e1dzam,\u2026","rel":"","context":"V &quot;be\u017en\u00fd \u017eivot&quot;","img":{"alt_text":"","src":"https:\/\/i0.wp.com\/www.vnucka.sk\/wp-content\/uploads\/2021\/12\/syrpriroda.jpg?resize=350%2C200&ssl=1","width":350,"height":200},"classes":[]},{"id":1208,"url":"https:\/\/www.vnucka.sk\/index.php\/2018\/10\/24\/vnucka-sk-je-ocenena-senior-friendly\/","url_meta":{"origin":968,"position":3},"title":"Vnu\u010dka.sk je ocenen\u00e1 SENIOR FRIENDLY","date":"24. okt\u00f3bra 2018","format":false,"excerpt":"SME SENIOR FRIENDLY \ud83c\udf1e Nov\u00e9 priate\u013estvo s Klub Luna o.z. a Bagar o.z, ktor\u00ed ka\u017edoro\u010dne pod taktovkou p\u00e1na PhDr. Milo\u0161a Neme\u010deka oce\u0148uj\u00fa in\u00fdch v Zichyho pala\u00e1ci Bratislava za pr\u00ednos do \u017eivota seniorov, n\u00e1s pr\u00edjemne povzbudilo \u2764\ufe0f\u2764\ufe0f\u2764\ufe0f. Te\u0161\u00edme sa ve\u013emi na spolupr\u00e1cu! ... Maestro Du\u0161an Gr\u00fa\u0148, spev\u00e1k s ve\u013ekou charizmou, sprev\u00e1dza\u2026","rel":"","context":"V &quot;be\u017en\u00fd \u017eivot&quot;","img":{"alt_text":"","src":"https:\/\/i0.wp.com\/www.vnucka.sk\/wp-content\/uploads\/2018\/10\/44490421_334716327295105_5687632895817023488_n.jpg?resize=350%2C200","width":350,"height":200},"classes":[]},{"id":1966,"url":"https:\/\/www.vnucka.sk\/index.php\/2019\/10\/15\/tam-kde-je-vzdy-veselo\/","url_meta":{"origin":968,"position":4},"title":"Tam, kde je v\u017edy veselo","date":"15. okt\u00f3bra 2019","format":false,"excerpt":"Ke\u010f sa stretn\u00fa nad\u0161en\u00ed \u013eudia dobrej v\u00f4le, ni\u010d ich nezastav\u00ed v pl\u00e1ne dopravi\u0165 sa na 3 aut\u00e1ch do domova pre seniorov Pokoj a Zdravie v Nitrianskej Strede a roztancova\u0165 v\u0161etk\u00fdch vr\u00e1tane person\u00e1lu \u010di seniorov na voz\u00edkoch! Ve\u013ek\u00e9 \u010eAKUJEM patr\u00ed dobrovo\u013en\u00ed\u010dkam \u010cerven\u00e9ho kr\u00ed\u017ea B\u00e1novce nad Bebravou pod veden\u00edm MUDr. Hoffmanovej a\u2026","rel":"","context":"V &quot;be\u017en\u00fd \u017eivot&quot;","img":{"alt_text":"","src":"https:\/\/i0.wp.com\/www.vnucka.sk\/wp-content\/uploads\/2019\/10\/20191003_082802.jpg?resize=350%2C200&ssl=1","width":350,"height":200},"classes":[]},{"id":2373,"url":"https:\/\/www.vnucka.sk\/index.php\/2021\/09\/13\/burat-ci-neburat\/","url_meta":{"origin":968,"position":5},"title":"B\u00fara\u0165 \u010di neb\u00fara\u0165","date":"13. septembra 2021","format":false,"excerpt":"Ke\u010f sa baba nud\u00ed, star\u00fd veche\u0165 ob\u0161\u00edva. T\u00fdmito slovami ma priv\u00edtal sedemdestiatnik dedu\u0161ko Jozef, ne\u0161\u0165astne ukazuj\u00fac na mohutn\u00fd kamenn\u00fd krb, ktor\u00fd bol dominantou miestnosti nieko\u013eko desa\u0165ro\u010d\u00ed. Staval ho jeho otec so svojim otcom. U\u017e sa v \u0148om dobr\u00fdch 10 rokov nezak\u00farilo a z dolniakov od Lev\u00edc ide vzdialen\u00e1 rodina k\u2026","rel":"","context":"V &quot;be\u017en\u00fd \u017eivot&quot;","img":{"alt_text":"","src":"https:\/\/i0.wp.com\/www.vnucka.sk\/wp-content\/uploads\/2021\/10\/krb.jpg?resize=350%2C200&ssl=1","width":350,"height":200},"classes":[]}],"jetpack_likes_enabled":false,"_links":{"self":[{"href":"https:\/\/www.vnucka.sk\/index.php\/wp-json\/wp\/v2\/posts\/968"}],"collection":[{"href":"https:\/\/www.vnucka.sk\/index.php\/wp-json\/wp\/v2\/posts"}],"about":[{"href":"https:\/\/www.vnucka.sk\/index.php\/wp-json\/wp\/v2\/types\/post"}],"author":[{"embeddable":true,"href":"https:\/\/www.vnucka.sk\/index.php\/wp-json\/wp\/v2\/users\/1"}],"replies":[{"embeddable":true,"href":"https:\/\/www.vnucka.sk\/index.php\/wp-json\/wp\/v2\/comments?post=968"}],"version-history":[{"count":3,"href":"https:\/\/www.vnucka.sk\/index.php\/wp-json\/wp\/v2\/posts\/968\/revisions"}],"predecessor-version":[{"id":972,"href":"https:\/\/www.vnucka.sk\/index.php\/wp-json\/wp\/v2\/posts\/968\/revisions\/972"}],"wp:attachment":[{"href":"https:\/\/www.vnucka.sk\/index.php\/wp-json\/wp\/v2\/media?parent=968"}],"wp:term":[{"taxonomy":"category","embeddable":true,"href":"https:\/\/www.vnucka.sk\/index.php\/wp-json\/wp\/v2\/categories?post=968"},{"taxonomy":"post_tag","embeddable":true,"href":"https:\/\/www.vnucka.sk\/index.php\/wp-json\/wp\/v2\/tags?post=968"}],"curies":[{"name":"wp","href":"https:\/\/api.w.org\/{rel}","templated":true}]}}